{"id":3224,"date":"2024-10-25T07:04:20","date_gmt":"2024-10-25T07:04:20","guid":{"rendered":"https:\/\/medvegjasot.com\/?p=3224"},"modified":"2024-10-29T09:48:21","modified_gmt":"2024-10-29T09:48:21","slug":"protesta-e-radhes-ne-medvegje-3-nentor-2024-ora-1300-kthema-adresen","status":"publish","type":"post","link":"https:\/\/medvegjasot.com\/?p=3224","title":{"rendered":"Protesta e radh\u00ebs n\u00eb Medvegj\u00eb, 3 dhjetor 2024, ora 13:00 &#8211; KTHEMA ADRES\u00cbN!"},"content":{"rendered":"\n<p>Kryetari i K\u00ebshillit Komb\u00ebtar Shqiptar n\u00eb Lugin\u00ebn e Preshev\u00ebs, z, Navzad Lutfiu, ka njoftuar p\u00ebr protest\u00ebn e radh\u00ebs n\u00eb Medvegj\u00eb, m\u00eb 3 dhjetor 2024, ora 13:00, para Stacionit Policor. P\u00ebr mij\u00ebra qytetar\u00eb t\u00eb pasivizuar!<\/p>\n\n\n\n<figure class=\"wp-block-gallery has-nested-images columns-default is-cropped wp-block-gallery-1 is-layout-flex wp-block-gallery-is-layout-flex\">\n<figure class=\"wp-block-image size-large\"><img fetchpriority=\"high\" decoding=\"async\" width=\"1024\" height=\"576\" data-id=\"2749\" src=\"https:\/\/medvegjasot.com\/wp-content\/uploads\/2024\/09\/photo-output-24-1024x576.jpeg\" alt=\"\" class=\"wp-image-2749\" srcset=\"https:\/\/medvegjasot.com\/wp-content\/uploads\/2024\/09\/photo-output-24-1024x576.jpeg 1024w, https:\/\/medvegjasot.com\/wp-content\/uploads\/2024\/09\/photo-output-24-300x169.jpeg 300w, https:\/\/medvegjasot.com\/wp-content\/uploads\/2024\/09\/photo-output-24-768x432.jpeg 768w, https:\/\/medvegjasot.com\/wp-content\/uploads\/2024\/09\/photo-output-24-1536x864.jpeg 1536w, https:\/\/medvegjasot.com\/wp-content\/uploads\/2024\/09\/photo-output-24.jpeg 2016w\" sizes=\"(max-width: 1024px) 100vw, 1024px\" \/><\/figure>\n\n\n\n<figure class=\"wp-block-image size-large\"><img decoding=\"async\" width=\"1024\" height=\"683\" data-id=\"2922\" src=\"https:\/\/medvegjasot.com\/wp-content\/uploads\/2024\/09\/IMG_6994-1024x683.jpeg\" alt=\"\" class=\"wp-image-2922\" srcset=\"https:\/\/medvegjasot.com\/wp-content\/uploads\/2024\/09\/IMG_6994-1024x683.jpeg 1024w, https:\/\/medvegjasot.com\/wp-content\/uploads\/2024\/09\/IMG_6994-300x200.jpeg 300w, https:\/\/medvegjasot.com\/wp-content\/uploads\/2024\/09\/IMG_6994-768x512.jpeg 768w, https:\/\/medvegjasot.com\/wp-content\/uploads\/2024\/09\/IMG_6994-1536x1025.jpeg 1536w, https:\/\/medvegjasot.com\/wp-content\/uploads\/2024\/09\/IMG_6994-600x400.jpeg 600w, https:\/\/medvegjasot.com\/wp-content\/uploads\/2024\/09\/IMG_6994.jpeg 2048w\" sizes=\"(max-width: 1024px) 100vw, 1024px\" \/><\/figure>\n<\/figure>\n\n\n\n<p><\/p>\n\n\n\n<p>N\u00eb Medvegj\u00eb p\u00ebr t\u00eb k\u00ebrkuar drejt\u00ebsi dhe kthimin e adresave t\u00eb pasivizuara padrejt\u00ebsisht! Nuk mund t\u00eb lejojm\u00eb q\u00eb qytetar\u00ebt tan\u00eb t\u00eb humbasin t\u00eb drejt\u00ebn e identitetit dhe vetekzistenc\u00ebs n\u00eb vendin e tyre.<\/p>\n\n\n\n<figure class=\"wp-block-image size-large\"><img decoding=\"async\" width=\"1024\" height=\"1024\" src=\"https:\/\/medvegjasot.com\/wp-content\/uploads\/2024\/10\/IMG_8879-1024x1024.jpeg\" alt=\"\" class=\"wp-image-3225\" srcset=\"https:\/\/medvegjasot.com\/wp-content\/uploads\/2024\/10\/IMG_8879-1024x1024.jpeg 1024w, https:\/\/medvegjasot.com\/wp-content\/uploads\/2024\/10\/IMG_8879-300x300.jpeg 300w, https:\/\/medvegjasot.com\/wp-content\/uploads\/2024\/10\/IMG_8879-150x150.jpeg 150w, https:\/\/medvegjasot.com\/wp-content\/uploads\/2024\/10\/IMG_8879-768x768.jpeg 768w, https:\/\/medvegjasot.com\/wp-content\/uploads\/2024\/10\/IMG_8879-1536x1536.jpeg 1536w, https:\/\/medvegjasot.com\/wp-content\/uploads\/2024\/10\/IMG_8879.jpeg 2048w\" sizes=\"(max-width: 1024px) 100vw, 1024px\" \/><\/figure>\n\n\n\n<p>Kjo protest\u00eb \u00ebsht\u00eb kund\u00ebr diskriminimit dhe p\u00ebr t&#8217;i rikthyer \u00e7do shqiptari t\u00eb drejt\u00ebn e tij p\u00ebr t\u00eb jetuar dhe ekzistuar n\u00eb vendlindje.<\/p>\n\n\n\n<p>Mos hesht! Bashkohu p\u00ebr identitetin dhe dinjitetin ton\u00eb! Ka shkruar n\u00eb rrjetin e tij social Facebook Ragmi Mustafi, ish-kryetar i K\u00ebshillit Komb\u00ebtar Shqiptar.<\/p>\n\n\n\n<figure class=\"wp-block-embed is-type-wp-embed is-provider-medvegja-sot wp-block-embed-medvegja-sot\"><div class=\"wp-block-embed__wrapper\">\n<blockquote class=\"wp-embedded-content\" data-secret=\"KoG3L9hMJ7\"><a href=\"https:\/\/medvegjasot.com\/?p=2936\">SI \u00cbSHT\u00cb T\u00cb JESH SHQIPTAR N\u00cb SERBI?<\/a><\/blockquote><iframe class=\"wp-embedded-content\" sandbox=\"allow-scripts\" security=\"restricted\" style=\"position: absolute; visibility: hidden;\" title=\"&#8220;SI \u00cbSHT\u00cb T\u00cb JESH SHQIPTAR N\u00cb SERBI?&#8221; &#8212; Medvegja Sot\" src=\"https:\/\/medvegjasot.com\/?p=2936&#038;embed=true#?secret=gLIKNIDLFE#?secret=KoG3L9hMJ7\" data-secret=\"KoG3L9hMJ7\" width=\"600\" height=\"338\" frameborder=\"0\" marginwidth=\"0\" marginheight=\"0\" scrolling=\"no\"><\/iframe>\n<\/div><\/figure>\n\n\n\n<p><\/p>\n","protected":false},"excerpt":{"rendered":"<p>Kryetari i K\u00ebshillit Komb\u00ebtar Shqiptar n\u00eb Lugin\u00ebn e Preshev\u00ebs, z, Navzad Lutfiu, ka njoftuar p\u00ebr protest\u00ebn e radh\u00ebs n\u00eb Medvegj\u00eb, m\u00eb 3 dhjetor 2024, ora 13:00, para Stacionit Policor. P\u00ebr mij\u00ebra qytetar\u00eb t\u00eb pasivizuar! N\u00eb Medvegj\u00eb p\u00ebr t\u00eb k\u00ebrkuar drejt\u00ebsi dhe kthimin e adresave t\u00eb pasivizuara padrejt\u00ebsisht! Nuk mund t\u00eb lejojm\u00eb q\u00eb qytetar\u00ebt tan\u00eb t\u00eb&#8230;<\/p>\n","protected":false},"author":2,"featured_media":3229,"comment_status":"open","ping_status":"open","sticky":false,"template":"","format":"standard","meta":{"_coblocks_attr":"","_coblocks_dimensions":"","_coblocks_responsive_height":"","_coblocks_accordion_ie_support":"","_monsterinsights_skip_tracking":false,"_monsterinsights_sitenote_active":false,"_monsterinsights_sitenote_note":"","_monsterinsights_sitenote_category":0,"footnotes":""},"categories":[14],"tags":[],"class_list":["post-3224","post","type-post","status-publish","format-standard","has-post-thumbnail","hentry","category-lajme"],"yoast_head":"<!-- This site is optimized with the Yoast SEO plugin v27.5 - https:\/\/yoast.com\/product\/yoast-seo-wordpress\/ -->\n<title>Protesta e radh\u00ebs n\u00eb Medvegj\u00eb, 3 dhjetor 2024, ora 13:00 - KTHEMA ADRES\u00cbN! - Medvegja Sot<\/title>\n<meta name=\"robots\" content=\"index, follow, max-snippet:-1, max-image-preview:large, max-video-preview:-1\" \/>\n<link rel=\"canonical\" href=\"https:\/\/medvegjasot.com\/?p=3224\" \/>\n<meta property=\"og:locale\" content=\"en_US\" \/>\n<meta property=\"og:type\" content=\"article\" \/>\n<meta property=\"og:title\" content=\"Protesta e radh\u00ebs n\u00eb Medvegj\u00eb, 3 dhjetor 2024, ora 13:00 - KTHEMA ADRES\u00cbN! - Medvegja Sot\" \/>\n<meta property=\"og:description\" content=\"Kryetari i K\u00ebshillit Komb\u00ebtar Shqiptar n\u00eb Lugin\u00ebn e Preshev\u00ebs, z, Navzad Lutfiu, ka njoftuar p\u00ebr protest\u00ebn e radh\u00ebs n\u00eb Medvegj\u00eb, m\u00eb 3 dhjetor 2024, ora 13:00, para Stacionit Policor. P\u00ebr mij\u00ebra qytetar\u00eb t\u00eb pasivizuar! N\u00eb Medvegj\u00eb p\u00ebr t\u00eb k\u00ebrkuar drejt\u00ebsi dhe kthimin e adresave t\u00eb pasivizuara padrejt\u00ebsisht! Nuk mund t\u00eb lejojm\u00eb q\u00eb qytetar\u00ebt tan\u00eb t\u00eb...\" \/>\n<meta property=\"og:url\" content=\"https:\/\/medvegjasot.com\/?p=3224\" \/>\n<meta property=\"og:site_name\" content=\"Medvegja Sot\" \/>\n<meta property=\"article:publisher\" content=\"https:\/\/www.facebook.com\/MedvegjaSot.com1\" \/>\n<meta property=\"article:published_time\" content=\"2024-10-25T07:04:20+00:00\" \/>\n<meta property=\"article:modified_time\" content=\"2024-10-29T09:48:21+00:00\" \/>\n<meta property=\"og:image\" content=\"https:\/\/medvegjasot.com\/wp-content\/uploads\/2024\/10\/photo-output-23.jpeg\" \/>\n\t<meta property=\"og:image:width\" content=\"2016\" \/>\n\t<meta property=\"og:image:height\" content=\"1134\" \/>\n\t<meta property=\"og:image:type\" content=\"image\/jpeg\" \/>\n<meta name=\"author\" content=\"admin\" \/>\n<meta name=\"twitter:card\" content=\"summary_large_image\" \/>\n<meta name=\"twitter:label1\" content=\"Written by\" \/>\n\t<meta name=\"twitter:data1\" content=\"admin\" \/>\n\t<meta name=\"twitter:label2\" content=\"Est. reading time\" \/>\n\t<meta name=\"twitter:data2\" content=\"2 minutes\" \/>\n<script type=\"application\/ld+json\" class=\"yoast-schema-graph\">{\"@context\":\"https:\\\/\\\/schema.org\",\"@graph\":[{\"@type\":\"Article\",\"@id\":\"https:\\\/\\\/medvegjasot.com\\\/?p=3224#article\",\"isPartOf\":{\"@id\":\"https:\\\/\\\/medvegjasot.com\\\/?p=3224\"},\"author\":{\"name\":\"admin\",\"@id\":\"https:\\\/\\\/medvegjasot.com\\\/#\\\/schema\\\/person\\\/f2be1a84f4e95d0cb032946a1cf2e594\"},\"headline\":\"Protesta e radh\u00ebs n\u00eb Medvegj\u00eb, 3 dhjetor 2024, ora 13:00 &#8211; KTHEMA ADRES\u00cbN!\",\"datePublished\":\"2024-10-25T07:04:20+00:00\",\"dateModified\":\"2024-10-29T09:48:21+00:00\",\"mainEntityOfPage\":{\"@id\":\"https:\\\/\\\/medvegjasot.com\\\/?p=3224\"},\"wordCount\":148,\"commentCount\":0,\"publisher\":{\"@id\":\"https:\\\/\\\/medvegjasot.com\\\/#organization\"},\"image\":{\"@id\":\"https:\\\/\\\/medvegjasot.com\\\/?p=3224#primaryimage\"},\"thumbnailUrl\":\"https:\\\/\\\/medvegjasot.com\\\/wp-content\\\/uploads\\\/2024\\\/10\\\/photo-output-23.jpeg\",\"articleSection\":[\"LAJME\"],\"inLanguage\":\"en-US\",\"potentialAction\":[{\"@type\":\"CommentAction\",\"name\":\"Comment\",\"target\":[\"https:\\\/\\\/medvegjasot.com\\\/?p=3224#respond\"]}]},{\"@type\":\"WebPage\",\"@id\":\"https:\\\/\\\/medvegjasot.com\\\/?p=3224\",\"url\":\"https:\\\/\\\/medvegjasot.com\\\/?p=3224\",\"name\":\"Protesta e radh\u00ebs n\u00eb Medvegj\u00eb, 3 dhjetor 2024, ora 13:00 - KTHEMA ADRES\u00cbN! - Medvegja Sot\",\"isPartOf\":{\"@id\":\"https:\\\/\\\/medvegjasot.com\\\/#website\"},\"primaryImageOfPage\":{\"@id\":\"https:\\\/\\\/medvegjasot.com\\\/?p=3224#primaryimage\"},\"image\":{\"@id\":\"https:\\\/\\\/medvegjasot.com\\\/?p=3224#primaryimage\"},\"thumbnailUrl\":\"https:\\\/\\\/medvegjasot.com\\\/wp-content\\\/uploads\\\/2024\\\/10\\\/photo-output-23.jpeg\",\"datePublished\":\"2024-10-25T07:04:20+00:00\",\"dateModified\":\"2024-10-29T09:48:21+00:00\",\"breadcrumb\":{\"@id\":\"https:\\\/\\\/medvegjasot.com\\\/?p=3224#breadcrumb\"},\"inLanguage\":\"en-US\",\"potentialAction\":[{\"@type\":\"ReadAction\",\"target\":[\"https:\\\/\\\/medvegjasot.com\\\/?p=3224\"]}]},{\"@type\":\"ImageObject\",\"inLanguage\":\"en-US\",\"@id\":\"https:\\\/\\\/medvegjasot.com\\\/?p=3224#primaryimage\",\"url\":\"https:\\\/\\\/medvegjasot.com\\\/wp-content\\\/uploads\\\/2024\\\/10\\\/photo-output-23.jpeg\",\"contentUrl\":\"https:\\\/\\\/medvegjasot.com\\\/wp-content\\\/uploads\\\/2024\\\/10\\\/photo-output-23.jpeg\",\"width\":2016,\"height\":1134},{\"@type\":\"BreadcrumbList\",\"@id\":\"https:\\\/\\\/medvegjasot.com\\\/?p=3224#breadcrumb\",\"itemListElement\":[{\"@type\":\"ListItem\",\"position\":1,\"name\":\"Home\",\"item\":\"https:\\\/\\\/medvegjasot.com\\\/\"},{\"@type\":\"ListItem\",\"position\":2,\"name\":\"Protesta e radh\u00ebs n\u00eb Medvegj\u00eb, 3 dhjetor 2024, ora 13:00 &#8211; KTHEMA ADRES\u00cbN!\"}]},{\"@type\":\"WebSite\",\"@id\":\"https:\\\/\\\/medvegjasot.com\\\/#website\",\"url\":\"https:\\\/\\\/medvegjasot.com\\\/\",\"name\":\"Medvegja Sot\",\"description\":\"Portal Lajmesh\",\"publisher\":{\"@id\":\"https:\\\/\\\/medvegjasot.com\\\/#organization\"},\"alternateName\":\"MS\",\"potentialAction\":[{\"@type\":\"SearchAction\",\"target\":{\"@type\":\"EntryPoint\",\"urlTemplate\":\"https:\\\/\\\/medvegjasot.com\\\/?s={search_term_string}\"},\"query-input\":{\"@type\":\"PropertyValueSpecification\",\"valueRequired\":true,\"valueName\":\"search_term_string\"}}],\"inLanguage\":\"en-US\"},{\"@type\":\"Organization\",\"@id\":\"https:\\\/\\\/medvegjasot.com\\\/#organization\",\"name\":\"Medvegja Sot\",\"alternateName\":\"MS\",\"url\":\"https:\\\/\\\/medvegjasot.com\\\/\",\"logo\":{\"@type\":\"ImageObject\",\"inLanguage\":\"en-US\",\"@id\":\"https:\\\/\\\/medvegjasot.com\\\/#\\\/schema\\\/logo\\\/image\\\/\",\"url\":\"https:\\\/\\\/medvegjasot.com\\\/wp-content\\\/uploads\\\/2024\\\/08\\\/logo.png\",\"contentUrl\":\"https:\\\/\\\/medvegjasot.com\\\/wp-content\\\/uploads\\\/2024\\\/08\\\/logo.png\",\"width\":500,\"height\":500,\"caption\":\"Medvegja Sot\"},\"image\":{\"@id\":\"https:\\\/\\\/medvegjasot.com\\\/#\\\/schema\\\/logo\\\/image\\\/\"},\"sameAs\":[\"https:\\\/\\\/www.facebook.com\\\/MedvegjaSot.com1\"]},{\"@type\":\"Person\",\"@id\":\"https:\\\/\\\/medvegjasot.com\\\/#\\\/schema\\\/person\\\/f2be1a84f4e95d0cb032946a1cf2e594\",\"name\":\"admin\",\"image\":{\"@type\":\"ImageObject\",\"inLanguage\":\"en-US\",\"@id\":\"https:\\\/\\\/secure.gravatar.com\\\/avatar\\\/2eedc5259426225ddc6f98b4b6728c30418b83e6f70285719780d3518d972ece?s=96&d=mm&r=g\",\"url\":\"https:\\\/\\\/secure.gravatar.com\\\/avatar\\\/2eedc5259426225ddc6f98b4b6728c30418b83e6f70285719780d3518d972ece?s=96&d=mm&r=g\",\"contentUrl\":\"https:\\\/\\\/secure.gravatar.com\\\/avatar\\\/2eedc5259426225ddc6f98b4b6728c30418b83e6f70285719780d3518d972ece?s=96&d=mm&r=g\",\"caption\":\"admin\"},\"url\":\"https:\\\/\\\/medvegjasot.com\\\/?author=2\"}]}<\/script>\n<!-- \/ Yoast SEO plugin. -->","yoast_head_json":{"title":"Protesta e radh\u00ebs n\u00eb Medvegj\u00eb, 3 dhjetor 2024, ora 13:00 - KTHEMA ADRES\u00cbN! - Medvegja Sot","robots":{"index":"index","follow":"follow","max-snippet":"max-snippet:-1","max-image-preview":"max-image-preview:large","max-video-preview":"max-video-preview:-1"},"canonical":"https:\/\/medvegjasot.com\/?p=3224","og_locale":"en_US","og_type":"article","og_title":"Protesta e radh\u00ebs n\u00eb Medvegj\u00eb, 3 dhjetor 2024, ora 13:00 - KTHEMA ADRES\u00cbN! - Medvegja Sot","og_description":"Kryetari i K\u00ebshillit Komb\u00ebtar Shqiptar n\u00eb Lugin\u00ebn e Preshev\u00ebs, z, Navzad Lutfiu, ka njoftuar p\u00ebr protest\u00ebn e radh\u00ebs n\u00eb Medvegj\u00eb, m\u00eb 3 dhjetor 2024, ora 13:00, para Stacionit Policor. P\u00ebr mij\u00ebra qytetar\u00eb t\u00eb pasivizuar! N\u00eb Medvegj\u00eb p\u00ebr t\u00eb k\u00ebrkuar drejt\u00ebsi dhe kthimin e adresave t\u00eb pasivizuara padrejt\u00ebsisht! Nuk mund t\u00eb lejojm\u00eb q\u00eb qytetar\u00ebt tan\u00eb t\u00eb...","og_url":"https:\/\/medvegjasot.com\/?p=3224","og_site_name":"Medvegja Sot","article_publisher":"https:\/\/www.facebook.com\/MedvegjaSot.com1","article_published_time":"2024-10-25T07:04:20+00:00","article_modified_time":"2024-10-29T09:48:21+00:00","og_image":[{"width":2016,"height":1134,"url":"https:\/\/medvegjasot.com\/wp-content\/uploads\/2024\/10\/photo-output-23.jpeg","type":"image\/jpeg"}],"author":"admin","twitter_card":"summary_large_image","twitter_misc":{"Written by":"admin","Est. reading time":"2 minutes"},"schema":{"@context":"https:\/\/schema.org","@graph":[{"@type":"Article","@id":"https:\/\/medvegjasot.com\/?p=3224#article","isPartOf":{"@id":"https:\/\/medvegjasot.com\/?p=3224"},"author":{"name":"admin","@id":"https:\/\/medvegjasot.com\/#\/schema\/person\/f2be1a84f4e95d0cb032946a1cf2e594"},"headline":"Protesta e radh\u00ebs n\u00eb Medvegj\u00eb, 3 dhjetor 2024, ora 13:00 &#8211; KTHEMA ADRES\u00cbN!","datePublished":"2024-10-25T07:04:20+00:00","dateModified":"2024-10-29T09:48:21+00:00","mainEntityOfPage":{"@id":"https:\/\/medvegjasot.com\/?p=3224"},"wordCount":148,"commentCount":0,"publisher":{"@id":"https:\/\/medvegjasot.com\/#organization"},"image":{"@id":"https:\/\/medvegjasot.com\/?p=3224#primaryimage"},"thumbnailUrl":"https:\/\/medvegjasot.com\/wp-content\/uploads\/2024\/10\/photo-output-23.jpeg","articleSection":["LAJME"],"inLanguage":"en-US","potentialAction":[{"@type":"CommentAction","name":"Comment","target":["https:\/\/medvegjasot.com\/?p=3224#respond"]}]},{"@type":"WebPage","@id":"https:\/\/medvegjasot.com\/?p=3224","url":"https:\/\/medvegjasot.com\/?p=3224","name":"Protesta e radh\u00ebs n\u00eb Medvegj\u00eb, 3 dhjetor 2024, ora 13:00 - KTHEMA ADRES\u00cbN! - Medvegja Sot","isPartOf":{"@id":"https:\/\/medvegjasot.com\/#website"},"primaryImageOfPage":{"@id":"https:\/\/medvegjasot.com\/?p=3224#primaryimage"},"image":{"@id":"https:\/\/medvegjasot.com\/?p=3224#primaryimage"},"thumbnailUrl":"https:\/\/medvegjasot.com\/wp-content\/uploads\/2024\/10\/photo-output-23.jpeg","datePublished":"2024-10-25T07:04:20+00:00","dateModified":"2024-10-29T09:48:21+00:00","breadcrumb":{"@id":"https:\/\/medvegjasot.com\/?p=3224#breadcrumb"},"inLanguage":"en-US","potentialAction":[{"@type":"ReadAction","target":["https:\/\/medvegjasot.com\/?p=3224"]}]},{"@type":"ImageObject","inLanguage":"en-US","@id":"https:\/\/medvegjasot.com\/?p=3224#primaryimage","url":"https:\/\/medvegjasot.com\/wp-content\/uploads\/2024\/10\/photo-output-23.jpeg","contentUrl":"https:\/\/medvegjasot.com\/wp-content\/uploads\/2024\/10\/photo-output-23.jpeg","width":2016,"height":1134},{"@type":"BreadcrumbList","@id":"https:\/\/medvegjasot.com\/?p=3224#breadcrumb","itemListElement":[{"@type":"ListItem","position":1,"name":"Home","item":"https:\/\/medvegjasot.com\/"},{"@type":"ListItem","position":2,"name":"Protesta e radh\u00ebs n\u00eb Medvegj\u00eb, 3 dhjetor 2024, ora 13:00 &#8211; KTHEMA ADRES\u00cbN!"}]},{"@type":"WebSite","@id":"https:\/\/medvegjasot.com\/#website","url":"https:\/\/medvegjasot.com\/","name":"Medvegja Sot","description":"Portal Lajmesh","publisher":{"@id":"https:\/\/medvegjasot.com\/#organization"},"alternateName":"MS","potentialAction":[{"@type":"SearchAction","target":{"@type":"EntryPoint","urlTemplate":"https:\/\/medvegjasot.com\/?s={search_term_string}"},"query-input":{"@type":"PropertyValueSpecification","valueRequired":true,"valueName":"search_term_string"}}],"inLanguage":"en-US"},{"@type":"Organization","@id":"https:\/\/medvegjasot.com\/#organization","name":"Medvegja Sot","alternateName":"MS","url":"https:\/\/medvegjasot.com\/","logo":{"@type":"ImageObject","inLanguage":"en-US","@id":"https:\/\/medvegjasot.com\/#\/schema\/logo\/image\/","url":"https:\/\/medvegjasot.com\/wp-content\/uploads\/2024\/08\/logo.png","contentUrl":"https:\/\/medvegjasot.com\/wp-content\/uploads\/2024\/08\/logo.png","width":500,"height":500,"caption":"Medvegja Sot"},"image":{"@id":"https:\/\/medvegjasot.com\/#\/schema\/logo\/image\/"},"sameAs":["https:\/\/www.facebook.com\/MedvegjaSot.com1"]},{"@type":"Person","@id":"https:\/\/medvegjasot.com\/#\/schema\/person\/f2be1a84f4e95d0cb032946a1cf2e594","name":"admin","image":{"@type":"ImageObject","inLanguage":"en-US","@id":"https:\/\/secure.gravatar.com\/avatar\/2eedc5259426225ddc6f98b4b6728c30418b83e6f70285719780d3518d972ece?s=96&d=mm&r=g","url":"https:\/\/secure.gravatar.com\/avatar\/2eedc5259426225ddc6f98b4b6728c30418b83e6f70285719780d3518d972ece?s=96&d=mm&r=g","contentUrl":"https:\/\/secure.gravatar.com\/avatar\/2eedc5259426225ddc6f98b4b6728c30418b83e6f70285719780d3518d972ece?s=96&d=mm&r=g","caption":"admin"},"url":"https:\/\/medvegjasot.com\/?author=2"}]}},"jetpack_featured_media_url":"https:\/\/medvegjasot.com\/wp-content\/uploads\/2024\/10\/photo-output-23.jpeg","_links":{"self":[{"href":"https:\/\/medvegjasot.com\/index.php?rest_route=\/wp\/v2\/posts\/3224","targetHints":{"allow":["GET"]}}],"collection":[{"href":"https:\/\/medvegjasot.com\/index.php?rest_route=\/wp\/v2\/posts"}],"about":[{"href":"https:\/\/medvegjasot.com\/index.php?rest_route=\/wp\/v2\/types\/post"}],"author":[{"embeddable":true,"href":"https:\/\/medvegjasot.com\/index.php?rest_route=\/wp\/v2\/users\/2"}],"replies":[{"embeddable":true,"href":"https:\/\/medvegjasot.com\/index.php?rest_route=%2Fwp%2Fv2%2Fcomments&post=3224"}],"version-history":[{"count":5,"href":"https:\/\/medvegjasot.com\/index.php?rest_route=\/wp\/v2\/posts\/3224\/revisions"}],"predecessor-version":[{"id":3244,"href":"https:\/\/medvegjasot.com\/index.php?rest_route=\/wp\/v2\/posts\/3224\/revisions\/3244"}],"wp:featuredmedia":[{"embeddable":true,"href":"https:\/\/medvegjasot.com\/index.php?rest_route=\/wp\/v2\/media\/3229"}],"wp:attachment":[{"href":"https:\/\/medvegjasot.com\/index.php?rest_route=%2Fwp%2Fv2%2Fmedia&parent=3224"}],"wp:term":[{"taxonomy":"category","embeddable":true,"href":"https:\/\/medvegjasot.com\/index.php?rest_route=%2Fwp%2Fv2%2Fcategories&post=3224"},{"taxonomy":"post_tag","embeddable":true,"href":"https:\/\/medvegjasot.com\/index.php?rest_route=%2Fwp%2Fv2%2Ftags&post=3224"}],"curies":[{"name":"wp","href":"https:\/\/api.w.org\/{rel}","templated":true}]}}