{"id":3025,"date":"2024-10-03T14:34:24","date_gmt":"2024-10-03T14:34:24","guid":{"rendered":"https:\/\/medvegjasot.com\/?p=3025"},"modified":"2024-10-05T08:03:40","modified_gmt":"2024-10-05T08:03:40","slug":"akademi-pllak-perkujtimore-ne-nder-te-jetes-dhe-vepres-se-profesorit-dhe-veprimtarit-shaban-abazi","status":"publish","type":"post","link":"https:\/\/medvegjasot.com\/?p=3025","title":{"rendered":"AKADEMI &#8211; PLLAK P\u00cbRKUJTIMORE N\u00cb NDER T\u00cb JET\u00cbS DHE VEPR\u00cbS S\u00cb PROFESORIT DHE VEPRIMTARIT SHABAN ABAZI"},"content":{"rendered":"\n<p>N\u00eb nj\u00eb vjetorin e ikjes n\u00eb amshim t\u00eb pishtarit t\u00eb liris\u00eb dhe dijes profesorit Shaban Abazi nga Medvegja u organizua&nbsp;&nbsp;Akademia&nbsp;&nbsp;P\u00ebrkujtimore n\u00eb nder t\u00eb jet\u00ebs dhe vepr\u00ebs s\u00eb tij t\u00eb ndritur p\u00ebr kontributin e dh\u00ebn\u00eb n\u00eb luft\u00eb dhe liri.<\/p>\n\n\n\n<figure class=\"wp-block-image size-large\"><img fetchpriority=\"high\" decoding=\"async\" width=\"1024\" height=\"1024\" src=\"https:\/\/medvegjasot.com\/wp-content\/uploads\/2024\/10\/IMG_7594-1024x1024.jpeg\" alt=\"\" class=\"wp-image-3030\" srcset=\"https:\/\/medvegjasot.com\/wp-content\/uploads\/2024\/10\/IMG_7594-1024x1024.jpeg 1024w, https:\/\/medvegjasot.com\/wp-content\/uploads\/2024\/10\/IMG_7594-300x300.jpeg 300w, https:\/\/medvegjasot.com\/wp-content\/uploads\/2024\/10\/IMG_7594-150x150.jpeg 150w, https:\/\/medvegjasot.com\/wp-content\/uploads\/2024\/10\/IMG_7594-768x767.jpeg 768w, https:\/\/medvegjasot.com\/wp-content\/uploads\/2024\/10\/IMG_7594.jpeg 1386w\" sizes=\"(max-width: 1024px) 100vw, 1024px\" \/><\/figure>\n\n\n\n<p><\/p>\n\n\n\n<p>Akademia P\u00ebrkujtimore u mbajt m\u00eb dat\u00eb 03 Tetor 2024 me fillim nga ora 11:00 n\u00eb Amfiteatrin e shkoll\u00ebs profesionale \u2018\u2019Hoxh\u00eb Kadri Prishtina\u2019\u2019 n\u00eb Fush\u00eb Kosov\u00eb, n\u00eb t\u00eb cil\u00ebn&nbsp;&nbsp;i ndjeri ishte pjes\u00eb e stafit arsimor si profesor i l\u00ebnd\u00ebve ekonomike p\u00ebr 20 vjet rresht.<\/p>\n\n\n\n<figure class=\"wp-block-image size-large\"><img decoding=\"async\" width=\"1024\" height=\"766\" src=\"https:\/\/medvegjasot.com\/wp-content\/uploads\/2024\/10\/IMG_7757-1024x766.jpeg\" alt=\"\" class=\"wp-image-3028\" srcset=\"https:\/\/medvegjasot.com\/wp-content\/uploads\/2024\/10\/IMG_7757-1024x766.jpeg 1024w, https:\/\/medvegjasot.com\/wp-content\/uploads\/2024\/10\/IMG_7757-300x224.jpeg 300w, https:\/\/medvegjasot.com\/wp-content\/uploads\/2024\/10\/IMG_7757-768x575.jpeg 768w, https:\/\/medvegjasot.com\/wp-content\/uploads\/2024\/10\/IMG_7757.jpeg 1179w\" sizes=\"(max-width: 1024px) 100vw, 1024px\" \/><\/figure>\n\n\n\n<p><\/p>\n\n\n\n<p>N\u00eb Akademi P\u00ebrkujtimore&nbsp;&nbsp;mor\u00ebn pjes\u00eb familjar, koleg, ish koleg, nx\u00ebn\u00ebs, ish nx\u00ebn\u00ebs, si dhe p\u00ebrfaq\u00ebsues nga DA-Fush\u00eb Kosov\u00eb.<\/p>\n\n\n\n<figure class=\"wp-block-gallery has-nested-images columns-default is-cropped wp-block-gallery-1 is-layout-flex wp-block-gallery-is-layout-flex\">\n<figure class=\"wp-block-image size-large\"><img decoding=\"async\" width=\"1024\" height=\"768\" data-id=\"3031\" src=\"https:\/\/medvegjasot.com\/wp-content\/uploads\/2024\/10\/IMG_7657-1024x768.jpeg\" alt=\"\" class=\"wp-image-3031\" srcset=\"https:\/\/medvegjasot.com\/wp-content\/uploads\/2024\/10\/IMG_7657-1024x768.jpeg 1024w, https:\/\/medvegjasot.com\/wp-content\/uploads\/2024\/10\/IMG_7657-300x225.jpeg 300w, https:\/\/medvegjasot.com\/wp-content\/uploads\/2024\/10\/IMG_7657-768x576.jpeg 768w, https:\/\/medvegjasot.com\/wp-content\/uploads\/2024\/10\/IMG_7657-1536x1152.jpeg 1536w, https:\/\/medvegjasot.com\/wp-content\/uploads\/2024\/10\/IMG_7657-2048x1536.jpeg 2048w\" sizes=\"(max-width: 1024px) 100vw, 1024px\" \/><\/figure>\n<\/figure>\n\n\n\n<p>N\u00ebn tingujt e intonimit t\u00eb himtit Komb\u00ebtar dhe atij Shtet\u00ebror u hap Akademia P\u00ebrkujtimore, p\u00ebr t\u00eb vazhduar me 1 minut heshtje n\u00eb nderim t\u00eb veprimtaris\u00eb s\u00eb bujshme t\u00eb ndjerit&nbsp;&nbsp;Shaban Abazi.<\/p>\n\n\n\n<p>Figura e tij u vler\u00ebsua lart\u00eb nga t\u00eb gjith\u00eb t\u00eb pranishmit.<\/p>\n\n\n\n<p>N\u00eb fjal\u00ebn e hapjes profesor z. Hajredin Kabashi shprehu fjal\u00eb miradie dhe vler\u00ebsoi lart\u00eb veprimtarin\u00eb e profesorit t\u00eb ndjer Shaban Abazi duke ve\u00e7uar kontributin e tij dh\u00ebn\u00eb n\u00eb luft\u00eb si pjes\u00ebtar i U\u00c7K-s\u00eb si dhe kontributin e tij dh\u00ebn\u00eb n\u00eb liri n\u00eb edukimin dhe arsimin e brezave.<\/p>\n\n\n\n<figure class=\"wp-block-image size-large\"><img loading=\"lazy\" decoding=\"async\" width=\"1024\" height=\"766\" src=\"https:\/\/medvegjasot.com\/wp-content\/uploads\/2024\/10\/IMG_7754-1024x766.jpeg\" alt=\"\" class=\"wp-image-3032\" srcset=\"https:\/\/medvegjasot.com\/wp-content\/uploads\/2024\/10\/IMG_7754-1024x766.jpeg 1024w, https:\/\/medvegjasot.com\/wp-content\/uploads\/2024\/10\/IMG_7754-300x224.jpeg 300w, https:\/\/medvegjasot.com\/wp-content\/uploads\/2024\/10\/IMG_7754-768x575.jpeg 768w, https:\/\/medvegjasot.com\/wp-content\/uploads\/2024\/10\/IMG_7754.jpeg 1179w\" sizes=\"(max-width: 1024px) 100vw, 1024px\" \/><\/figure>\n\n\n\n<p>N\u00eb fjal\u00ebn e tij drejtori i shkoll\u00ebs s\u00eb mesme profesionale&nbsp;&nbsp;&#8220;Hoxh\u00eb Kadri Prishtina&#8221; n\u00eb Fush\u00eb Kosov\u00eb z. Ukshin Uka theksoi pun\u00ebn dhe angazhimin e tij profesional si nj\u00eb bashk\u00ebpun\u00ebtor me vlera dhe cil\u00ebsi t\u00eb larta njerzore dhe profesionale. Ai nd\u00ebr tjera tha \u201cLe t\u00eb angazhohemi n\u00eb vlerat q\u00eb na la ai \u201c.<\/p>\n\n\n\n<figure class=\"wp-block-embed is-type-video is-provider-youtube wp-block-embed-youtube wp-embed-aspect-16-9 wp-has-aspect-ratio\"><div class=\"wp-block-embed__wrapper\">\n<iframe  id=\"_ytid_55206\"  width=\"640\" height=\"360\"  data-origwidth=\"640\" data-origheight=\"360\" src=\"https:\/\/www.youtube.com\/embed\/kwUBjkgrNXU?enablejsapi=1&#038;autoplay=0&#038;cc_load_policy=0&#038;cc_lang_pref=&#038;iv_load_policy=1&#038;loop=0&#038;rel=1&#038;fs=1&#038;playsinline=0&#038;autohide=2&#038;theme=dark&#038;color=red&#038;controls=1&#038;\" class=\"__youtube_prefs__  epyt-is-override  no-lazyload\" title=\"YouTube player\"  allow=\"fullscreen; accelerometer; autoplay; clipboard-write; encrypted-media; gyroscope; picture-in-picture; web-share\" referrerpolicy=\"strict-origin-when-cross-origin\" allowfullscreen data-no-lazy=\"1\" data-skipgform_ajax_framebjll=\"\"><\/iframe>\n<\/div><\/figure>\n\n\n\n<p><\/p>\n\n\n\n<p><\/p>\n\n\n\n<p>N\u00eb k\u00ebt\u00eb Akademi P\u00ebrkujtimore mori pjes\u00eb edhe p\u00ebrfaq\u00ebsuesi nga Drejtoria e Arsimit Fush\u00eb Kosov\u00eb z. Fatlum Berisha i cili n\u00eb fjal\u00ebn e tij nd\u00ebr tjera theksoi se figura e t\u00eb ndjerit profesor Shaban Abazi \u00ebsht\u00eb vler\u00eb e shtuar p\u00ebr kombin dhe Komun\u00ebn e Fush\u00eb Kosov\u00ebs.<\/p>\n\n\n\n<p>Profesori nga Medvegja z. Gani Krasniqi shpalosi kujtime nga jeta e t\u00eb ndjerit Shaban Abazi, duke ngritur lart\u00eb figur\u00ebn e tij n\u00eb p\u00ebrmbushjen e idealit t\u00eb tij komb\u00ebtar.<\/p>\n\n\n\n<p>Ai po ashtu shprehu ngush\u00ebllime familjes dhe gjith\u00eb atyre q\u00eb pat\u00ebn rastin ta njohin.<\/p>\n\n\n\n<figure class=\"wp-block-embed is-type-video is-provider-youtube wp-block-embed-youtube wp-embed-aspect-16-9 wp-has-aspect-ratio\"><div class=\"wp-block-embed__wrapper\">\n<iframe  id=\"_ytid_36412\"  width=\"640\" height=\"360\"  data-origwidth=\"640\" data-origheight=\"360\" src=\"https:\/\/www.youtube.com\/embed\/6Y-TuGn9RHo?enablejsapi=1&#038;autoplay=0&#038;cc_load_policy=0&#038;cc_lang_pref=&#038;iv_load_policy=1&#038;loop=0&#038;rel=1&#038;fs=1&#038;playsinline=0&#038;autohide=2&#038;theme=dark&#038;color=red&#038;controls=1&#038;\" class=\"__youtube_prefs__  epyt-is-override  no-lazyload\" title=\"YouTube player\"  allow=\"fullscreen; accelerometer; autoplay; clipboard-write; encrypted-media; gyroscope; picture-in-picture; web-share\" referrerpolicy=\"strict-origin-when-cross-origin\" allowfullscreen data-no-lazy=\"1\" data-skipgform_ajax_framebjll=\"\"><\/iframe>\n<\/div><\/figure>\n\n\n\n<p><\/p>\n\n\n\n<p>Se Shabani ishte njeri i urt\u00eb i qet\u00eb me mendje t\u00eb mpreht\u00eb, i ndritur, me nj\u00eb fjal\u00eb i lindur modest por me vlera t\u00eb larta humane, k\u00ebt\u00eb e v\u00ebrteton edhe kontributi i tij dh\u00ebn\u00eb n\u00eb luft\u00ebn&nbsp;&nbsp;\u00e7lirimtare i cili me pushk\u00eb n\u00eb dor\u00eb vrapoi drejt idealit t\u00eb tij n\u00eb \u00e7lirim t\u00eb ardheut.<\/p>\n\n\n\n<p>Si bashk\u00ebluft\u00ebtar i U\u00c7K-s\u00eb evakon kujtime shoku i tij z. Jakup Ismajli i cili nd\u00ebr tjera tha se ndihet krenar q\u00eb njohu nj\u00eb njeri si Shabani, i kompletuar me t\u00eb gjitha virtytet.<\/p>\n\n\n\n<figure class=\"wp-block-image size-large\"><img loading=\"lazy\" decoding=\"async\" width=\"1024\" height=\"576\" src=\"https:\/\/medvegjasot.com\/wp-content\/uploads\/2024\/10\/photo-output-6-1024x576.jpeg\" alt=\"\" class=\"wp-image-3042\" srcset=\"https:\/\/medvegjasot.com\/wp-content\/uploads\/2024\/10\/photo-output-6-1024x576.jpeg 1024w, https:\/\/medvegjasot.com\/wp-content\/uploads\/2024\/10\/photo-output-6-300x169.jpeg 300w, https:\/\/medvegjasot.com\/wp-content\/uploads\/2024\/10\/photo-output-6-768x432.jpeg 768w, https:\/\/medvegjasot.com\/wp-content\/uploads\/2024\/10\/photo-output-6-1536x864.jpeg 1536w, https:\/\/medvegjasot.com\/wp-content\/uploads\/2024\/10\/photo-output-6-2048x1152.jpeg 2048w\" sizes=\"(max-width: 1024px) 100vw, 1024px\" \/><\/figure>\n\n\n\n<p><\/p>\n\n\n\n<p>Kujtime dhe vler\u00ebsime p\u00ebr veprimtarin e tij t\u00eb ndritur si profesor shkolle profesionale&nbsp;&nbsp;i l\u00ebnd\u00ebve ekonomike n\u00eb Fush\u00eb Kosov\u00eb,&nbsp;&nbsp;dhe si kontribuues i dijes p\u00ebr brezat e rinj me botimin e 2 librave profesionale n\u00eb fush\u00ebn&nbsp;&nbsp;e kontabilitetit, foli edhe kolegu i t\u00eb ndjerit&nbsp;&nbsp;Abazi, profesori z. Arif Zogjani i cili shpalosi kujtime dhe vler\u00ebsime p\u00ebr figur\u00ebn e profesor Abazit.<\/p>\n\n\n\n<p>Nx\u00ebn\u00ebsja Vesa Mala e kujton profesorin e saj t\u00eb ndjer\u00eb si nj\u00eb pishtar drite n\u00eb dh\u00ebnien e dijes profesionale si dhe bashk\u00ebpun\u00ebtor t\u00eb mir\u00ebfillt\u00eb n\u00eb raport me nx\u00ebn\u00ebsit\u00eb.<\/p>\n\n\n\n<figure class=\"wp-block-gallery has-nested-images columns-default is-cropped wp-block-gallery-2 is-layout-flex wp-block-gallery-is-layout-flex\">\n<figure class=\"wp-block-image size-large\"><img loading=\"lazy\" decoding=\"async\" width=\"1024\" height=\"570\" data-id=\"3049\" src=\"https:\/\/medvegjasot.com\/wp-content\/uploads\/2024\/10\/IMG_7781-1024x570.jpeg\" alt=\"\" class=\"wp-image-3049\" srcset=\"https:\/\/medvegjasot.com\/wp-content\/uploads\/2024\/10\/IMG_7781-1024x570.jpeg 1024w, https:\/\/medvegjasot.com\/wp-content\/uploads\/2024\/10\/IMG_7781-300x167.jpeg 300w, https:\/\/medvegjasot.com\/wp-content\/uploads\/2024\/10\/IMG_7781-768x428.jpeg 768w, https:\/\/medvegjasot.com\/wp-content\/uploads\/2024\/10\/IMG_7781-1536x855.jpeg 1536w, https:\/\/medvegjasot.com\/wp-content\/uploads\/2024\/10\/IMG_7781-2048x1140.jpeg 2048w\" sizes=\"(max-width: 1024px) 100vw, 1024px\" \/><figcaption class=\"wp-element-caption\">Screenshot<\/figcaption><\/figure>\n\n\n\n<figure class=\"wp-block-image size-large\"><img loading=\"lazy\" decoding=\"async\" width=\"1024\" height=\"562\" data-id=\"3050\" src=\"https:\/\/medvegjasot.com\/wp-content\/uploads\/2024\/10\/IMG_7780-1024x562.jpeg\" alt=\"\" class=\"wp-image-3050\" srcset=\"https:\/\/medvegjasot.com\/wp-content\/uploads\/2024\/10\/IMG_7780-1024x562.jpeg 1024w, https:\/\/medvegjasot.com\/wp-content\/uploads\/2024\/10\/IMG_7780-300x165.jpeg 300w, https:\/\/medvegjasot.com\/wp-content\/uploads\/2024\/10\/IMG_7780-768x421.jpeg 768w, https:\/\/medvegjasot.com\/wp-content\/uploads\/2024\/10\/IMG_7780-1536x842.jpeg 1536w, https:\/\/medvegjasot.com\/wp-content\/uploads\/2024\/10\/IMG_7780-2048x1123.jpeg 2048w\" sizes=\"(max-width: 1024px) 100vw, 1024px\" \/><figcaption class=\"wp-element-caption\">Screenshot<\/figcaption><\/figure>\n\n\n\n<figure class=\"wp-block-image size-large\"><img loading=\"lazy\" decoding=\"async\" width=\"1024\" height=\"558\" data-id=\"3051\" src=\"https:\/\/medvegjasot.com\/wp-content\/uploads\/2024\/10\/IMG_7803-1024x558.jpeg\" alt=\"\" class=\"wp-image-3051\" srcset=\"https:\/\/medvegjasot.com\/wp-content\/uploads\/2024\/10\/IMG_7803-1024x558.jpeg 1024w, https:\/\/medvegjasot.com\/wp-content\/uploads\/2024\/10\/IMG_7803-300x164.jpeg 300w, https:\/\/medvegjasot.com\/wp-content\/uploads\/2024\/10\/IMG_7803-768x419.jpeg 768w, https:\/\/medvegjasot.com\/wp-content\/uploads\/2024\/10\/IMG_7803.jpeg 1179w\" sizes=\"(max-width: 1024px) 100vw, 1024px\" \/><figcaption class=\"wp-element-caption\">Screenshot<\/figcaption><\/figure>\n\n\n\n<figure class=\"wp-block-image size-large\"><img loading=\"lazy\" decoding=\"async\" width=\"1024\" height=\"560\" data-id=\"3052\" src=\"https:\/\/medvegjasot.com\/wp-content\/uploads\/2024\/10\/IMG_7800-1024x560.jpeg\" alt=\"\" class=\"wp-image-3052\" srcset=\"https:\/\/medvegjasot.com\/wp-content\/uploads\/2024\/10\/IMG_7800-1024x560.jpeg 1024w, https:\/\/medvegjasot.com\/wp-content\/uploads\/2024\/10\/IMG_7800-300x164.jpeg 300w, https:\/\/medvegjasot.com\/wp-content\/uploads\/2024\/10\/IMG_7800-768x420.jpeg 768w, https:\/\/medvegjasot.com\/wp-content\/uploads\/2024\/10\/IMG_7800.jpeg 1179w\" sizes=\"(max-width: 1024px) 100vw, 1024px\" \/><figcaption class=\"wp-element-caption\">Screenshot<\/figcaption><\/figure>\n<\/figure>\n\n\n\n<p><\/p>\n\n\n\n<p><\/p>\n\n\n\n<p>I biri i profesor Abazit, z. Edon Abazi shprehu mir\u00ebnjohje dhe fal\u00ebnderime p\u00ebr t\u00eb gjith\u00eb t\u00eb pranishmit si dhe shprehu nostalgji kujtimesh p\u00ebr figur\u00ebn e prindit duke theksuar se ndihet krenar me veprimtarin e tij si dhe vler\u00ebsimet e dh\u00ebna nga t\u00eb pranishmit.<\/p>\n\n\n\n<p><\/p>\n\n\n\n<p><\/p>\n\n\n\n<p><\/p>\n\n\n\n<p><\/p>\n\n\n\n<p><\/p>\n\n\n\n<p><\/p>\n\n\n\n<p><\/p>\n\n\n\n<p><\/p>\n\n\n\n<p><\/p>\n\n\n\n<figure class=\"wp-block-image size-large\"><img loading=\"lazy\" decoding=\"async\" width=\"1024\" height=\"766\" src=\"https:\/\/medvegjasot.com\/wp-content\/uploads\/2024\/10\/IMG_7756-1024x766.jpeg\" alt=\"\" class=\"wp-image-3033\" srcset=\"https:\/\/medvegjasot.com\/wp-content\/uploads\/2024\/10\/IMG_7756-1024x766.jpeg 1024w, https:\/\/medvegjasot.com\/wp-content\/uploads\/2024\/10\/IMG_7756-300x224.jpeg 300w, https:\/\/medvegjasot.com\/wp-content\/uploads\/2024\/10\/IMG_7756-768x575.jpeg 768w, https:\/\/medvegjasot.com\/wp-content\/uploads\/2024\/10\/IMG_7756.jpeg 1179w\" sizes=\"(max-width: 1024px) 100vw, 1024px\" \/><\/figure>\n\n\n\n<p>Bashk\u00ebshortja znj. Drita&nbsp;Abazi nj\u00eb grua e fort\u00eb, bashkudh\u00ebtari i jet\u00ebs s\u00eb tij, \u00ebsht\u00eb&nbsp;&nbsp;ajo e cila i q\u00ebndroi af\u00ebr n\u00eb \u00e7do sfid\u00eb si n\u00eb luft\u00eb ashtu edhe n\u00eb liri. Ajo shprehu para t\u00eb pranishm\u00ebve fjal\u00eb shpirti, bashk\u00ebbisedim me t\u00eb ndjerin profesor&nbsp;&nbsp;Shaban Abazi.<\/p>\n\n\n\n<p><\/p>\n\n\n\n<p><\/p>\n\n\n\n<figure class=\"wp-block-gallery has-nested-images columns-default is-cropped wp-block-gallery-3 is-layout-flex wp-block-gallery-is-layout-flex\">\n<figure class=\"wp-block-image size-large\"><img loading=\"lazy\" decoding=\"async\" width=\"1024\" height=\"766\" data-id=\"3034\" src=\"https:\/\/medvegjasot.com\/wp-content\/uploads\/2024\/10\/IMG_7751-1024x766.jpeg\" alt=\"\" class=\"wp-image-3034\" srcset=\"https:\/\/medvegjasot.com\/wp-content\/uploads\/2024\/10\/IMG_7751-1024x766.jpeg 1024w, https:\/\/medvegjasot.com\/wp-content\/uploads\/2024\/10\/IMG_7751-300x224.jpeg 300w, https:\/\/medvegjasot.com\/wp-content\/uploads\/2024\/10\/IMG_7751-768x575.jpeg 768w, https:\/\/medvegjasot.com\/wp-content\/uploads\/2024\/10\/IMG_7751.jpeg 1179w\" sizes=\"(max-width: 1024px) 100vw, 1024px\" \/><\/figure>\n\n\n\n<figure class=\"wp-block-image size-large\"><img loading=\"lazy\" decoding=\"async\" width=\"1024\" height=\"766\" data-id=\"3035\" src=\"https:\/\/medvegjasot.com\/wp-content\/uploads\/2024\/10\/IMG_7750-1024x766.jpeg\" alt=\"\" class=\"wp-image-3035\" srcset=\"https:\/\/medvegjasot.com\/wp-content\/uploads\/2024\/10\/IMG_7750-1024x766.jpeg 1024w, https:\/\/medvegjasot.com\/wp-content\/uploads\/2024\/10\/IMG_7750-300x224.jpeg 300w, https:\/\/medvegjasot.com\/wp-content\/uploads\/2024\/10\/IMG_7750-768x575.jpeg 768w, https:\/\/medvegjasot.com\/wp-content\/uploads\/2024\/10\/IMG_7750.jpeg 1179w\" sizes=\"(max-width: 1024px) 100vw, 1024px\" \/><\/figure>\n<\/figure>\n\n\n\n<p>Krejt n\u00eb fund u zbulua edhe pllaka p\u00ebrkujtimore e profesor Shaban Abazi tek varrezat e Zllatarit  &#8211; Mati\u00e7an. <\/p>\n\n\n\n<p><\/p>\n\n\n\n<figure class=\"wp-block-image size-large\"><img loading=\"lazy\" decoding=\"async\" width=\"1024\" height=\"768\" src=\"https:\/\/medvegjasot.com\/wp-content\/uploads\/2024\/10\/IMG_7713-1024x768.jpeg\" alt=\"\" class=\"wp-image-3036\" srcset=\"https:\/\/medvegjasot.com\/wp-content\/uploads\/2024\/10\/IMG_7713-1024x768.jpeg 1024w, https:\/\/medvegjasot.com\/wp-content\/uploads\/2024\/10\/IMG_7713-300x225.jpeg 300w, https:\/\/medvegjasot.com\/wp-content\/uploads\/2024\/10\/IMG_7713-768x576.jpeg 768w, https:\/\/medvegjasot.com\/wp-content\/uploads\/2024\/10\/IMG_7713-1536x1152.jpeg 1536w, https:\/\/medvegjasot.com\/wp-content\/uploads\/2024\/10\/IMG_7713-2048x1536.jpeg 2048w\" sizes=\"(max-width: 1024px) 100vw, 1024px\" \/><\/figure>\n\n\n\n<p>Veprimtaria e tij \u00ebsht\u00eb thesar i \u00e7muar p\u00ebr kombin shqiptar!<\/p>\n\n\n\n<p>T\u00eb ndjekim rrug\u00ebn hapave t\u00eb tij n\u00eb t\u00eb mir\u00eb t\u00eb atdheut!<\/p>\n\n\n\n<p><\/p>\n\n\n\n<p>Fush\u00eb Kosov\u00eb, 03 Tetor 2024<\/p>\n\n\n\n<p>Nga <strong>Linda Shaqiri, Gazetare dhe mloderatore, M.S.<\/strong><\/p>\n\n\n\n<p><\/p>\n","protected":false},"excerpt":{"rendered":"<p>N\u00eb nj\u00eb vjetorin e ikjes n\u00eb amshim t\u00eb pishtarit t\u00eb liris\u00eb dhe dijes profesorit Shaban Abazi nga Medvegja u organizua&nbsp;&nbsp;Akademia&nbsp;&nbsp;P\u00ebrkujtimore n\u00eb nder t\u00eb jet\u00ebs dhe vepr\u00ebs s\u00eb tij t\u00eb ndritur p\u00ebr kontributin e dh\u00ebn\u00eb n\u00eb luft\u00eb dhe liri. Akademia P\u00ebrkujtimore u mbajt m\u00eb dat\u00eb 03 Tetor 2024 me fillim nga ora 11:00 n\u00eb Amfiteatrin e&#8230;<\/p>\n","protected":false},"author":2,"featured_media":3043,"comment_status":"open","ping_status":"open","sticky":false,"template":"","format":"standard","meta":{"_coblocks_attr":"","_coblocks_dimensions":"","_coblocks_responsive_height":"","_coblocks_accordion_ie_support":"","_monsterinsights_skip_tracking":false,"_monsterinsights_sitenote_active":false,"_monsterinsights_sitenote_note":"","_monsterinsights_sitenote_category":0,"footnotes":""},"categories":[3],"tags":[],"class_list":["post-3025","post","type-post","status-publish","format-standard","has-post-thumbnail","hentry","category-kronika"],"yoast_head":"<!-- This site is optimized with the Yoast SEO plugin v27.5 - https:\/\/yoast.com\/product\/yoast-seo-wordpress\/ -->\n<title>AKADEMI - PLLAK P\u00cbRKUJTIMORE N\u00cb NDER T\u00cb JET\u00cbS DHE VEPR\u00cbS S\u00cb PROFESORIT DHE VEPRIMTARIT SHABAN ABAZI - Medvegja Sot<\/title>\n<meta name=\"robots\" content=\"index, follow, max-snippet:-1, max-image-preview:large, max-video-preview:-1\" \/>\n<link rel=\"canonical\" href=\"https:\/\/medvegjasot.com\/?p=3025\" \/>\n<meta property=\"og:locale\" content=\"en_US\" \/>\n<meta property=\"og:type\" content=\"article\" \/>\n<meta property=\"og:title\" content=\"AKADEMI - PLLAK P\u00cbRKUJTIMORE N\u00cb NDER T\u00cb JET\u00cbS DHE VEPR\u00cbS S\u00cb PROFESORIT DHE VEPRIMTARIT SHABAN ABAZI - Medvegja Sot\" \/>\n<meta property=\"og:description\" content=\"N\u00eb nj\u00eb vjetorin e ikjes n\u00eb amshim t\u00eb pishtarit t\u00eb liris\u00eb dhe dijes profesorit Shaban Abazi nga Medvegja u organizua&nbsp;&nbsp;Akademia&nbsp;&nbsp;P\u00ebrkujtimore n\u00eb nder t\u00eb jet\u00ebs dhe vepr\u00ebs s\u00eb tij t\u00eb ndritur p\u00ebr kontributin e dh\u00ebn\u00eb n\u00eb luft\u00eb dhe liri. Akademia P\u00ebrkujtimore u mbajt m\u00eb dat\u00eb 03 Tetor 2024 me fillim nga ora 11:00 n\u00eb Amfiteatrin e...\" \/>\n<meta property=\"og:url\" content=\"https:\/\/medvegjasot.com\/?p=3025\" \/>\n<meta property=\"og:site_name\" content=\"Medvegja Sot\" \/>\n<meta property=\"article:publisher\" content=\"https:\/\/www.facebook.com\/MedvegjaSot.com1\" \/>\n<meta property=\"article:published_time\" content=\"2024-10-03T14:34:24+00:00\" \/>\n<meta property=\"article:modified_time\" content=\"2024-10-05T08:03:40+00:00\" \/>\n<meta property=\"og:image\" content=\"https:\/\/medvegjasot.com\/wp-content\/uploads\/2024\/10\/photo-output-7.jpeg\" \/>\n\t<meta property=\"og:image:width\" content=\"2016\" \/>\n\t<meta property=\"og:image:height\" content=\"1134\" \/>\n\t<meta property=\"og:image:type\" content=\"image\/jpeg\" \/>\n<meta name=\"author\" content=\"admin\" \/>\n<meta name=\"twitter:card\" content=\"summary_large_image\" \/>\n<meta name=\"twitter:label1\" content=\"Written by\" \/>\n\t<meta name=\"twitter:data1\" content=\"admin\" \/>\n\t<meta name=\"twitter:label2\" content=\"Est. reading time\" \/>\n\t<meta name=\"twitter:data2\" content=\"6 minutes\" \/>\n<script type=\"application\/ld+json\" class=\"yoast-schema-graph\">{\"@context\":\"https:\\\/\\\/schema.org\",\"@graph\":[{\"@type\":\"Article\",\"@id\":\"https:\\\/\\\/medvegjasot.com\\\/?p=3025#article\",\"isPartOf\":{\"@id\":\"https:\\\/\\\/medvegjasot.com\\\/?p=3025\"},\"author\":{\"name\":\"admin\",\"@id\":\"https:\\\/\\\/medvegjasot.com\\\/#\\\/schema\\\/person\\\/f2be1a84f4e95d0cb032946a1cf2e594\"},\"headline\":\"AKADEMI &#8211; PLLAK P\u00cbRKUJTIMORE N\u00cb NDER T\u00cb JET\u00cbS DHE VEPR\u00cbS S\u00cb PROFESORIT DHE VEPRIMTARIT SHABAN ABAZI\",\"datePublished\":\"2024-10-03T14:34:24+00:00\",\"dateModified\":\"2024-10-05T08:03:40+00:00\",\"mainEntityOfPage\":{\"@id\":\"https:\\\/\\\/medvegjasot.com\\\/?p=3025\"},\"wordCount\":796,\"commentCount\":0,\"publisher\":{\"@id\":\"https:\\\/\\\/medvegjasot.com\\\/#organization\"},\"image\":{\"@id\":\"https:\\\/\\\/medvegjasot.com\\\/?p=3025#primaryimage\"},\"thumbnailUrl\":\"https:\\\/\\\/medvegjasot.com\\\/wp-content\\\/uploads\\\/2024\\\/10\\\/photo-output-7.jpeg\",\"articleSection\":[\"KRONIKA\"],\"inLanguage\":\"en-US\",\"potentialAction\":[{\"@type\":\"CommentAction\",\"name\":\"Comment\",\"target\":[\"https:\\\/\\\/medvegjasot.com\\\/?p=3025#respond\"]}]},{\"@type\":\"WebPage\",\"@id\":\"https:\\\/\\\/medvegjasot.com\\\/?p=3025\",\"url\":\"https:\\\/\\\/medvegjasot.com\\\/?p=3025\",\"name\":\"AKADEMI - PLLAK P\u00cbRKUJTIMORE N\u00cb NDER T\u00cb JET\u00cbS DHE VEPR\u00cbS S\u00cb PROFESORIT DHE VEPRIMTARIT SHABAN ABAZI - Medvegja Sot\",\"isPartOf\":{\"@id\":\"https:\\\/\\\/medvegjasot.com\\\/#website\"},\"primaryImageOfPage\":{\"@id\":\"https:\\\/\\\/medvegjasot.com\\\/?p=3025#primaryimage\"},\"image\":{\"@id\":\"https:\\\/\\\/medvegjasot.com\\\/?p=3025#primaryimage\"},\"thumbnailUrl\":\"https:\\\/\\\/medvegjasot.com\\\/wp-content\\\/uploads\\\/2024\\\/10\\\/photo-output-7.jpeg\",\"datePublished\":\"2024-10-03T14:34:24+00:00\",\"dateModified\":\"2024-10-05T08:03:40+00:00\",\"breadcrumb\":{\"@id\":\"https:\\\/\\\/medvegjasot.com\\\/?p=3025#breadcrumb\"},\"inLanguage\":\"en-US\",\"potentialAction\":[{\"@type\":\"ReadAction\",\"target\":[\"https:\\\/\\\/medvegjasot.com\\\/?p=3025\"]}]},{\"@type\":\"ImageObject\",\"inLanguage\":\"en-US\",\"@id\":\"https:\\\/\\\/medvegjasot.com\\\/?p=3025#primaryimage\",\"url\":\"https:\\\/\\\/medvegjasot.com\\\/wp-content\\\/uploads\\\/2024\\\/10\\\/photo-output-7.jpeg\",\"contentUrl\":\"https:\\\/\\\/medvegjasot.com\\\/wp-content\\\/uploads\\\/2024\\\/10\\\/photo-output-7.jpeg\",\"width\":2016,\"height\":1134},{\"@type\":\"BreadcrumbList\",\"@id\":\"https:\\\/\\\/medvegjasot.com\\\/?p=3025#breadcrumb\",\"itemListElement\":[{\"@type\":\"ListItem\",\"position\":1,\"name\":\"Home\",\"item\":\"https:\\\/\\\/medvegjasot.com\\\/\"},{\"@type\":\"ListItem\",\"position\":2,\"name\":\"AKADEMI &#8211; PLLAK P\u00cbRKUJTIMORE N\u00cb NDER T\u00cb JET\u00cbS DHE VEPR\u00cbS S\u00cb PROFESORIT DHE VEPRIMTARIT SHABAN ABAZI\"}]},{\"@type\":\"WebSite\",\"@id\":\"https:\\\/\\\/medvegjasot.com\\\/#website\",\"url\":\"https:\\\/\\\/medvegjasot.com\\\/\",\"name\":\"Medvegja Sot\",\"description\":\"Portal Lajmesh\",\"publisher\":{\"@id\":\"https:\\\/\\\/medvegjasot.com\\\/#organization\"},\"alternateName\":\"MS\",\"potentialAction\":[{\"@type\":\"SearchAction\",\"target\":{\"@type\":\"EntryPoint\",\"urlTemplate\":\"https:\\\/\\\/medvegjasot.com\\\/?s={search_term_string}\"},\"query-input\":{\"@type\":\"PropertyValueSpecification\",\"valueRequired\":true,\"valueName\":\"search_term_string\"}}],\"inLanguage\":\"en-US\"},{\"@type\":\"Organization\",\"@id\":\"https:\\\/\\\/medvegjasot.com\\\/#organization\",\"name\":\"Medvegja Sot\",\"alternateName\":\"MS\",\"url\":\"https:\\\/\\\/medvegjasot.com\\\/\",\"logo\":{\"@type\":\"ImageObject\",\"inLanguage\":\"en-US\",\"@id\":\"https:\\\/\\\/medvegjasot.com\\\/#\\\/schema\\\/logo\\\/image\\\/\",\"url\":\"https:\\\/\\\/medvegjasot.com\\\/wp-content\\\/uploads\\\/2024\\\/08\\\/logo.png\",\"contentUrl\":\"https:\\\/\\\/medvegjasot.com\\\/wp-content\\\/uploads\\\/2024\\\/08\\\/logo.png\",\"width\":500,\"height\":500,\"caption\":\"Medvegja Sot\"},\"image\":{\"@id\":\"https:\\\/\\\/medvegjasot.com\\\/#\\\/schema\\\/logo\\\/image\\\/\"},\"sameAs\":[\"https:\\\/\\\/www.facebook.com\\\/MedvegjaSot.com1\"]},{\"@type\":\"Person\",\"@id\":\"https:\\\/\\\/medvegjasot.com\\\/#\\\/schema\\\/person\\\/f2be1a84f4e95d0cb032946a1cf2e594\",\"name\":\"admin\",\"image\":{\"@type\":\"ImageObject\",\"inLanguage\":\"en-US\",\"@id\":\"https:\\\/\\\/secure.gravatar.com\\\/avatar\\\/2eedc5259426225ddc6f98b4b6728c30418b83e6f70285719780d3518d972ece?s=96&d=mm&r=g\",\"url\":\"https:\\\/\\\/secure.gravatar.com\\\/avatar\\\/2eedc5259426225ddc6f98b4b6728c30418b83e6f70285719780d3518d972ece?s=96&d=mm&r=g\",\"contentUrl\":\"https:\\\/\\\/secure.gravatar.com\\\/avatar\\\/2eedc5259426225ddc6f98b4b6728c30418b83e6f70285719780d3518d972ece?s=96&d=mm&r=g\",\"caption\":\"admin\"},\"url\":\"https:\\\/\\\/medvegjasot.com\\\/?author=2\"}]}<\/script>\n<!-- \/ Yoast SEO plugin. -->","yoast_head_json":{"title":"AKADEMI - PLLAK P\u00cbRKUJTIMORE N\u00cb NDER T\u00cb JET\u00cbS DHE VEPR\u00cbS S\u00cb PROFESORIT DHE VEPRIMTARIT SHABAN ABAZI - Medvegja Sot","robots":{"index":"index","follow":"follow","max-snippet":"max-snippet:-1","max-image-preview":"max-image-preview:large","max-video-preview":"max-video-preview:-1"},"canonical":"https:\/\/medvegjasot.com\/?p=3025","og_locale":"en_US","og_type":"article","og_title":"AKADEMI - PLLAK P\u00cbRKUJTIMORE N\u00cb NDER T\u00cb JET\u00cbS DHE VEPR\u00cbS S\u00cb PROFESORIT DHE VEPRIMTARIT SHABAN ABAZI - Medvegja Sot","og_description":"N\u00eb nj\u00eb vjetorin e ikjes n\u00eb amshim t\u00eb pishtarit t\u00eb liris\u00eb dhe dijes profesorit Shaban Abazi nga Medvegja u organizua&nbsp;&nbsp;Akademia&nbsp;&nbsp;P\u00ebrkujtimore n\u00eb nder t\u00eb jet\u00ebs dhe vepr\u00ebs s\u00eb tij t\u00eb ndritur p\u00ebr kontributin e dh\u00ebn\u00eb n\u00eb luft\u00eb dhe liri. Akademia P\u00ebrkujtimore u mbajt m\u00eb dat\u00eb 03 Tetor 2024 me fillim nga ora 11:00 n\u00eb Amfiteatrin e...","og_url":"https:\/\/medvegjasot.com\/?p=3025","og_site_name":"Medvegja Sot","article_publisher":"https:\/\/www.facebook.com\/MedvegjaSot.com1","article_published_time":"2024-10-03T14:34:24+00:00","article_modified_time":"2024-10-05T08:03:40+00:00","og_image":[{"width":2016,"height":1134,"url":"https:\/\/medvegjasot.com\/wp-content\/uploads\/2024\/10\/photo-output-7.jpeg","type":"image\/jpeg"}],"author":"admin","twitter_card":"summary_large_image","twitter_misc":{"Written by":"admin","Est. reading time":"6 minutes"},"schema":{"@context":"https:\/\/schema.org","@graph":[{"@type":"Article","@id":"https:\/\/medvegjasot.com\/?p=3025#article","isPartOf":{"@id":"https:\/\/medvegjasot.com\/?p=3025"},"author":{"name":"admin","@id":"https:\/\/medvegjasot.com\/#\/schema\/person\/f2be1a84f4e95d0cb032946a1cf2e594"},"headline":"AKADEMI &#8211; PLLAK P\u00cbRKUJTIMORE N\u00cb NDER T\u00cb JET\u00cbS DHE VEPR\u00cbS S\u00cb PROFESORIT DHE VEPRIMTARIT SHABAN ABAZI","datePublished":"2024-10-03T14:34:24+00:00","dateModified":"2024-10-05T08:03:40+00:00","mainEntityOfPage":{"@id":"https:\/\/medvegjasot.com\/?p=3025"},"wordCount":796,"commentCount":0,"publisher":{"@id":"https:\/\/medvegjasot.com\/#organization"},"image":{"@id":"https:\/\/medvegjasot.com\/?p=3025#primaryimage"},"thumbnailUrl":"https:\/\/medvegjasot.com\/wp-content\/uploads\/2024\/10\/photo-output-7.jpeg","articleSection":["KRONIKA"],"inLanguage":"en-US","potentialAction":[{"@type":"CommentAction","name":"Comment","target":["https:\/\/medvegjasot.com\/?p=3025#respond"]}]},{"@type":"WebPage","@id":"https:\/\/medvegjasot.com\/?p=3025","url":"https:\/\/medvegjasot.com\/?p=3025","name":"AKADEMI - PLLAK P\u00cbRKUJTIMORE N\u00cb NDER T\u00cb JET\u00cbS DHE VEPR\u00cbS S\u00cb PROFESORIT DHE VEPRIMTARIT SHABAN ABAZI - Medvegja Sot","isPartOf":{"@id":"https:\/\/medvegjasot.com\/#website"},"primaryImageOfPage":{"@id":"https:\/\/medvegjasot.com\/?p=3025#primaryimage"},"image":{"@id":"https:\/\/medvegjasot.com\/?p=3025#primaryimage"},"thumbnailUrl":"https:\/\/medvegjasot.com\/wp-content\/uploads\/2024\/10\/photo-output-7.jpeg","datePublished":"2024-10-03T14:34:24+00:00","dateModified":"2024-10-05T08:03:40+00:00","breadcrumb":{"@id":"https:\/\/medvegjasot.com\/?p=3025#breadcrumb"},"inLanguage":"en-US","potentialAction":[{"@type":"ReadAction","target":["https:\/\/medvegjasot.com\/?p=3025"]}]},{"@type":"ImageObject","inLanguage":"en-US","@id":"https:\/\/medvegjasot.com\/?p=3025#primaryimage","url":"https:\/\/medvegjasot.com\/wp-content\/uploads\/2024\/10\/photo-output-7.jpeg","contentUrl":"https:\/\/medvegjasot.com\/wp-content\/uploads\/2024\/10\/photo-output-7.jpeg","width":2016,"height":1134},{"@type":"BreadcrumbList","@id":"https:\/\/medvegjasot.com\/?p=3025#breadcrumb","itemListElement":[{"@type":"ListItem","position":1,"name":"Home","item":"https:\/\/medvegjasot.com\/"},{"@type":"ListItem","position":2,"name":"AKADEMI &#8211; PLLAK P\u00cbRKUJTIMORE N\u00cb NDER T\u00cb JET\u00cbS DHE VEPR\u00cbS S\u00cb PROFESORIT DHE VEPRIMTARIT SHABAN ABAZI"}]},{"@type":"WebSite","@id":"https:\/\/medvegjasot.com\/#website","url":"https:\/\/medvegjasot.com\/","name":"Medvegja Sot","description":"Portal Lajmesh","publisher":{"@id":"https:\/\/medvegjasot.com\/#organization"},"alternateName":"MS","potentialAction":[{"@type":"SearchAction","target":{"@type":"EntryPoint","urlTemplate":"https:\/\/medvegjasot.com\/?s={search_term_string}"},"query-input":{"@type":"PropertyValueSpecification","valueRequired":true,"valueName":"search_term_string"}}],"inLanguage":"en-US"},{"@type":"Organization","@id":"https:\/\/medvegjasot.com\/#organization","name":"Medvegja Sot","alternateName":"MS","url":"https:\/\/medvegjasot.com\/","logo":{"@type":"ImageObject","inLanguage":"en-US","@id":"https:\/\/medvegjasot.com\/#\/schema\/logo\/image\/","url":"https:\/\/medvegjasot.com\/wp-content\/uploads\/2024\/08\/logo.png","contentUrl":"https:\/\/medvegjasot.com\/wp-content\/uploads\/2024\/08\/logo.png","width":500,"height":500,"caption":"Medvegja Sot"},"image":{"@id":"https:\/\/medvegjasot.com\/#\/schema\/logo\/image\/"},"sameAs":["https:\/\/www.facebook.com\/MedvegjaSot.com1"]},{"@type":"Person","@id":"https:\/\/medvegjasot.com\/#\/schema\/person\/f2be1a84f4e95d0cb032946a1cf2e594","name":"admin","image":{"@type":"ImageObject","inLanguage":"en-US","@id":"https:\/\/secure.gravatar.com\/avatar\/2eedc5259426225ddc6f98b4b6728c30418b83e6f70285719780d3518d972ece?s=96&d=mm&r=g","url":"https:\/\/secure.gravatar.com\/avatar\/2eedc5259426225ddc6f98b4b6728c30418b83e6f70285719780d3518d972ece?s=96&d=mm&r=g","contentUrl":"https:\/\/secure.gravatar.com\/avatar\/2eedc5259426225ddc6f98b4b6728c30418b83e6f70285719780d3518d972ece?s=96&d=mm&r=g","caption":"admin"},"url":"https:\/\/medvegjasot.com\/?author=2"}]}},"jetpack_featured_media_url":"https:\/\/medvegjasot.com\/wp-content\/uploads\/2024\/10\/photo-output-7.jpeg","_links":{"self":[{"href":"https:\/\/medvegjasot.com\/index.php?rest_route=\/wp\/v2\/posts\/3025","targetHints":{"allow":["GET"]}}],"collection":[{"href":"https:\/\/medvegjasot.com\/index.php?rest_route=\/wp\/v2\/posts"}],"about":[{"href":"https:\/\/medvegjasot.com\/index.php?rest_route=\/wp\/v2\/types\/post"}],"author":[{"embeddable":true,"href":"https:\/\/medvegjasot.com\/index.php?rest_route=\/wp\/v2\/users\/2"}],"replies":[{"embeddable":true,"href":"https:\/\/medvegjasot.com\/index.php?rest_route=%2Fwp%2Fv2%2Fcomments&post=3025"}],"version-history":[{"count":7,"href":"https:\/\/medvegjasot.com\/index.php?rest_route=\/wp\/v2\/posts\/3025\/revisions"}],"predecessor-version":[{"id":3053,"href":"https:\/\/medvegjasot.com\/index.php?rest_route=\/wp\/v2\/posts\/3025\/revisions\/3053"}],"wp:featuredmedia":[{"embeddable":true,"href":"https:\/\/medvegjasot.com\/index.php?rest_route=\/wp\/v2\/media\/3043"}],"wp:attachment":[{"href":"https:\/\/medvegjasot.com\/index.php?rest_route=%2Fwp%2Fv2%2Fmedia&parent=3025"}],"wp:term":[{"taxonomy":"category","embeddable":true,"href":"https:\/\/medvegjasot.com\/index.php?rest_route=%2Fwp%2Fv2%2Fcategories&post=3025"},{"taxonomy":"post_tag","embeddable":true,"href":"https:\/\/medvegjasot.com\/index.php?rest_route=%2Fwp%2Fv2%2Ftags&post=3025"}],"curies":[{"name":"wp","href":"https:\/\/api.w.org\/{rel}","templated":true}]}}