{"id":2986,"date":"2024-10-01T19:05:58","date_gmt":"2024-10-01T19:05:58","guid":{"rendered":"https:\/\/medvegjasot.com\/?p=2986"},"modified":"2024-10-08T07:04:19","modified_gmt":"2024-10-08T07:04:19","slug":"lamtumire-miku-yne-i-shtrenjte-shaban-abazi-sfirca-1960-2024","status":"publish","type":"post","link":"https:\/\/medvegjasot.com\/?p=2986","title":{"rendered":"LAMTUMIR\u00cb MIKU YN\u00cb I SHTRENJT\u00cb, SHABAN ABAZI &#8211; SFIRCA (1960 &#8211; 2024)\u00a0"},"content":{"rendered":"\n<p>Me dat\u00ebn 28 shtator 2024 i pik\u00eblluar thell\u00ebsisht nga lajmi p\u00ebr ndarjen nga jeta e mikut tim t\u00eb shtrenj\u00ebt&nbsp;&nbsp;Shaban Abazi.&nbsp;  Ati ju dha lamtumira e fundit me dat\u00ebn 30 shtator 2024 n\u00eb ora 16:00 n\u00eb varrezat e fshatit Zllatar &#8211; Mati\u00e7an.&nbsp;<br><\/p>\n\n\n\n<figure class=\"wp-block-image size-large\"><img fetchpriority=\"high\" decoding=\"async\" width=\"1024\" height=\"768\" src=\"https:\/\/medvegjasot.com\/wp-content\/uploads\/2024\/10\/IMG_7524-1024x768.jpeg\" alt=\"\" class=\"wp-image-2989\" srcset=\"https:\/\/medvegjasot.com\/wp-content\/uploads\/2024\/10\/IMG_7524-1024x768.jpeg 1024w, https:\/\/medvegjasot.com\/wp-content\/uploads\/2024\/10\/IMG_7524-300x225.jpeg 300w, https:\/\/medvegjasot.com\/wp-content\/uploads\/2024\/10\/IMG_7524-768x576.jpeg 768w, https:\/\/medvegjasot.com\/wp-content\/uploads\/2024\/10\/IMG_7524-1536x1152.jpeg 1536w, https:\/\/medvegjasot.com\/wp-content\/uploads\/2024\/10\/IMG_7524-2048x1536.jpeg 2048w\" sizes=\"(max-width: 1024px) 100vw, 1024px\" \/><\/figure>\n\n\n\n<p>Shaban Abazi lindi n\u00eb fshatin Sfirc\u00eb m\u00eb 28.05.1960 &#8211; 28.09.2024. N\u00eb koh\u00ebrat m\u00eb t\u00eb v\u00ebshtira p\u00ebr Medvegj\u00ebn Shabani ishte krah n\u00eb krye t\u00eb detyr\u00ebs me pushk\u00eb n\u00eb dor\u00eb n\u00eb mbrojtje t\u00eb vendit t\u00eb vet bashk\u00eb me shok\u00eb.<\/p>\n\n\n\n<p>Si pjes\u00ebtar dhe komandant i U\u00c7PMB-s\u00eb, i plagosur n\u00eb luft\u00eb n\u00eb mbrojte t\u00eb vendit t\u00eb vet, pishtar drite n\u00eb liri, nj\u00eb humanist i v\u00ebrtet\u00eb p\u00ebr mbar\u00eb kombin dhe shqiptarin\u00eb!<\/p>\n\n\n\n<figure class=\"wp-block-embed is-type-video is-provider-youtube wp-block-embed-youtube wp-embed-aspect-16-9 wp-has-aspect-ratio\"><div class=\"wp-block-embed__wrapper\">\n<iframe  id=\"_ytid_77080\"  width=\"640\" height=\"360\"  data-origwidth=\"640\" data-origheight=\"360\" src=\"https:\/\/www.youtube.com\/embed\/0G5LL--0414?enablejsapi=1&#038;autoplay=0&#038;cc_load_policy=0&#038;cc_lang_pref=&#038;iv_load_policy=1&#038;loop=0&#038;rel=1&#038;fs=1&#038;playsinline=0&#038;autohide=2&#038;theme=dark&#038;color=red&#038;controls=1&#038;\" class=\"__youtube_prefs__  epyt-is-override  no-lazyload\" title=\"YouTube player\"  allow=\"fullscreen; accelerometer; autoplay; clipboard-write; encrypted-media; gyroscope; picture-in-picture; web-share\" referrerpolicy=\"strict-origin-when-cross-origin\" allowfullscreen data-no-lazy=\"1\" data-skipgform_ajax_framebjll=\"\"><\/iframe>\n<\/div><\/figure>\n\n\n\n<p><\/p>\n\n\n\n<p>Duke i d\u00ebrguar ngush\u00ebllime t\u00eb p\u00ebrzem\u00ebrta familjes ABAZI ! Emri dhe vepra e tij mbetet i gjall\u00eb gjithmon\u00eb!&nbsp;<br><\/p>\n\n\n\n<figure class=\"wp-block-gallery has-nested-images columns-default is-cropped wp-block-gallery-1 is-layout-flex wp-block-gallery-is-layout-flex\">\n<figure class=\"wp-block-image size-large\"><img decoding=\"async\" width=\"771\" height=\"1024\" data-id=\"2992\" src=\"https:\/\/medvegjasot.com\/wp-content\/uploads\/2024\/10\/photo-output-1-771x1024.jpeg\" alt=\"\" class=\"wp-image-2992\" srcset=\"https:\/\/medvegjasot.com\/wp-content\/uploads\/2024\/10\/photo-output-1-771x1024.jpeg 771w, https:\/\/medvegjasot.com\/wp-content\/uploads\/2024\/10\/photo-output-1-226x300.jpeg 226w, https:\/\/medvegjasot.com\/wp-content\/uploads\/2024\/10\/photo-output-1-768x1020.jpeg 768w, https:\/\/medvegjasot.com\/wp-content\/uploads\/2024\/10\/photo-output-1-1157x1536.jpeg 1157w, https:\/\/medvegjasot.com\/wp-content\/uploads\/2024\/10\/photo-output-1.jpeg 1542w\" sizes=\"(max-width: 771px) 100vw, 771px\" \/><\/figure>\n<\/figure>\n\n\n\n<p><\/p>\n\n\n\n\n\n<p>N\u00eb f\u00ebmij\u00ebri i dalluar, m\u00eb von\u00eb m\u00ebsues i dashur, humanist, zem\u00ebrbujar, veprimtar i \u00e7\u00ebshtjes komb\u00ebtare, luft\u00ebtar e poet, Komandant i U\u00c7PMB-\u00ebs Zona Operative Medvegj\u00eb-\u00ebs&nbsp;&nbsp;kontribues i paqes, k\u00ebng\u00ebtar dhe instrumentalist i k\u00ebng\u00ebs shqipe, autor i 10 librave, mjesht\u00ebr i madh i \u00e7iftelis\u00eb, i lindur dhe i rritur n\u00eb Sfirc\u00eb t\u00eb Medvegj\u00ebs. Pasi aty kushtet ishin t\u00eb v\u00ebshtira edhe p\u00ebr shkollim, migroi n\u00eb Prishtin\u00eb, profesor i gjuh\u00ebs shqipe, i cili punoi p\u00ebrkoh\u00ebsisht n\u00eb Kazakistan. Aty ku i pushoj s&#8217;rrahuri zemra q\u00eb Lindi p\u00ebr t\u00eb mos vdekur kurr\u00eb.<\/p>\n\n\n\n<figure class=\"wp-block-image size-large\"><img decoding=\"async\" width=\"780\" height=\"1024\" src=\"https:\/\/medvegjasot.com\/wp-content\/uploads\/2024\/10\/photo-output-2-780x1024.jpeg\" alt=\"\" class=\"wp-image-2994\" srcset=\"https:\/\/medvegjasot.com\/wp-content\/uploads\/2024\/10\/photo-output-2-780x1024.jpeg 780w, https:\/\/medvegjasot.com\/wp-content\/uploads\/2024\/10\/photo-output-2-229x300.jpeg 229w, https:\/\/medvegjasot.com\/wp-content\/uploads\/2024\/10\/photo-output-2-768x1008.jpeg 768w, https:\/\/medvegjasot.com\/wp-content\/uploads\/2024\/10\/photo-output-2-1170x1536.jpeg 1170w, https:\/\/medvegjasot.com\/wp-content\/uploads\/2024\/10\/photo-output-2.jpeg 1560w\" sizes=\"(max-width: 780px) 100vw, 780px\" \/><\/figure>\n\n\n\n<p><\/p>\n\n\n\n<p><strong>M\u00cb SHUM\u00cb P\u00cbR VEPRAT E SHABAN ABAZIT<\/strong><\/p>\n\n\n\n<p>Preokupimet e poetit jan\u00eb q\u00ebndresa, stoicizmi dhe atdhedashuria, t\u00eb cilat i flejn\u00eb n\u00eb palc\u00eb. Breng\u00eb e Abazit jan\u00eb edhe plag\u00ebt e pash\u00ebruara t\u00eb luft\u00ebs s\u00eb fundit bashk\u00eb me v\u00ebrrag\u00ebt q\u00eb ajo la pas. Abazi trajton edhe plag\u00ebn shekullore, siluet\u00ebn e cila e p\u00ebrcoll me shekuj kombin ton\u00eb, q\u00ebndiset n\u00ebp\u00ebr histori si e pam\u00ebshir\u00eb ndaj nesh e kjo plag\u00eb \u00ebsht\u00eb kurbeti t\u00eb cilat ai i shtjellon me nj\u00eb mjesht\u00ebri t\u00eb mpreht\u00eb artistike.<\/p>\n\n\n\n<figure class=\"wp-block-image size-large\"><img loading=\"lazy\" decoding=\"async\" width=\"769\" height=\"1024\" src=\"https:\/\/medvegjasot.com\/wp-content\/uploads\/2024\/10\/IMG_7876-769x1024.jpeg\" alt=\"\" class=\"wp-image-3086\" srcset=\"https:\/\/medvegjasot.com\/wp-content\/uploads\/2024\/10\/IMG_7876-769x1024.jpeg 769w, https:\/\/medvegjasot.com\/wp-content\/uploads\/2024\/10\/IMG_7876-225x300.jpeg 225w, https:\/\/medvegjasot.com\/wp-content\/uploads\/2024\/10\/IMG_7876-768x1023.jpeg 768w, https:\/\/medvegjasot.com\/wp-content\/uploads\/2024\/10\/IMG_7876-1154x1536.jpeg 1154w, https:\/\/medvegjasot.com\/wp-content\/uploads\/2024\/10\/IMG_7876-1538x2048.jpeg 1538w, https:\/\/medvegjasot.com\/wp-content\/uploads\/2024\/10\/IMG_7876-scaled.jpeg 1923w\" sizes=\"(max-width: 769px) 100vw, 769px\" \/><\/figure>\n\n\n\n<p><\/p>\n\n\n\n<p>Autori gjithashtu trajton edhe tema t\u00eb ndryshme sociale t\u00eb cilat e preokupojn\u00eb edhe realitetin aktual. Pena e Abazit nd\u00ebrton mjesht\u00ebrisht fortes\u00ebn enigmatike t\u00eb shprehjes s\u00eb fjal\u00ebs artistike. Disa poezi t\u00eb Abazit shemb\u00ebllejn\u00eb si fragmente ditari, t\u00eb shkruara me vargje dhe mendime t\u00eb skalitura bukur, q\u00eb l\u00ebn\u00eb impresione t\u00eb forta t\u00eb lexuesit.&nbsp;<br><\/p>\n\n\n\n<figure class=\"wp-block-image size-large\"><img loading=\"lazy\" decoding=\"async\" width=\"819\" height=\"1024\" src=\"https:\/\/medvegjasot.com\/wp-content\/uploads\/2024\/10\/photo-output-3-819x1024.jpeg\" alt=\"\" class=\"wp-image-2995\" srcset=\"https:\/\/medvegjasot.com\/wp-content\/uploads\/2024\/10\/photo-output-3-819x1024.jpeg 819w, https:\/\/medvegjasot.com\/wp-content\/uploads\/2024\/10\/photo-output-3-240x300.jpeg 240w, https:\/\/medvegjasot.com\/wp-content\/uploads\/2024\/10\/photo-output-3-768x960.jpeg 768w, https:\/\/medvegjasot.com\/wp-content\/uploads\/2024\/10\/photo-output-3-1229x1536.jpeg 1229w, https:\/\/medvegjasot.com\/wp-content\/uploads\/2024\/10\/photo-output-3.jpeg 1638w\" sizes=\"(max-width: 819px) 100vw, 819px\" \/><\/figure>\n\n\n\n<p>E ve\u00e7anta e poezive t\u00eb v\u00ebllimeve nga ky autor \u00ebsht\u00eb gjuha dhe stili, p\u00ebrdorimi i figurave t\u00eb ndryshme letrare, si\u00e7 jan\u00eb: epitetet, metaforat, krahasimet dhe metri e rimimi i vargjeve. Pra, vargu, fjala, fryma dhe t\u00eb shprehurit poetik jan\u00eb ve\u00e7orit\u00eb kryesore q\u00eb vepr\u00ebs ia shtojn\u00eb vler\u00ebn. Ne p\u00ebrmes k\u00ebtyre vargjeve, do t\u00eb mund t\u00eb futemi brenda bot\u00ebs krijuese, duke e d\u00ebshifruar si bot\u00ebn poetike ashtu edhe at\u00eb njer\u00ebzore.<\/p>\n\n\n\n<p>Nga veprat e autorit Shaban Abazi dhe nga vet\u00eb titujt, kuptojm\u00eb \u201cMall m\u00ebrgimtari\u201d, ku kjo \u00ebsht\u00eb nj\u00eb dhimbje, e p\u00ebcjellur me shum\u00eb mall. Poezit\u00eb e tij i shquan mendimi, ritmi dhe rima, elemente t\u00eb mjaftueshme q\u00eb ua shtojn\u00eb vler\u00ebn artistike. \u201cHarabeli i uritur\u201d nj\u00eb uri jona, jo vet\u00ebm te harabeli q\u00eb nga koh\u00ebrat q\u00eb u lind dhe u rrit.<\/p>\n\n\n\n<p>Edhe libri \u201cBilbil mos hesht\u201d, jep nj\u00eb mesazh t\u00eb qart\u00eb. Ai t\u00eb merr n\u00eb gjirin e tij me vargjet e skalitura p\u00ebr mrekulli.<\/p>\n\n\n\n<p>N\u00eb v\u00ebllimin \u201c200 anekdotat e Nasradin Hoxh\u00ebs\u201d, po ashtu n\u00eb librin me titull &#8216;Molla e kuqe\u201d, hasim shkrime interesante, me nj\u00eb vler\u00eb t\u00eb madhe letare. Autori shkruan edhe n\u00eb v\u00ebllimin me titull \u201cMeselet e Hasanovit\u00ebve\u201d, t\u00eb cilat edhe sot fliten e p\u00ebrcillen me nj\u00eb dashamir\u00ebsi t\u00eb madhe. Ishin mesele p\u00ebr koh\u00ebn t\u00eb paharruara.<\/p>\n\n\n\n<p>Edhe n\u00eb librin \u201cPik\u00eb e pes\u00eb\u201d, vet\u00eb titulli i librit t\u00eb jep t\u00eb kuptosh se jemi t\u00eb ndar\u00eb nga familja, shoq\u00ebria, vendlindja, thjesht, nga shum\u00eb gj\u00ebra q\u00eb i duam, por nuk i kemi af\u00ebr.<\/p>\n\n\n\n<figure class=\"wp-block-embed is-type-video is-provider-youtube wp-block-embed-youtube wp-embed-aspect-16-9 wp-has-aspect-ratio\"><div class=\"wp-block-embed__wrapper\">\n<iframe  id=\"_ytid_48037\"  width=\"640\" height=\"360\"  data-origwidth=\"640\" data-origheight=\"360\" src=\"https:\/\/www.youtube.com\/embed\/UljptHRDIuU?enablejsapi=1&#038;autoplay=0&#038;cc_load_policy=0&#038;cc_lang_pref=&#038;iv_load_policy=1&#038;loop=0&#038;rel=1&#038;fs=1&#038;playsinline=0&#038;autohide=2&#038;theme=dark&#038;color=red&#038;controls=1&#038;\" class=\"__youtube_prefs__  epyt-is-override  no-lazyload\" title=\"YouTube player\"  allow=\"fullscreen; accelerometer; autoplay; clipboard-write; encrypted-media; gyroscope; picture-in-picture; web-share\" referrerpolicy=\"strict-origin-when-cross-origin\" allowfullscreen data-no-lazy=\"1\" data-skipgform_ajax_framebjll=\"\"><\/iframe>\n<\/div><\/figure>\n\n\n\n<p><\/p>\n\n\n\n<p>Te libri monografik \u201cN\u00ebna e madhe\u201d do t\u00eb ndalem m\u00eb gjat\u00eb, pasi ky lib\u00ebr m\u00eb shtyu ta lexoj jo m\u00eb pak se tri her\u00eb dhe pik\u00ebrisht pse libri flet p\u00ebr nj\u00eb n\u00ebn\u00eb. N\u00ebn\u00eb Hav\u00ebn, autori e quan n\u00ebna e madhe, e cila ishte nj\u00eb n\u00ebn\u00eb m\u00eb shum\u00eb se burr\u00eb e m\u00eb shum\u00eb se grua, m\u00eb e men\u00e7ur, e pashoqe, nj\u00eb mal\u00ebsore mbret\u00ebresh\u00eb, ku u mbijetoi vujatjeve, skamjes, e cila q\u00eb nga f\u00ebmij\u00ebria shquhej si nj\u00eb vajz\u00eb e guximshme, e interesuar t\u00eb dij\u00eb p\u00ebr t\u00eb gjitha sferat e jet\u00ebs. Libri p\u00ebrmban nj\u00eb histori t\u00eb nj\u00eb gruaje, q\u00eb mund ta lexosh mbi pes\u00eb her\u00eb dhe t\u00eb mos ndalesh s\u00eb lexuari. Pik\u00ebrisht p\u00ebr k\u00ebt\u00eb edhe un\u00eb u ndala te ky lib\u00ebr q\u00eb flet p\u00ebr nj\u00eb n\u00ebn\u00eb, q\u00eb dha shum\u00eb nga vetja me nj\u00eb zem\u00ebr t\u00eb madhe humane, e gurt\u00eb dhe e \u00e7elikt\u00eb p\u00ebrball\u00eb sfidave, n\u00eb t\u00eb cilat ajo jetoi q\u00eb nga f\u00ebmij\u00ebria.<\/p>\n\n\n\n<figure class=\"wp-block-embed is-type-video is-provider-youtube wp-block-embed-youtube wp-embed-aspect-16-9 wp-has-aspect-ratio\"><div class=\"wp-block-embed__wrapper\">\n<iframe  id=\"_ytid_32684\"  width=\"640\" height=\"360\"  data-origwidth=\"640\" data-origheight=\"360\" src=\"https:\/\/www.youtube.com\/embed\/u4EAZOD7rYw?enablejsapi=1&#038;autoplay=0&#038;cc_load_policy=0&#038;cc_lang_pref=&#038;iv_load_policy=1&#038;loop=0&#038;rel=1&#038;fs=1&#038;playsinline=0&#038;autohide=2&#038;theme=dark&#038;color=red&#038;controls=1&#038;\" class=\"__youtube_prefs__  epyt-is-override  no-lazyload\" title=\"YouTube player\"  allow=\"fullscreen; accelerometer; autoplay; clipboard-write; encrypted-media; gyroscope; picture-in-picture; web-share\" referrerpolicy=\"strict-origin-when-cross-origin\" allowfullscreen data-no-lazy=\"1\" data-skipgform_ajax_framebjll=\"\"><\/iframe>\n<\/div><\/figure>\n\n\n\n<p><\/p>\n\n\n\n<p>Librin e n\u00ebnt\u00eb \u201cTregime p\u00ebr f\u00ebmij\u00eb\u201d, autori me dashuri i shkruan edhe m\u00eb t\u00eb dashurve tan\u00eb, f\u00ebmij\u00ebve. N\u00eb k\u00ebt\u00eb lib\u00ebr poeti Abazi shquhet p\u00ebr poezi t\u00eb bukura, me mesazhe t\u00eb qarta q\u00eb na p\u00ebrcjellin p\u00ebrmes mendimesh t\u00eb mb\u00ebshtjella dhe q\u00eb i p\u00ebrmbledh me pak fjal\u00eb, gj\u00eb q\u00eb edhe ia arrin k\u00ebsaj pune me sukses.<\/p>\n\n\n\n<figure class=\"wp-block-image size-large\"><img loading=\"lazy\" decoding=\"async\" width=\"820\" height=\"1024\" src=\"https:\/\/medvegjasot.com\/wp-content\/uploads\/2024\/10\/photo-output-4-820x1024.jpeg\" alt=\"\" class=\"wp-image-2996\" srcset=\"https:\/\/medvegjasot.com\/wp-content\/uploads\/2024\/10\/photo-output-4-820x1024.jpeg 820w, https:\/\/medvegjasot.com\/wp-content\/uploads\/2024\/10\/photo-output-4-240x300.jpeg 240w, https:\/\/medvegjasot.com\/wp-content\/uploads\/2024\/10\/photo-output-4-768x959.jpeg 768w, https:\/\/medvegjasot.com\/wp-content\/uploads\/2024\/10\/photo-output-4-1230x1536.jpeg 1230w, https:\/\/medvegjasot.com\/wp-content\/uploads\/2024\/10\/photo-output-4.jpeg 1640w\" sizes=\"(max-width: 820px) 100vw, 820px\" \/><\/figure>\n\n\n\n<p><\/p>\n\n\n\n<p>Libri i  vlerave t\u00eb U\u00c7PMB-s\u00eb \u201cE v\u00ebrteta e nj\u00eb lufte-U\u00c7PMB\u201d, \u00ebsht\u00eb v\u00ebllimi i dhjet\u00eb nga Shaban Abazi. N\u00eb k\u00ebt\u00eb m\u00ebnyr\u00eb, njeriu me an\u00ebn e s\u00eb v\u00ebrtet\u00ebs shtron dhe zgjidh probleme t\u00eb cilat i dalin n\u00eb jet\u00eb gjat\u00eb historis\u00eb dhe p\u00ebrpiqet t&#8217;i shoh\u00eb k\u00ebto probleme n\u00eb poliedricitetin e tyre, t\u00eb dep\u00ebrtoj\u00eb n\u00eb thell\u00ebsin\u00eb e tyre, t&#8217;i ndri\u00e7oj\u00eb nga t\u00eb gjitha ato an\u00eb q\u00eb paraqesin interes. Pra, tematika e autorit Abazi \u00ebsht\u00eb e gjer\u00eb dhe e larmishme. Ajo p\u00ebrfshin: atdheun, vend- lindjen, lirin\u00eb, dinjitetin trim\u00ebrin\u00eb, bes\u00ebn, pun\u00ebn dhe q\u00ebndrimin ndaj saj, disiplin\u00ebn n\u00eb pun\u00eb, kursimin, miq\u00ebsin\u00eb dhe bashkimin, bujarin\u00eb, mir\u00ebsin\u00eb, mir\u00ebnjohjen, drejt\u00ebsin\u00eb, ndershm\u00ebrin\u00eb, t\u00eb v\u00ebrtet\u00ebn, sinqeritetin, aft\u00ebsin\u00eb dhe men\u00e7urin\u00eb, maturin\u00eb, mas\u00ebn, kujdesin, mir\u00ebbesimin, fjal\u00ebn dhe vepr\u00ebn, aft\u00ebsimin mendor dhe pajisjen me njohuri, urt\u00ebsin\u00eb, fjal\u00ebn e \u00ebmb\u00ebl, thjesht\u00ebsin\u00eb, diturin\u00eb, p\u00ebrvoj\u00ebn, edukat\u00ebn, tradit\u00ebn, sjelljen dhe veprimet, jet\u00ebn e opti- mizmin, njeriun, mjedisin dhe individin, kolektivin, rinin\u00eb dhe pleq\u00ebrin\u00eb, zhvillimin, familjen, farefisin, fqinj\u00ebsin\u00eb, m\u00ebnyr\u00ebn e jetes\u00ebs, mjetet materiale, njeriun, mjesht\u00ebrit\u00eb, motin, gjendjet, marr\u00ebdh\u00ebniet klasore, shtetin, politik\u00ebn, fen\u00eb, klerin, psikologjin\u00eb. <\/p>\n\n\n\n<p>Shkruan: <strong>Rrahman Hyseni, shkrimtar<\/strong><\/p>\n\n\n\n<figure class=\"wp-block-image size-large\"><img loading=\"lazy\" decoding=\"async\" width=\"1024\" height=\"573\" src=\"https:\/\/medvegjasot.com\/wp-content\/uploads\/2024\/10\/IMG_7589-1024x573.jpeg\" alt=\"\" class=\"wp-image-3009\" srcset=\"https:\/\/medvegjasot.com\/wp-content\/uploads\/2024\/10\/IMG_7589-1024x573.jpeg 1024w, https:\/\/medvegjasot.com\/wp-content\/uploads\/2024\/10\/IMG_7589-300x168.jpeg 300w, https:\/\/medvegjasot.com\/wp-content\/uploads\/2024\/10\/IMG_7589-768x430.jpeg 768w, https:\/\/medvegjasot.com\/wp-content\/uploads\/2024\/10\/IMG_7589.jpeg 1179w\" sizes=\"(max-width: 1024px) 100vw, 1024px\" \/><\/figure>\n\n\n\n<p><strong>CIK\u00cbL POEZISH NGA SHABAN ABAZI <\/strong><\/p>\n\n\n\n<p><\/p>\n\n\n\n<p>M\u00cbRGIMTARI<\/p>\n\n\n\n<p>\u201cT\u00eb lutem nga zemra<br>Ndryshe mos m\u00eb thirr.<br>Shqiptar un\u00eb jam.<br>Me mbiem\u00ebr Ilir.<\/p>\n\n\n\n<p>Ku do q\u00eb t\u00eb jesh<br>T\u00eb ndihesh krenar<br>A kush do t\u00eb pyet<br>Thuaj q\u00eb je shqiptar.<\/p>\n\n\n\n<p>Gjaku nuk b\u00ebhet uj\u00eb<br>T\u00eb vjetrit kan\u00eb th\u00ebn\u00eb.<br>Kombin dhe traditat<br>Anash s`b\u00ebn me i l\u00ebn\u00eb.<\/p>\n\n\n\n<p>Edhe kur t\u00eb vdes<br>Edhe sa t`jam gjall\u00eb<br>Ma shkruani te varri<br>Ky ishte SHQIPTAR.<\/p>\n\n\n\n<p>@Shaban ABAZI. M\u00ebrgimtari \u2013Kazakistan 2022.\u201d<\/p>\n\n\n\n<p>N\u00cbN\u00cbS<\/p>\n\n\n\n<p>N\u00ebn\u00eb e dashur ku me je ?<br>Je e gjall\u00eb,apo n\u00eb dhe.<br>Lamtumir\u00ebn kur ta thash,<br>N`Sfirc\u00ebn time un\u00eb t\u00eb lash.<\/p>\n\n\n\n<p>T\u00eb lash N\u00ebn\u00eb tek dera e madhe.<br>Me buz\u00eb n`vaj e me lot n\u00eb faqe.<br>Lotin N\u00ebn\u00eb e kujtoi \u00e7do dit\u00eb.<br>Vaji i Yt m\u00eb vret n\u00eb shpirt.<\/p>\n\n\n\n<p>Der\u00ebn e madhe N\u00ebn\u00eb e kujtoi.<br>E shoh\u00eb \u00ebnd\u00ebrr s`mund ta kaloi.<br>A je N\u00ebn\u00eb ende tek dera.<br>T\u00eb lutem hape t\u00eb hy brenda.<\/p>\n\n\n\n<p>E madhe ishte dikur dera.<br>Me familje kur un\u00eb dola.<br>Tani dera m\u00eb ka humb mua.<br>Me ka mbet \u00ebnd\u00ebrr p\u00ebr ta \u00ebnd\u00ebrrua.<\/p>\n\n\n\n<p>Ah moj N\u00ebn\u00eb q\u00eb shum\u00eb t\u00eb dua.<br>Ulu n`prag t\u00eb der\u00ebs ,m\u00eb vajto mua.<br>Me vajto mua N\u00ebn\u00eb t\u00eb mjerin.<br>Vaj i Yt ma qet\u00ebson shpirtin.<\/p>\n\n\n\n<p>Vajtom\u00eb N\u00ebn\u00eb q\u00eb kur linda .<br>Pse k\u00ebshtu na qenka jeta.!?<br>T\u00eb gjitha t`mirat mi kujto.<br>Nj\u00eb nga nj\u00eb mos i harro.<\/p>\n\n\n\n<p><\/p>\n\n\n\n<p>Vajtom\u00eb me shpirt N\u00ebn\u00eb mua.<br>Dheu i huaj m\u00eb ka r\u00ebndua.<br>Vajin t\u00ebnd N\u00ebn\u00eb e d\u00ebgjoi.<br>Mos mendo q\u00eb t\u00eb harroi.<\/p>\n\n\n\n<p>K\u00ebshtu e paska dera e sht\u00ebpis\u00eb.<br>Lehte me dal\u00eb e me braktis\u00eb.<br>V\u00ebshtir N\u00ebn\u00eb na qenka kthimi.<br>Nga kjo rruge e m\u00ebrgimit.<\/p>\n\n\n\n<p>Tash moj N\u00ebn\u00eb m\u00eb d\u00ebgjo mua.<br>D\u00ebgjo djalin duke vajtua.<br>Vaji im nga ky migrim.<br>\u00cbsht\u00eb mbush thell\u00eb n\u00eb shpirtin tim.<\/p>\n\n\n\n<p>T\u00eb fala ke N\u00ebn\u00eb nga djali.<br>Q\u00eb kurr\u00eb n<code>p\u00ebrqafim ai s<\/code>t\u00eb mori.<br>M\u00eb pyet djali p\u00ebr \u00e7do nat\u00eb .!<br>Pse aq shume baba po qan\u00eb.?<\/p>\n\n\n\n<p>Un\u00eb o bir e kam nj\u00eb n\u00ebn\u00eb.<br>N\u00eb vetmi ate e kam l\u00ebn\u00eb.<br>E kujtoi p\u00ebr \u00e7do nat\u00eb.<br>N\u00ebn\u00eb ma t<code>mir\u00eb s<\/code>ka n\u00eb Bot\u00eb.<\/p>\n\n\n\n<p>Shaban Abazi 05,03,2016.<\/p>\n\n\n\n<figure class=\"wp-block-image size-full\"><img loading=\"lazy\" decoding=\"async\" width=\"720\" height=\"960\" src=\"https:\/\/medvegjasot.com\/wp-content\/uploads\/2024\/10\/IMG_7588.jpeg\" alt=\"\" class=\"wp-image-3004\" srcset=\"https:\/\/medvegjasot.com\/wp-content\/uploads\/2024\/10\/IMG_7588.jpeg 720w, https:\/\/medvegjasot.com\/wp-content\/uploads\/2024\/10\/IMG_7588-225x300.jpeg 225w\" sizes=\"(max-width: 720px) 100vw, 720px\" \/><\/figure>\n\n\n\n<p>28 N\u00cbNTORI- Urime festa kudo q\u00eb jeni.<\/p>\n\n\n\n<p>Sa her\u00eb q\u00eb vjen kjo dat\u00eb historike.<br>E kujtoi me mall Vlor\u00ebn heroike.<br>E kujtoi popullin veshur kuq e zi<br>E kujtoi Shqip\u00ebrin\u00eb me Pavar\u00ebsi.<\/p>\n\n\n\n<p>Plakun e kombit me mjek\u00ebr t\u00eb bardh\u00eb.<br>Ismail Qemalin \u00ebmb\u00ebl duke fol.<br>Urime v\u00ebllez\u00ebr Pavar\u00ebsia.<br>Q\u00eb nga sot \u00ebsht\u00eb e lir\u00eb Shqip\u00ebria.<\/p>\n\n\n\n<p>E kujtoi motr\u00ebn e madhe Marigon\u00eb.<br>Q\u00eb thuri shqiponj\u00ebn n`flamur me gjilp\u00ebr\u00eb.<br>Pritje e madhe q\u00eb ju be nj\u00eb trimi.<br>Nga Kosova kur erdhi Isa Boletini.<\/p>\n\n\n\n<p>K\u00ebnga dhe vallja q\u00eb u festua n\u00eb Vlor\u00eb.<br>U d\u00ebgjua larg, Amerik\u00eb e Evrop\u00eb.<br>I kujtoi fjal\u00ebt e arta nga plaku.<br>\u201cQofshi t\u00eb bekuar or trimat e kombit\u201d.<\/p>\n\n\n\n<p>N\u00ebntori sot me dat\u00ebn 28.<br>E bashkon kombin kudo n\u00eb bot\u00eb.<br>Flamuri me shqiponj\u00eb na tregon.<br>Jemi shqiptar, jem nj\u00eb Komb.<\/p>\n\n\n\n<p>T\u00eb duam Shqip\u00ebri o N\u00ebn\u00eb e madhe.<br>Me Ty sot jemi krenar-e.<br>Mos harro viset tjera shqiptare.<br>Na bashko n\u00eb Shqip\u00ebri t\u00eb madhe.<\/p>\n\n\n\n<p>Rruga e Kombit Shqip\u00ebri-Kosov\u00eb.<br>T\u00eb vazhdoi n\u00eb k\u00ebt\u00eb n\u00ebntor.<br>T`na lidh\u00eb Lugin\u00ebn me \u00c7am\u00ebri.<br>Medvegj\u00eb,Plav\u00eb e Guci.<br>Kumanov\u00eb,Prishtin\u00eb e Shkup.<br>Jem nj\u00eb Komb,jem nj\u00eb trung.<\/p>\n\n\n\n<p>Shaban Abazi 2023. Astana &#8211; Kazakistan<\/p>\n\n\n\n<p>MOLL\u00cb E KUQE <\/p>\n\n\n\n<p>Moll\u00eb e kuqe, moll\u00eb e shenjt\u00eb<br>Ku e ke trungun, ku i ke rr\u00ebnj\u00ebt?<br>Ngjyr\u00ebn e kuqe ku ma ke<br>A q\u00ebndron ende mbi dhe?<\/p>\n\n\n\n<p>\u2018Rr\u00ebnj\u00ebt un\u00eb ende i mbaj<br>S\u2019kam mund\u00ebsi t\u00eb lul\u00ebzoj,<br>M\u00eb ka humbur diku trungu<br>Rr\u00ebnj\u00ebt dikush m\u2019i l\u00ebkundi.<\/p>\n\n\n\n<p>Dikur her\u00ebt kam lul\u00ebzuar<br>Shum\u00eb miq un\u00eb kam takuar,<br>Kam ushqyer shum\u00eb kalimtar\u00eb<br>Trima t\u00eb pushk\u00ebs dhe atdhetar\u00eb.<\/p>\n\n\n\n<p>E kam mbajtur shtiz\u00ebn e flamurit<br>Ma hijeshonte ai mua trungun,<br>Ngjyr\u00ebn e kuqe q\u00eb un\u00eb kam<br>E mora nga Flamuri Komb\u00ebtar.<\/p>\n\n\n\n<p>Kur iku populli me flamur<br>T\u00eb gjith\u00eb i gostita me nga nj\u00eb moll\u00eb,<br>M\u00eb premtuan se prap\u00eb do kthehen<br>T\u00eb mos m\u00ebrzitem q\u00eb mbeta vet\u00ebm.<\/p>\n\n\n\n<p>Un\u00eb e fort\u00eb shum\u00eb q\u00ebndrova<br>Popullin mir\u00eb e kuptova,<br>Nuk m\u00eb lan\u00eb q\u00eb s\u2019i gostita<br>Por nga luft\u00ebrat e nga frika.<\/p>\n\n\n\n<p>E kujtoj un\u00eb gjyshin tim<br>Kur m\u00eb tregonte p\u00ebr historin\u00eb,<br>Merrte n\u00eb dor\u00eb nj\u00eb moll\u00eb t\u00eb kuqe<br>Me vaj n\u00eb buz\u00eb m\u00eb shpjegonte.<\/p>\n\n\n\n<p>\u201cJa biro, e sheh k\u00ebt\u00eb moll\u00eb!<br>Kjo p\u00ebr ne \u00ebsht\u00eb simbol,<br>Ngjyr\u00ebn e kuqe q\u00eb kjo mban.<br>E ka nga gjaku i trimave shqiptar\u00eb\u2019.<\/p>\n\n\n\n<p>Atje te Nishi kur luftuam<br>Me dhun\u00eb shkau u d\u00ebbuam,<br>Na d\u00ebbuan nga trojet tona<br>Mu atje \u00ebsht\u00eb ende ajo molla.<\/p>\n\n\n\n<p>Mos harro e mbaje n\u00eb kok\u00eb<br>Edhe atje \u00ebsht\u00eb Kosov\u00eb,<br>\u00cbsht\u00eb Kosova tani Lindore.<br>Deri te rr\u00ebnj\u00ebt e k\u00ebsaj molle\u2019.<\/p>\n\n\n\n<p><br>Shaban Abazi -Kazakistan 2023<\/p>\n\n\n\n<p>MEDVEGJA FLET<\/p>\n\n\n\n<p>Shum\u00eb do koh\u00eb m\u00eb g\u00ebzuat.<br>Kurr\u00eb n\u00eb jet\u00eb s<code>me zem\u00ebruat. <\/code><\/p>\n\n\n\n<p><code>Tash m\u00eb ik\u00ebt s<\/code>flitet shqip<br>Un\u00eb nuk di t\u00eb flas sllavisht<\/p>\n\n\n\n<p>Bashk\u00eb ruajt\u00ebm gjuh\u00eb e kultur\u00eb.<br>Nga torturat s`u mposhtem kurr\u00eb.<br>Ato bjeshk\u00eb q\u00eb un\u00eb kam .<br>M\u00eb ankohen p\u00ebr \u00e7do nat\u00eb<\/p>\n\n\n\n<p>Ku jan\u00eb populli ku kan\u00eb met\u00eb.<br>Q\u00eb nga Sfirca e deri n`Kapit<br>Dhe Tupalla bashk\u00eb me Troje<br>Mbet pa popull, e pa valle.<\/p>\n\n\n\n<p>Sijarina me G\u00ebrbac.<br>Nuk takohen tek xhamia bashk\u00eb.<br>Llapashtica kufitare.<br>Mbet pa popull u zhduk\u00ebn fare.<\/p>\n\n\n\n<p>Shkollat n`fshat q\u00eb u shkolluat.<br>I braktis\u00ebt i harruat.<br>Arat dikur plot me grur\u00eb<br>Ther\u00eb e man\u00eb ato jan\u00eb mbush\u00eb.<\/p>\n\n\n\n<p>Dhe varrezat e t\u00eb par\u00ebve.<br>Jan\u00eb mbush man\u00eb edhe male.<br>Drut\u00eb e bjeshk\u00ebs filluan t`kalben<br>Nuk e presin me sopat\u00ebn.<\/p>\n\n\n\n<p>Populli pak\u00eb q\u00eb ka mbet.<br>M\u00eb braktis\u00eb p\u00ebr \u00e7do vit.<br>Un\u00eb nuk di q\u00eb i kam zem\u00ebruar<br>P\u00ebr se me lan t\u00eb vetmuar.<\/p>\n\n\n\n<p>Ejani popull kthehuni prap\u00eb<br>Mos me leni si t\u00eb ngrat\u00eb.<br>Mos t`harroj gjuh\u00ebn shqipe.<br>M\u00eb ka lodhur kjo sllavishte.<br>Shaban Abazi 05.03.2023<br>Medvegja Sot<\/p>\n\n\n\n<p><\/p>\n\n\n\n<p><\/p>\n\n\n\n<p>LAMTUMIR\u00cb FSHATI IM <\/p>\n\n\n\n<p>Lamtumir\u00eb fshati im.<br>Un\u00eb do iku diku n`migrim.<br>Do marr\u00eb rrug\u00eb pa d\u00ebshir\u00eb.<br>Jeta k\u00ebtu \u00ebsht\u00eb e v\u00ebshtir\u00eb.<br>T\u00eb braktisa t\u00eb okupuar .<br>Popullin lash\u00eb t\u00eb rob\u00ebruar.<\/p>\n\n\n\n<p>Mbaju e fort\u00eb Sfirca ime.<br>Ti kalove shum\u00eb okupime.<br>Ruaj k\u00ebt\u00eb popull pak t\u00eb mbetur.<br>T\u00eb vetmuar n`sht\u00ebpi kan\u00eb mbetur.<\/p>\n\n\n\n<p>Ne qyqar\u00ebt q\u00eb po ikim.<br>T\u00eb tradhtuam t\u00eb lam\u00eb n \u2018vetmi.<br>Mbeten pleq e pak f\u00ebmij\u00eb.<br>Ti na mbete n\u00ebn Serbi.<\/p>\n\n\n\n<p>Ikni qyqar thot\u00eb Sfirca.<br>Gjeni strehim diku n\u00eb vrima.<br>Merrni rrug\u00ebn e Evrop\u00ebs.<br>T\u00eb Azis\u00eb e t\u00ebr\u00eb Bot\u00ebs.<\/p>\n\n\n\n<p>Mos harroni f\u00ebmij\u00ebt e mi.<br>Trupi pushon aty ku lind\u00eb.!<br>Edhe mua q\u00eb sot m\u00eb l\u00ebshuat.<br>Edhe m\u00eb shum\u00eb m\u00eb rob\u00ebruat.<\/p>\n\n\n\n<p>Ju premtoi populli im.<br>Un\u00eb do ruaj bukurin\u00eb.<br>Kurdoher\u00eb ju t\u00eb ktheheni.<br>Ngroht\u00ebsin\u00eb time do e keni.<\/p>\n\n\n\n<p>Shaban Abazi \u2026Kazakistan \u2026 2023.<\/p>\n\n\n\n<figure class=\"wp-block-gallery has-nested-images columns-default is-cropped wp-block-gallery-2 is-layout-flex wp-block-gallery-is-layout-flex\">\n<figure class=\"wp-block-image size-large\"><img loading=\"lazy\" decoding=\"async\" width=\"708\" height=\"1024\" data-id=\"3015\" src=\"https:\/\/medvegjasot.com\/wp-content\/uploads\/2024\/10\/IMG_7565-708x1024.jpeg\" alt=\"\" class=\"wp-image-3015\" srcset=\"https:\/\/medvegjasot.com\/wp-content\/uploads\/2024\/10\/IMG_7565-708x1024.jpeg 708w, https:\/\/medvegjasot.com\/wp-content\/uploads\/2024\/10\/IMG_7565-207x300.jpeg 207w, https:\/\/medvegjasot.com\/wp-content\/uploads\/2024\/10\/IMG_7565-768x1111.jpeg 768w, https:\/\/medvegjasot.com\/wp-content\/uploads\/2024\/10\/IMG_7565-1062x1536.jpeg 1062w, https:\/\/medvegjasot.com\/wp-content\/uploads\/2024\/10\/IMG_7565.jpeg 1134w\" sizes=\"(max-width: 708px) 100vw, 708px\" \/><\/figure>\n<\/figure>\n\n\n\n<figure class=\"wp-block-image size-large\"><img loading=\"lazy\" decoding=\"async\" width=\"697\" height=\"1024\" src=\"https:\/\/medvegjasot.com\/wp-content\/uploads\/2024\/10\/IMG_7566-697x1024.jpeg\" alt=\"\" class=\"wp-image-3016\" srcset=\"https:\/\/medvegjasot.com\/wp-content\/uploads\/2024\/10\/IMG_7566-697x1024.jpeg 697w, https:\/\/medvegjasot.com\/wp-content\/uploads\/2024\/10\/IMG_7566-204x300.jpeg 204w, https:\/\/medvegjasot.com\/wp-content\/uploads\/2024\/10\/IMG_7566-768x1128.jpeg 768w, https:\/\/medvegjasot.com\/wp-content\/uploads\/2024\/10\/IMG_7566-1045x1536.jpeg 1045w, https:\/\/medvegjasot.com\/wp-content\/uploads\/2024\/10\/IMG_7566.jpeg 1087w\" sizes=\"(max-width: 697px) 100vw, 697px\" \/><\/figure>\n\n\n\n<figure class=\"wp-block-image size-large\"><img loading=\"lazy\" decoding=\"async\" width=\"710\" height=\"1024\" src=\"https:\/\/medvegjasot.com\/wp-content\/uploads\/2024\/10\/IMG_7567-710x1024.jpeg\" alt=\"\" class=\"wp-image-3017\" srcset=\"https:\/\/medvegjasot.com\/wp-content\/uploads\/2024\/10\/IMG_7567-710x1024.jpeg 710w, https:\/\/medvegjasot.com\/wp-content\/uploads\/2024\/10\/IMG_7567-208x300.jpeg 208w, https:\/\/medvegjasot.com\/wp-content\/uploads\/2024\/10\/IMG_7567-768x1107.jpeg 768w, https:\/\/medvegjasot.com\/wp-content\/uploads\/2024\/10\/IMG_7567-1066x1536.jpeg 1066w, https:\/\/medvegjasot.com\/wp-content\/uploads\/2024\/10\/IMG_7567.jpeg 1101w\" sizes=\"(max-width: 710px) 100vw, 710px\" \/><\/figure>\n\n\n\n<p><\/p>\n","protected":false},"excerpt":{"rendered":"<p>Me dat\u00ebn 28 shtator 2024 i pik\u00eblluar thell\u00ebsisht nga lajmi p\u00ebr ndarjen nga jeta e mikut tim t\u00eb shtrenj\u00ebt&nbsp;&nbsp;Shaban Abazi.&nbsp; Ati ju dha lamtumira e fundit me dat\u00ebn 30 shtator 2024 n\u00eb ora 16:00 n\u00eb varrezat e fshatit Zllatar &#8211; Mati\u00e7an.&nbsp; Shaban Abazi lindi n\u00eb fshatin Sfirc\u00eb m\u00eb 28.05.1960 &#8211; 28.09.2024. N\u00eb koh\u00ebrat m\u00eb t\u00eb&#8230;<\/p>\n","protected":false},"author":2,"featured_media":2987,"comment_status":"open","ping_status":"open","sticky":false,"template":"","format":"standard","meta":{"_coblocks_attr":"","_coblocks_dimensions":"","_coblocks_responsive_height":"","_coblocks_accordion_ie_support":"","_monsterinsights_skip_tracking":false,"_monsterinsights_sitenote_active":false,"_monsterinsights_sitenote_note":"","_monsterinsights_sitenote_category":0,"footnotes":""},"categories":[2],"tags":[],"class_list":["post-2986","post","type-post","status-publish","format-standard","has-post-thumbnail","hentry","category-aktuale"],"yoast_head":"<!-- This site is optimized with the Yoast SEO plugin v27.5 - https:\/\/yoast.com\/product\/yoast-seo-wordpress\/ -->\n<title>LAMTUMIR\u00cb MIKU YN\u00cb I SHTRENJT\u00cb, SHABAN ABAZI - SFIRCA (1960 - 2024)\u00a0 - Medvegja Sot<\/title>\n<meta name=\"robots\" content=\"index, follow, max-snippet:-1, max-image-preview:large, max-video-preview:-1\" \/>\n<link rel=\"canonical\" href=\"https:\/\/medvegjasot.com\/?p=2986\" \/>\n<meta property=\"og:locale\" content=\"en_US\" \/>\n<meta property=\"og:type\" content=\"article\" \/>\n<meta property=\"og:title\" content=\"LAMTUMIR\u00cb MIKU YN\u00cb I SHTRENJT\u00cb, SHABAN ABAZI - SFIRCA (1960 - 2024)\u00a0 - Medvegja Sot\" \/>\n<meta property=\"og:description\" content=\"Me dat\u00ebn 28 shtator 2024 i pik\u00eblluar thell\u00ebsisht nga lajmi p\u00ebr ndarjen nga jeta e mikut tim t\u00eb shtrenj\u00ebt&nbsp;&nbsp;Shaban Abazi.&nbsp; Ati ju dha lamtumira e fundit me dat\u00ebn 30 shtator 2024 n\u00eb ora 16:00 n\u00eb varrezat e fshatit Zllatar &#8211; Mati\u00e7an.&nbsp; Shaban Abazi lindi n\u00eb fshatin Sfirc\u00eb m\u00eb 28.05.1960 &#8211; 28.09.2024. N\u00eb koh\u00ebrat m\u00eb t\u00eb...\" \/>\n<meta property=\"og:url\" content=\"https:\/\/medvegjasot.com\/?p=2986\" \/>\n<meta property=\"og:site_name\" content=\"Medvegja Sot\" \/>\n<meta property=\"article:publisher\" content=\"https:\/\/www.facebook.com\/MedvegjaSot.com1\" \/>\n<meta property=\"article:published_time\" content=\"2024-10-01T19:05:58+00:00\" \/>\n<meta property=\"article:modified_time\" content=\"2024-10-08T07:04:19+00:00\" \/>\n<meta property=\"og:image\" content=\"https:\/\/medvegjasot.com\/wp-content\/uploads\/2024\/10\/photo-output.jpeg\" \/>\n\t<meta property=\"og:image:width\" content=\"2016\" \/>\n\t<meta property=\"og:image:height\" content=\"1134\" \/>\n\t<meta property=\"og:image:type\" content=\"image\/jpeg\" \/>\n<meta name=\"author\" content=\"admin\" \/>\n<meta name=\"twitter:card\" content=\"summary_large_image\" \/>\n<meta name=\"twitter:label1\" content=\"Written by\" \/>\n\t<meta name=\"twitter:data1\" content=\"admin\" \/>\n\t<meta name=\"twitter:label2\" content=\"Est. reading time\" \/>\n\t<meta name=\"twitter:data2\" content=\"12 minutes\" \/>\n<script type=\"application\/ld+json\" class=\"yoast-schema-graph\">{\"@context\":\"https:\\\/\\\/schema.org\",\"@graph\":[{\"@type\":\"Article\",\"@id\":\"https:\\\/\\\/medvegjasot.com\\\/?p=2986#article\",\"isPartOf\":{\"@id\":\"https:\\\/\\\/medvegjasot.com\\\/?p=2986\"},\"author\":{\"name\":\"admin\",\"@id\":\"https:\\\/\\\/medvegjasot.com\\\/#\\\/schema\\\/person\\\/f2be1a84f4e95d0cb032946a1cf2e594\"},\"headline\":\"LAMTUMIR\u00cb MIKU YN\u00cb I SHTRENJT\u00cb, SHABAN ABAZI &#8211; SFIRCA (1960 &#8211; 2024)\u00a0\",\"datePublished\":\"2024-10-01T19:05:58+00:00\",\"dateModified\":\"2024-10-08T07:04:19+00:00\",\"mainEntityOfPage\":{\"@id\":\"https:\\\/\\\/medvegjasot.com\\\/?p=2986\"},\"wordCount\":2324,\"commentCount\":0,\"publisher\":{\"@id\":\"https:\\\/\\\/medvegjasot.com\\\/#organization\"},\"image\":{\"@id\":\"https:\\\/\\\/medvegjasot.com\\\/?p=2986#primaryimage\"},\"thumbnailUrl\":\"https:\\\/\\\/medvegjasot.com\\\/wp-content\\\/uploads\\\/2024\\\/10\\\/photo-output.jpeg\",\"articleSection\":[\"AKTUALE\"],\"inLanguage\":\"en-US\",\"potentialAction\":[{\"@type\":\"CommentAction\",\"name\":\"Comment\",\"target\":[\"https:\\\/\\\/medvegjasot.com\\\/?p=2986#respond\"]}]},{\"@type\":\"WebPage\",\"@id\":\"https:\\\/\\\/medvegjasot.com\\\/?p=2986\",\"url\":\"https:\\\/\\\/medvegjasot.com\\\/?p=2986\",\"name\":\"LAMTUMIR\u00cb MIKU YN\u00cb I SHTRENJT\u00cb, SHABAN ABAZI - SFIRCA (1960 - 2024)\u00a0 - Medvegja Sot\",\"isPartOf\":{\"@id\":\"https:\\\/\\\/medvegjasot.com\\\/#website\"},\"primaryImageOfPage\":{\"@id\":\"https:\\\/\\\/medvegjasot.com\\\/?p=2986#primaryimage\"},\"image\":{\"@id\":\"https:\\\/\\\/medvegjasot.com\\\/?p=2986#primaryimage\"},\"thumbnailUrl\":\"https:\\\/\\\/medvegjasot.com\\\/wp-content\\\/uploads\\\/2024\\\/10\\\/photo-output.jpeg\",\"datePublished\":\"2024-10-01T19:05:58+00:00\",\"dateModified\":\"2024-10-08T07:04:19+00:00\",\"breadcrumb\":{\"@id\":\"https:\\\/\\\/medvegjasot.com\\\/?p=2986#breadcrumb\"},\"inLanguage\":\"en-US\",\"potentialAction\":[{\"@type\":\"ReadAction\",\"target\":[\"https:\\\/\\\/medvegjasot.com\\\/?p=2986\"]}]},{\"@type\":\"ImageObject\",\"inLanguage\":\"en-US\",\"@id\":\"https:\\\/\\\/medvegjasot.com\\\/?p=2986#primaryimage\",\"url\":\"https:\\\/\\\/medvegjasot.com\\\/wp-content\\\/uploads\\\/2024\\\/10\\\/photo-output.jpeg\",\"contentUrl\":\"https:\\\/\\\/medvegjasot.com\\\/wp-content\\\/uploads\\\/2024\\\/10\\\/photo-output.jpeg\",\"width\":2016,\"height\":1134},{\"@type\":\"BreadcrumbList\",\"@id\":\"https:\\\/\\\/medvegjasot.com\\\/?p=2986#breadcrumb\",\"itemListElement\":[{\"@type\":\"ListItem\",\"position\":1,\"name\":\"Home\",\"item\":\"https:\\\/\\\/medvegjasot.com\\\/\"},{\"@type\":\"ListItem\",\"position\":2,\"name\":\"LAMTUMIR\u00cb MIKU YN\u00cb I SHTRENJT\u00cb, SHABAN ABAZI &#8211; SFIRCA (1960 &#8211; 2024)\u00a0\"}]},{\"@type\":\"WebSite\",\"@id\":\"https:\\\/\\\/medvegjasot.com\\\/#website\",\"url\":\"https:\\\/\\\/medvegjasot.com\\\/\",\"name\":\"Medvegja Sot\",\"description\":\"Portal Lajmesh\",\"publisher\":{\"@id\":\"https:\\\/\\\/medvegjasot.com\\\/#organization\"},\"alternateName\":\"MS\",\"potentialAction\":[{\"@type\":\"SearchAction\",\"target\":{\"@type\":\"EntryPoint\",\"urlTemplate\":\"https:\\\/\\\/medvegjasot.com\\\/?s={search_term_string}\"},\"query-input\":{\"@type\":\"PropertyValueSpecification\",\"valueRequired\":true,\"valueName\":\"search_term_string\"}}],\"inLanguage\":\"en-US\"},{\"@type\":\"Organization\",\"@id\":\"https:\\\/\\\/medvegjasot.com\\\/#organization\",\"name\":\"Medvegja Sot\",\"alternateName\":\"MS\",\"url\":\"https:\\\/\\\/medvegjasot.com\\\/\",\"logo\":{\"@type\":\"ImageObject\",\"inLanguage\":\"en-US\",\"@id\":\"https:\\\/\\\/medvegjasot.com\\\/#\\\/schema\\\/logo\\\/image\\\/\",\"url\":\"https:\\\/\\\/medvegjasot.com\\\/wp-content\\\/uploads\\\/2024\\\/08\\\/logo.png\",\"contentUrl\":\"https:\\\/\\\/medvegjasot.com\\\/wp-content\\\/uploads\\\/2024\\\/08\\\/logo.png\",\"width\":500,\"height\":500,\"caption\":\"Medvegja Sot\"},\"image\":{\"@id\":\"https:\\\/\\\/medvegjasot.com\\\/#\\\/schema\\\/logo\\\/image\\\/\"},\"sameAs\":[\"https:\\\/\\\/www.facebook.com\\\/MedvegjaSot.com1\"]},{\"@type\":\"Person\",\"@id\":\"https:\\\/\\\/medvegjasot.com\\\/#\\\/schema\\\/person\\\/f2be1a84f4e95d0cb032946a1cf2e594\",\"name\":\"admin\",\"image\":{\"@type\":\"ImageObject\",\"inLanguage\":\"en-US\",\"@id\":\"https:\\\/\\\/secure.gravatar.com\\\/avatar\\\/2eedc5259426225ddc6f98b4b6728c30418b83e6f70285719780d3518d972ece?s=96&d=mm&r=g\",\"url\":\"https:\\\/\\\/secure.gravatar.com\\\/avatar\\\/2eedc5259426225ddc6f98b4b6728c30418b83e6f70285719780d3518d972ece?s=96&d=mm&r=g\",\"contentUrl\":\"https:\\\/\\\/secure.gravatar.com\\\/avatar\\\/2eedc5259426225ddc6f98b4b6728c30418b83e6f70285719780d3518d972ece?s=96&d=mm&r=g\",\"caption\":\"admin\"},\"url\":\"https:\\\/\\\/medvegjasot.com\\\/?author=2\"}]}<\/script>\n<!-- \/ Yoast SEO plugin. -->","yoast_head_json":{"title":"LAMTUMIR\u00cb MIKU YN\u00cb I SHTRENJT\u00cb, SHABAN ABAZI - SFIRCA (1960 - 2024)\u00a0 - Medvegja Sot","robots":{"index":"index","follow":"follow","max-snippet":"max-snippet:-1","max-image-preview":"max-image-preview:large","max-video-preview":"max-video-preview:-1"},"canonical":"https:\/\/medvegjasot.com\/?p=2986","og_locale":"en_US","og_type":"article","og_title":"LAMTUMIR\u00cb MIKU YN\u00cb I SHTRENJT\u00cb, SHABAN ABAZI - SFIRCA (1960 - 2024)\u00a0 - Medvegja Sot","og_description":"Me dat\u00ebn 28 shtator 2024 i pik\u00eblluar thell\u00ebsisht nga lajmi p\u00ebr ndarjen nga jeta e mikut tim t\u00eb shtrenj\u00ebt&nbsp;&nbsp;Shaban Abazi.&nbsp; Ati ju dha lamtumira e fundit me dat\u00ebn 30 shtator 2024 n\u00eb ora 16:00 n\u00eb varrezat e fshatit Zllatar &#8211; Mati\u00e7an.&nbsp; Shaban Abazi lindi n\u00eb fshatin Sfirc\u00eb m\u00eb 28.05.1960 &#8211; 28.09.2024. N\u00eb koh\u00ebrat m\u00eb t\u00eb...","og_url":"https:\/\/medvegjasot.com\/?p=2986","og_site_name":"Medvegja Sot","article_publisher":"https:\/\/www.facebook.com\/MedvegjaSot.com1","article_published_time":"2024-10-01T19:05:58+00:00","article_modified_time":"2024-10-08T07:04:19+00:00","og_image":[{"width":2016,"height":1134,"url":"https:\/\/medvegjasot.com\/wp-content\/uploads\/2024\/10\/photo-output.jpeg","type":"image\/jpeg"}],"author":"admin","twitter_card":"summary_large_image","twitter_misc":{"Written by":"admin","Est. reading time":"12 minutes"},"schema":{"@context":"https:\/\/schema.org","@graph":[{"@type":"Article","@id":"https:\/\/medvegjasot.com\/?p=2986#article","isPartOf":{"@id":"https:\/\/medvegjasot.com\/?p=2986"},"author":{"name":"admin","@id":"https:\/\/medvegjasot.com\/#\/schema\/person\/f2be1a84f4e95d0cb032946a1cf2e594"},"headline":"LAMTUMIR\u00cb MIKU YN\u00cb I SHTRENJT\u00cb, SHABAN ABAZI &#8211; SFIRCA (1960 &#8211; 2024)\u00a0","datePublished":"2024-10-01T19:05:58+00:00","dateModified":"2024-10-08T07:04:19+00:00","mainEntityOfPage":{"@id":"https:\/\/medvegjasot.com\/?p=2986"},"wordCount":2324,"commentCount":0,"publisher":{"@id":"https:\/\/medvegjasot.com\/#organization"},"image":{"@id":"https:\/\/medvegjasot.com\/?p=2986#primaryimage"},"thumbnailUrl":"https:\/\/medvegjasot.com\/wp-content\/uploads\/2024\/10\/photo-output.jpeg","articleSection":["AKTUALE"],"inLanguage":"en-US","potentialAction":[{"@type":"CommentAction","name":"Comment","target":["https:\/\/medvegjasot.com\/?p=2986#respond"]}]},{"@type":"WebPage","@id":"https:\/\/medvegjasot.com\/?p=2986","url":"https:\/\/medvegjasot.com\/?p=2986","name":"LAMTUMIR\u00cb MIKU YN\u00cb I SHTRENJT\u00cb, SHABAN ABAZI - SFIRCA (1960 - 2024)\u00a0 - Medvegja Sot","isPartOf":{"@id":"https:\/\/medvegjasot.com\/#website"},"primaryImageOfPage":{"@id":"https:\/\/medvegjasot.com\/?p=2986#primaryimage"},"image":{"@id":"https:\/\/medvegjasot.com\/?p=2986#primaryimage"},"thumbnailUrl":"https:\/\/medvegjasot.com\/wp-content\/uploads\/2024\/10\/photo-output.jpeg","datePublished":"2024-10-01T19:05:58+00:00","dateModified":"2024-10-08T07:04:19+00:00","breadcrumb":{"@id":"https:\/\/medvegjasot.com\/?p=2986#breadcrumb"},"inLanguage":"en-US","potentialAction":[{"@type":"ReadAction","target":["https:\/\/medvegjasot.com\/?p=2986"]}]},{"@type":"ImageObject","inLanguage":"en-US","@id":"https:\/\/medvegjasot.com\/?p=2986#primaryimage","url":"https:\/\/medvegjasot.com\/wp-content\/uploads\/2024\/10\/photo-output.jpeg","contentUrl":"https:\/\/medvegjasot.com\/wp-content\/uploads\/2024\/10\/photo-output.jpeg","width":2016,"height":1134},{"@type":"BreadcrumbList","@id":"https:\/\/medvegjasot.com\/?p=2986#breadcrumb","itemListElement":[{"@type":"ListItem","position":1,"name":"Home","item":"https:\/\/medvegjasot.com\/"},{"@type":"ListItem","position":2,"name":"LAMTUMIR\u00cb MIKU YN\u00cb I SHTRENJT\u00cb, SHABAN ABAZI &#8211; SFIRCA (1960 &#8211; 2024)\u00a0"}]},{"@type":"WebSite","@id":"https:\/\/medvegjasot.com\/#website","url":"https:\/\/medvegjasot.com\/","name":"Medvegja Sot","description":"Portal Lajmesh","publisher":{"@id":"https:\/\/medvegjasot.com\/#organization"},"alternateName":"MS","potentialAction":[{"@type":"SearchAction","target":{"@type":"EntryPoint","urlTemplate":"https:\/\/medvegjasot.com\/?s={search_term_string}"},"query-input":{"@type":"PropertyValueSpecification","valueRequired":true,"valueName":"search_term_string"}}],"inLanguage":"en-US"},{"@type":"Organization","@id":"https:\/\/medvegjasot.com\/#organization","name":"Medvegja Sot","alternateName":"MS","url":"https:\/\/medvegjasot.com\/","logo":{"@type":"ImageObject","inLanguage":"en-US","@id":"https:\/\/medvegjasot.com\/#\/schema\/logo\/image\/","url":"https:\/\/medvegjasot.com\/wp-content\/uploads\/2024\/08\/logo.png","contentUrl":"https:\/\/medvegjasot.com\/wp-content\/uploads\/2024\/08\/logo.png","width":500,"height":500,"caption":"Medvegja Sot"},"image":{"@id":"https:\/\/medvegjasot.com\/#\/schema\/logo\/image\/"},"sameAs":["https:\/\/www.facebook.com\/MedvegjaSot.com1"]},{"@type":"Person","@id":"https:\/\/medvegjasot.com\/#\/schema\/person\/f2be1a84f4e95d0cb032946a1cf2e594","name":"admin","image":{"@type":"ImageObject","inLanguage":"en-US","@id":"https:\/\/secure.gravatar.com\/avatar\/2eedc5259426225ddc6f98b4b6728c30418b83e6f70285719780d3518d972ece?s=96&d=mm&r=g","url":"https:\/\/secure.gravatar.com\/avatar\/2eedc5259426225ddc6f98b4b6728c30418b83e6f70285719780d3518d972ece?s=96&d=mm&r=g","contentUrl":"https:\/\/secure.gravatar.com\/avatar\/2eedc5259426225ddc6f98b4b6728c30418b83e6f70285719780d3518d972ece?s=96&d=mm&r=g","caption":"admin"},"url":"https:\/\/medvegjasot.com\/?author=2"}]}},"jetpack_featured_media_url":"https:\/\/medvegjasot.com\/wp-content\/uploads\/2024\/10\/photo-output.jpeg","_links":{"self":[{"href":"https:\/\/medvegjasot.com\/index.php?rest_route=\/wp\/v2\/posts\/2986","targetHints":{"allow":["GET"]}}],"collection":[{"href":"https:\/\/medvegjasot.com\/index.php?rest_route=\/wp\/v2\/posts"}],"about":[{"href":"https:\/\/medvegjasot.com\/index.php?rest_route=\/wp\/v2\/types\/post"}],"author":[{"embeddable":true,"href":"https:\/\/medvegjasot.com\/index.php?rest_route=\/wp\/v2\/users\/2"}],"replies":[{"embeddable":true,"href":"https:\/\/medvegjasot.com\/index.php?rest_route=%2Fwp%2Fv2%2Fcomments&post=2986"}],"version-history":[{"count":12,"href":"https:\/\/medvegjasot.com\/index.php?rest_route=\/wp\/v2\/posts\/2986\/revisions"}],"predecessor-version":[{"id":3088,"href":"https:\/\/medvegjasot.com\/index.php?rest_route=\/wp\/v2\/posts\/2986\/revisions\/3088"}],"wp:featuredmedia":[{"embeddable":true,"href":"https:\/\/medvegjasot.com\/index.php?rest_route=\/wp\/v2\/media\/2987"}],"wp:attachment":[{"href":"https:\/\/medvegjasot.com\/index.php?rest_route=%2Fwp%2Fv2%2Fmedia&parent=2986"}],"wp:term":[{"taxonomy":"category","embeddable":true,"href":"https:\/\/medvegjasot.com\/index.php?rest_route=%2Fwp%2Fv2%2Fcategories&post=2986"},{"taxonomy":"post_tag","embeddable":true,"href":"https:\/\/medvegjasot.com\/index.php?rest_route=%2Fwp%2Fv2%2Ftags&post=2986"}],"curies":[{"name":"wp","href":"https:\/\/api.w.org\/{rel}","templated":true}]}}