{"id":2936,"date":"2024-09-27T07:19:08","date_gmt":"2024-09-27T07:19:08","guid":{"rendered":"https:\/\/medvegjasot.com\/?p=2936"},"modified":"2024-09-27T08:43:31","modified_gmt":"2024-09-27T08:43:31","slug":"si-eshte-te-jesh-shaiptar-ne-serbi","status":"publish","type":"post","link":"https:\/\/medvegjasot.com\/?p=2936","title":{"rendered":"SI \u00cbSHT\u00cb T\u00cb JESH SHQIPTAR N\u00cb SERBI?"},"content":{"rendered":"\n<p>Dy her\u00eb, n\u00eb m\u00eb pak se dy muaj, shqiptar\u00ebt e Lugin\u00ebs s\u00eb Preshev\u00ebs e kan\u00eb ngritur z\u00ebrin kund\u00ebr diskriminimit q\u00eb ata thon\u00eb se e p\u00ebrjetojn\u00eb \u00e7do dit\u00eb n\u00eb Serbi.<\/p>\n\n\n\n<figure class=\"wp-block-image size-large\"><img fetchpriority=\"high\" decoding=\"async\" width=\"1024\" height=\"768\" src=\"https:\/\/medvegjasot.com\/wp-content\/uploads\/2024\/09\/IMG_3895-1024x768.jpeg\" alt=\"\" class=\"wp-image-2753\" srcset=\"https:\/\/medvegjasot.com\/wp-content\/uploads\/2024\/09\/IMG_3895-1024x768.jpeg 1024w, https:\/\/medvegjasot.com\/wp-content\/uploads\/2024\/09\/IMG_3895-300x225.jpeg 300w, https:\/\/medvegjasot.com\/wp-content\/uploads\/2024\/09\/IMG_3895-768x576.jpeg 768w, https:\/\/medvegjasot.com\/wp-content\/uploads\/2024\/09\/IMG_3895-1536x1152.jpeg 1536w, https:\/\/medvegjasot.com\/wp-content\/uploads\/2024\/09\/IMG_3895.jpeg 1920w\" sizes=\"(max-width: 1024px) 100vw, 1024px\" \/><\/figure>\n\n\n\n<p>P\u00ebrgjigjja e presidentit serb, Aleksandar Vu\u00e7iq, p\u00ebr protestat e tyre?<\/p>\n\n\n\n<p>\u201cAskush nuk po i rrah, nuk po i ngacmon, apo di\u00e7ka tjet\u00ebr. Serbia \u00ebsht\u00eb shtet demokratik dhe ne do t\u00eb vazhdojm\u00eb t\u00eb sillemi n\u00eb k\u00ebt\u00eb m\u00ebnyr\u00eb\u201d.<\/p>\n\n\n\n<p>N\u00eb Serbi jetojn\u00eb m\u00eb shum\u00eb se 60.000 shqiptar\u00eb, t\u00eb cil\u00ebt p\u00ebrb\u00ebjn\u00eb pakic\u00ebn e kat\u00ebrt m\u00eb t\u00eb madhe atje, sipas regjistrimit t\u00eb fundit t\u00eb popullsis\u00eb m\u00eb 2022.<\/p>\n\n\n\n<figure class=\"wp-block-gallery has-nested-images columns-default is-cropped wp-block-gallery-1 is-layout-flex wp-block-gallery-is-layout-flex\">\n<figure class=\"wp-block-image size-large\"><img decoding=\"async\" width=\"1024\" height=\"683\" data-id=\"2922\" src=\"https:\/\/medvegjasot.com\/wp-content\/uploads\/2024\/09\/IMG_6994-1024x683.jpeg\" alt=\"\" class=\"wp-image-2922\" srcset=\"https:\/\/medvegjasot.com\/wp-content\/uploads\/2024\/09\/IMG_6994-1024x683.jpeg 1024w, https:\/\/medvegjasot.com\/wp-content\/uploads\/2024\/09\/IMG_6994-300x200.jpeg 300w, https:\/\/medvegjasot.com\/wp-content\/uploads\/2024\/09\/IMG_6994-768x512.jpeg 768w, https:\/\/medvegjasot.com\/wp-content\/uploads\/2024\/09\/IMG_6994-1536x1025.jpeg 1536w, https:\/\/medvegjasot.com\/wp-content\/uploads\/2024\/09\/IMG_6994-600x400.jpeg 600w, https:\/\/medvegjasot.com\/wp-content\/uploads\/2024\/09\/IMG_6994.jpeg 2048w\" sizes=\"(max-width: 1024px) 100vw, 1024px\" \/><\/figure>\n\n\n\n<figure class=\"wp-block-image size-large\"><img decoding=\"async\" width=\"960\" height=\"642\" data-id=\"2752\" src=\"https:\/\/medvegjasot.com\/wp-content\/uploads\/2024\/09\/IMG_3900.jpeg\" alt=\"\" class=\"wp-image-2752\" srcset=\"https:\/\/medvegjasot.com\/wp-content\/uploads\/2024\/09\/IMG_3900.jpeg 960w, https:\/\/medvegjasot.com\/wp-content\/uploads\/2024\/09\/IMG_3900-300x200.jpeg 300w, https:\/\/medvegjasot.com\/wp-content\/uploads\/2024\/09\/IMG_3900-768x514.jpeg 768w, https:\/\/medvegjasot.com\/wp-content\/uploads\/2024\/09\/IMG_3900-600x400.jpeg 600w\" sizes=\"(max-width: 960px) 100vw, 960px\" \/><\/figure>\n<\/figure>\n\n\n\n<p>N\u00eb raportet nd\u00ebrkomb\u00ebtare, Lugina e Preshev\u00ebs \u2013 term q\u00eb p\u00ebrdoret p\u00ebr Preshev\u00ebn, Medvegj\u00ebn dhe Bujanocin, komuna t\u00eb banuara me shumic\u00eb shqiptare n\u00eb jug t\u00eb Serbis\u00eb \u2013 konsiderohet t\u00ebr\u00ebsisht e izoluar dhe thuhet se merr v\u00ebmendje vet\u00ebm n\u00eb koh\u00eb zgjedhjesh, raporton&nbsp;<a href=\"https:\/\/www.evropaelire.org\/a\/si-eshte-te-jesh-shqiptar-ne-serbi\/33136038.html\">Radio Evropa e Lir\u00eb.<\/a><\/p>\n\n\n\n<p>N\u00eb Kuvendin e Serbis\u00eb, shqiptar\u00ebt kan\u00eb vet\u00ebm nj\u00eb z\u00eb: deputetin Shaip Kamberi.<\/p>\n\n\n\n<figure class=\"wp-block-embed is-type-video is-provider-youtube wp-block-embed-youtube wp-embed-aspect-16-9 wp-has-aspect-ratio\"><div class=\"wp-block-embed__wrapper\">\n<iframe  id=\"_ytid_13333\"  width=\"640\" height=\"360\"  data-origwidth=\"640\" data-origheight=\"360\" src=\"https:\/\/www.youtube.com\/embed\/BM2KsqC-Fig?enablejsapi=1&#038;autoplay=0&#038;cc_load_policy=0&#038;cc_lang_pref=&#038;iv_load_policy=1&#038;loop=0&#038;rel=1&#038;fs=1&#038;playsinline=0&#038;autohide=2&#038;theme=dark&#038;color=red&#038;controls=1&#038;\" class=\"__youtube_prefs__  epyt-is-override  no-lazyload\" title=\"YouTube player\"  allow=\"fullscreen; accelerometer; autoplay; clipboard-write; encrypted-media; gyroscope; picture-in-picture; web-share\" referrerpolicy=\"strict-origin-when-cross-origin\" allowfullscreen data-no-lazy=\"1\" data-skipgform_ajax_framebjll=\"\"><\/iframe>\n<\/div><\/figure>\n\n\n\n<p><\/p>\n\n\n\n<p><strong>K\u00ebrkesat kryesore<\/strong><\/p>\n\n\n\n<p>N\u00eb protestat e mbajtura, fillimisht n\u00eb Bujanoc, e m\u00eb pas n\u00eb Preshev\u00eb, u b\u00eb thirrje p\u00ebr njohje t\u00eb diplomave t\u00eb Kosov\u00ebs, p\u00ebr integrim n\u00ebp\u00ebr institucionet shtet\u00ebrore t\u00eb Serbis\u00eb, p\u00ebr lejim t\u00eb p\u00ebrdorimit t\u00eb simboleve komb\u00ebtare shqiptare dhe p\u00ebr zgjidhjen e \u00e7\u00ebshtjes s\u00eb pasivizimit t\u00eb adresave.<\/p>\n\n\n\n<figure class=\"wp-block-gallery has-nested-images columns-default is-cropped wp-block-gallery-2 is-layout-flex wp-block-gallery-is-layout-flex\">\n<figure class=\"wp-block-image size-large\"><img loading=\"lazy\" decoding=\"async\" width=\"1024\" height=\"768\" data-id=\"2902\" src=\"https:\/\/medvegjasot.com\/wp-content\/uploads\/2024\/09\/IMG_6943-1024x768.jpeg\" alt=\"\" class=\"wp-image-2902\" srcset=\"https:\/\/medvegjasot.com\/wp-content\/uploads\/2024\/09\/IMG_6943-1024x768.jpeg 1024w, https:\/\/medvegjasot.com\/wp-content\/uploads\/2024\/09\/IMG_6943-300x225.jpeg 300w, https:\/\/medvegjasot.com\/wp-content\/uploads\/2024\/09\/IMG_6943-768x576.jpeg 768w, https:\/\/medvegjasot.com\/wp-content\/uploads\/2024\/09\/IMG_6943-1536x1152.jpeg 1536w, https:\/\/medvegjasot.com\/wp-content\/uploads\/2024\/09\/IMG_6943-2048x1536.jpeg 2048w\" sizes=\"(max-width: 1024px) 100vw, 1024px\" \/><\/figure>\n<\/figure>\n\n\n\n<p>Pasivizimi n\u00ebnkupton fshirjen e qytetar\u00ebve prej adresave ku kan\u00eb qen\u00eb t\u00eb regjistruar. Ky hap rezulton me humbjen e shtet\u00ebsis\u00eb serbe, e rrjedhimisht t\u00eb t\u00eb gjitha t\u00eb drejtave civile \u2013 p\u00ebrfshir\u00eb t\u00eb drejt\u00ebn p\u00ebr t\u00eb votuar, p\u00ebr t\u00eb pasur pron\u00eb, p\u00ebr t\u00eb pasur sigurim sh\u00ebndet\u00ebsor e pension dhe p\u00ebr t\u2019u pun\u00ebsuar.<\/p>\n\n\n\n<figure class=\"wp-block-gallery has-nested-images columns-default is-cropped wp-block-gallery-3 is-layout-flex wp-block-gallery-is-layout-flex\">\n<figure class=\"wp-block-image size-large\"><img loading=\"lazy\" decoding=\"async\" width=\"960\" height=\"642\" data-id=\"2750\" src=\"https:\/\/medvegjasot.com\/wp-content\/uploads\/2024\/09\/IMG_3899.jpeg\" alt=\"\" class=\"wp-image-2750\" srcset=\"https:\/\/medvegjasot.com\/wp-content\/uploads\/2024\/09\/IMG_3899.jpeg 960w, https:\/\/medvegjasot.com\/wp-content\/uploads\/2024\/09\/IMG_3899-300x200.jpeg 300w, https:\/\/medvegjasot.com\/wp-content\/uploads\/2024\/09\/IMG_3899-768x514.jpeg 768w, https:\/\/medvegjasot.com\/wp-content\/uploads\/2024\/09\/IMG_3899-600x400.jpeg 600w\" sizes=\"(max-width: 960px) 100vw, 960px\" \/><\/figure>\n<\/figure>\n\n\n\n<p><\/p>\n\n\n\n<p>Pasivizimi i adres\u00ebs p\u00ebrcaktohet me ligj n\u00eb Serbi prej vitit 2011. Ligji parasheh q\u00eb institucionet t\u00eb b\u00ebjn\u00eb kontrolle p\u00ebr t\u00eb kuptuar n\u00ebse nj\u00eb banor jeton n\u00eb adres\u00ebn e regjistruar.<\/p>\n\n\n\n<p>N\u00ebse v\u00ebrtetohet q\u00eb nj\u00eb banor nuk jeton n\u00eb at\u00eb adres\u00eb, merret vendimi p\u00ebr pasivizimin e saj, dhe banori obligohet q\u00eb t\u00eb regjistroj\u00eb adres\u00ebn e re brenda tet\u00eb dit\u00ebve, pas pranimit t\u00eb vendimit.<\/p>\n\n\n\n<p>Ndon\u00ebse ligji parasheh t\u00eb drejt\u00ebn p\u00ebr apel, qytetar\u00ebt kan\u00eb th\u00ebn\u00eb se, n\u00eb disa raste, as nuk kan\u00eb mundur t\u00eb ankohen ndaj vendimit, pasi nuk jan\u00eb informuar me koh\u00eb p\u00ebr pasivizimin.<\/p>\n\n\n\n<p>Kjo \u00e7\u00ebshtje \u00ebsht\u00eb p\u00ebrmendur edhe n\u00eb raportin e Departamentit amerikan t\u00eb Shtetit p\u00ebr t\u00eb drejtat e njeriut n\u00eb Serbi, p\u00ebr vitin 2023.<\/p>\n\n\n\n<p>N\u00eb t\u00eb \u00ebsht\u00eb th\u00ebn\u00eb se pasivizimi i adresave duket se \u00ebsht\u00eb kryer n\u00eb m\u00ebnyr\u00eb joproporcionale ndaj shqiptar\u00ebve, sidomos n\u00eb Medvegj\u00eb.<\/p>\n\n\n\n<p><strong>Diskriminim \u201cn\u00eb kufi t\u00eb racizmit\u201d<\/strong><\/p>\n\n\n\n<p>Kryetari i K\u00ebshillit Komb\u00ebtar Shqiptar \u2013 organ p\u00ebrfaq\u00ebsues i shqiptar\u00ebve n\u00eb Serbi \u2013 ka th\u00ebn\u00eb pas protest\u00ebs s\u00eb 23 shtatorit se diskriminimi i shqiptar\u00ebve \u201cka prekur kufijt\u00eb e racizmit\u201d.<\/p>\n\n\n\n<p>Sipas Nevzad Lutfiut, \u201cnuk ka familje shqiptare, e cila nuk \u00ebsht\u00eb prekur n\u00eb ndonj\u00eb form\u00eb diskriminimi \u2013 e drejta \u00ebsht\u00eb n\u00eb an\u00ebn ton\u00eb, dhe ne nuk do t\u00eb heshtim derisa k\u00ebrkesat t\u00eb realizohen\u201d.<\/p>\n\n\n\n<p>Dhjet\u00ebra shqiptar\u00eb t\u00eb Lugin\u00ebs kan\u00eb folur nd\u00ebr vite p\u00ebr Radion Evropa e Lir\u00eb p\u00ebr munges\u00ebn e perspektiv\u00ebs n\u00eb k\u00ebt\u00eb rajon. Disa prej tyre paguhen sikurse t\u00eb ken\u00eb shkollim t\u00eb mes\u00ebm, meq\u00eb diplomat e l\u00ebshuara prej institucioneve t\u00eb Kosov\u00ebs nuk u jan\u00eb njohur kurr\u00eb.<\/p>\n\n\n\n<p>\u00c7\u00ebshtja e diplomave \u00ebsht\u00eb rregulluar me disa marr\u00ebveshje t\u00eb arritura n\u00eb kuad\u00ebr t\u00eb dialogut mes Kosov\u00ebs dhe Serbis\u00eb n\u00eb Bruksel dhe me nj\u00eb marr\u00ebveshje mes vendeve t\u00eb Ballkanit Per\u00ebndimor n\u00eb samitin n\u00eb kuad\u00ebr t\u00eb Procesit t\u00eb Berlinit. Kosova i ka respektuar k\u00ebto marr\u00ebveshje.<\/p>\n\n\n\n<p>Radio Evropa e Lir\u00eb ka biseduar n\u00eb t\u00eb kaluar\u00ebn me disa serb\u00eb, t\u00eb cil\u00ebve u jan\u00eb pranuar n\u00eb Kosov\u00eb diplomat e l\u00ebshuara nga Serbia dhe q\u00eb kan\u00eb arritur t\u00eb pun\u00ebsohen.<\/p>\n\n\n\n<p>Banor\u00ebt e Lugin\u00ebs dhe udh\u00ebheq\u00ebs t\u00eb komunave atje kan\u00eb k\u00ebrkuar disa her\u00eb q\u00eb t\u00eb ket\u00eb prani t\u00eb mekanizmave nd\u00ebrkomb\u00ebtar\u00eb, n\u00eb m\u00ebnyr\u00eb q\u00eb t\u00eb monitorohen kushtet e jetes\u00ebs n\u00eb at\u00eb pjes\u00eb.<\/p>\n\n\n\n<p>Ata kan\u00eb akuzuar p\u00ebrfaq\u00ebsuesit e faktorit nd\u00ebrkomb\u00ebtar n\u00eb Beograd p\u00ebr mosreagim ndaj trajtimit q\u00eb u b\u00ebhet.<\/p>\n\n\n\n<p><strong>Pasivizimi i adresave, \u201cform\u00eb e spastrimit etnik\u201d<\/strong><\/p>\n\n\n\n<p>N\u00eb raportin e Komitetit t\u00eb Helsinkit p\u00ebr t\u00eb Drejta t\u00eb Njeriut n\u00eb Serbi, t\u00eb vitit 2021, Presheva, Medvegja dhe Bujanoci p\u00ebrshkruhen si pengje t\u00eb marr\u00ebdh\u00ebnieve nd\u00ebrmjet Kosov\u00ebs dhe Serbis\u00eb.<\/p>\n\n\n\n<p>Sipas raportit, \u00e7\u00ebshtja e pasivizimit t\u00eb adresave \u201cn\u00eb thelb \u00ebsht\u00eb form\u00eb e spastrimit etnik n\u00ebp\u00ebrmjet metodave administrative\u201d.<\/p>\n\n\n\n<p>\u201cShqiptar\u00ebt e kan\u00eb shfaqur d\u00ebshir\u00ebn p\u00ebr integrim, mir\u00ebpo Beogradi nuk ka treguar vullnet politik. Ndon\u00ebse nuk ka tension mes qytetar\u00ebve, v\u00ebrehet rritja e mosbesimit ndaj institucioneve\u201d, p\u00ebrmendet mes tjerash n\u00eb raport.<\/p>\n\n\n\n<p>P\u00ebrfaq\u00ebsuesit e Lugin\u00ebs dhe shteti serb kan\u00eb arritur tri marr\u00ebveshje \u2013 m\u00eb 2001, 2007 dhe 2013 \u2013 q\u00eb parashohin mbrojtjen e t\u00eb drejtave dhe integrimin e pakic\u00ebs shqiptare, por nuk jan\u00eb b\u00ebr\u00eb l\u00ebvizje n\u00eb zbatimin e tyre.<\/p>\n\n\n\n<p>N\u00eb Raportin e Progresit t\u00eb Bashkimit Evropian p\u00ebr Serbin\u00eb, p\u00ebr vitin 2023, \u00ebsht\u00eb vler\u00ebsuar q\u00eb \u201cme gjith\u00eb detyrimin ligjor p\u00ebr ta marr\u00eb parasysh p\u00ebrb\u00ebrjen etnike t\u00eb popullsis\u00eb, pakicat komb\u00ebtare jan\u00eb ende t\u00eb n\u00ebnp\u00ebrfaq\u00ebsuara n\u00eb administrat\u00ebn shtet\u00ebrore\u201d.<\/p>\n\n\n\n<p>Integrimi i shqiptar\u00ebve n\u00eb institucione \u00ebsht\u00eb pjes\u00eb e obligimeve t\u00eb Serbis\u00eb n\u00eb kuad\u00ebr t\u00eb negociatave p\u00ebr an\u00ebtar\u00ebsim n\u00eb Bashkimin Evropian.<\/p>\n\n\n\n<p>Z\u00ebvend\u00ebskryeministri i Kosov\u00ebs, Besnik Bislimi, ka th\u00ebn\u00eb pas protest\u00ebs s\u00eb mbajtur n\u00eb gusht se shqiptar\u00ebt po p\u00ebrballen me situat\u00eb t\u00eb papranueshme, dhe se mbetet i p\u00ebrkushtuar p\u00ebr t\u00eb ngritur z\u00ebrin p\u00ebr shqet\u00ebsimet e tyre.<\/p>\n\n\n\n<p>N\u00eb n\u00ebntor t\u00eb vitit 2023, kryeministri i Kosov\u00ebs, Albin Kurti, pati th\u00ebn\u00eb se ndihma e shtetit p\u00ebr Lugin\u00ebn e Preshev\u00ebs k\u00ebt\u00eb vit do t\u00eb jet\u00eb 3 milion\u00eb euro, nj\u00eb milion m\u00eb shum\u00eb se n\u00eb periudh\u00ebn paraprake.<\/p>\n\n\n\n<p>Dit\u00eb m\u00eb par\u00eb, kryetarja e Preshev\u00ebs, Ardita Sinani, ka fal\u00ebnderuar Qeverin\u00eb e Kosov\u00ebs p\u00ebr ndarje fondesh p\u00ebr sigurim t\u00eb teksteve m\u00ebsimore shqip p\u00ebr 3.708 nx\u00ebn\u00ebs shqiptar\u00eb t\u00eb Lugin\u00ebs.<\/p>\n\n\n\n<p>Megjithat\u00eb, mungesa e investimeve dhe barrierat e vazhdueshme besohet se kan\u00eb ndikuar n\u00eb largimin e rreth 20.000 shqiptar\u00ebve prej k\u00ebtij rajoni, kryesisht drejt shtetit t\u00eb Kosov\u00ebs.<\/p>\n","protected":false},"excerpt":{"rendered":"<p>Dy her\u00eb, n\u00eb m\u00eb pak se dy muaj, shqiptar\u00ebt e Lugin\u00ebs s\u00eb Preshev\u00ebs e kan\u00eb ngritur z\u00ebrin kund\u00ebr diskriminimit q\u00eb ata thon\u00eb se e p\u00ebrjetojn\u00eb \u00e7do dit\u00eb n\u00eb Serbi. P\u00ebrgjigjja e presidentit serb, Aleksandar Vu\u00e7iq, p\u00ebr protestat e tyre? \u201cAskush nuk po i rrah, nuk po i ngacmon, apo di\u00e7ka tjet\u00ebr. Serbia \u00ebsht\u00eb shtet demokratik&#8230;<\/p>\n","protected":false},"author":2,"featured_media":2749,"comment_status":"open","ping_status":"open","sticky":false,"template":"","format":"standard","meta":{"_coblocks_attr":"","_coblocks_dimensions":"","_coblocks_responsive_height":"","_coblocks_accordion_ie_support":"","_monsterinsights_skip_tracking":false,"_monsterinsights_sitenote_active":false,"_monsterinsights_sitenote_note":"","_monsterinsights_sitenote_category":0,"footnotes":""},"categories":[14],"tags":[],"class_list":["post-2936","post","type-post","status-publish","format-standard","has-post-thumbnail","hentry","category-lajme"],"yoast_head":"<!-- This site is optimized with the Yoast SEO plugin v27.5 - https:\/\/yoast.com\/product\/yoast-seo-wordpress\/ -->\n<title>SI \u00cbSHT\u00cb T\u00cb JESH SHQIPTAR N\u00cb SERBI? - Medvegja Sot<\/title>\n<meta name=\"robots\" content=\"index, follow, max-snippet:-1, max-image-preview:large, max-video-preview:-1\" \/>\n<link rel=\"canonical\" href=\"https:\/\/medvegjasot.com\/?p=2936\" \/>\n<meta property=\"og:locale\" content=\"en_US\" \/>\n<meta property=\"og:type\" content=\"article\" \/>\n<meta property=\"og:title\" content=\"SI \u00cbSHT\u00cb T\u00cb JESH SHQIPTAR N\u00cb SERBI? - Medvegja Sot\" \/>\n<meta property=\"og:description\" content=\"Dy her\u00eb, n\u00eb m\u00eb pak se dy muaj, shqiptar\u00ebt e Lugin\u00ebs s\u00eb Preshev\u00ebs e kan\u00eb ngritur z\u00ebrin kund\u00ebr diskriminimit q\u00eb ata thon\u00eb se e p\u00ebrjetojn\u00eb \u00e7do dit\u00eb n\u00eb Serbi. P\u00ebrgjigjja e presidentit serb, Aleksandar Vu\u00e7iq, p\u00ebr protestat e tyre? \u201cAskush nuk po i rrah, nuk po i ngacmon, apo di\u00e7ka tjet\u00ebr. Serbia \u00ebsht\u00eb shtet demokratik...\" \/>\n<meta property=\"og:url\" content=\"https:\/\/medvegjasot.com\/?p=2936\" \/>\n<meta property=\"og:site_name\" content=\"Medvegja Sot\" \/>\n<meta property=\"article:publisher\" content=\"https:\/\/www.facebook.com\/MedvegjaSot.com1\" \/>\n<meta property=\"article:published_time\" content=\"2024-09-27T07:19:08+00:00\" \/>\n<meta property=\"article:modified_time\" content=\"2024-09-27T08:43:31+00:00\" \/>\n<meta property=\"og:image\" content=\"https:\/\/medvegjasot.com\/wp-content\/uploads\/2024\/09\/photo-output-24.jpeg\" \/>\n\t<meta property=\"og:image:width\" content=\"2016\" \/>\n\t<meta property=\"og:image:height\" content=\"1134\" \/>\n\t<meta property=\"og:image:type\" content=\"image\/jpeg\" \/>\n<meta name=\"author\" content=\"admin\" \/>\n<meta name=\"twitter:card\" content=\"summary_large_image\" \/>\n<meta name=\"twitter:label1\" content=\"Written by\" \/>\n\t<meta name=\"twitter:data1\" content=\"admin\" \/>\n\t<meta name=\"twitter:label2\" content=\"Est. reading time\" \/>\n\t<meta name=\"twitter:data2\" content=\"6 minutes\" \/>\n<script type=\"application\/ld+json\" class=\"yoast-schema-graph\">{\"@context\":\"https:\\\/\\\/schema.org\",\"@graph\":[{\"@type\":\"Article\",\"@id\":\"https:\\\/\\\/medvegjasot.com\\\/?p=2936#article\",\"isPartOf\":{\"@id\":\"https:\\\/\\\/medvegjasot.com\\\/?p=2936\"},\"author\":{\"name\":\"admin\",\"@id\":\"https:\\\/\\\/medvegjasot.com\\\/#\\\/schema\\\/person\\\/f2be1a84f4e95d0cb032946a1cf2e594\"},\"headline\":\"SI \u00cbSHT\u00cb T\u00cb JESH SHQIPTAR N\u00cb SERBI?\",\"datePublished\":\"2024-09-27T07:19:08+00:00\",\"dateModified\":\"2024-09-27T08:43:31+00:00\",\"mainEntityOfPage\":{\"@id\":\"https:\\\/\\\/medvegjasot.com\\\/?p=2936\"},\"wordCount\":1103,\"commentCount\":0,\"publisher\":{\"@id\":\"https:\\\/\\\/medvegjasot.com\\\/#organization\"},\"image\":{\"@id\":\"https:\\\/\\\/medvegjasot.com\\\/?p=2936#primaryimage\"},\"thumbnailUrl\":\"https:\\\/\\\/medvegjasot.com\\\/wp-content\\\/uploads\\\/2024\\\/09\\\/photo-output-24.jpeg\",\"articleSection\":[\"LAJME\"],\"inLanguage\":\"en-US\",\"potentialAction\":[{\"@type\":\"CommentAction\",\"name\":\"Comment\",\"target\":[\"https:\\\/\\\/medvegjasot.com\\\/?p=2936#respond\"]}]},{\"@type\":\"WebPage\",\"@id\":\"https:\\\/\\\/medvegjasot.com\\\/?p=2936\",\"url\":\"https:\\\/\\\/medvegjasot.com\\\/?p=2936\",\"name\":\"SI \u00cbSHT\u00cb T\u00cb JESH SHQIPTAR N\u00cb SERBI? - Medvegja Sot\",\"isPartOf\":{\"@id\":\"https:\\\/\\\/medvegjasot.com\\\/#website\"},\"primaryImageOfPage\":{\"@id\":\"https:\\\/\\\/medvegjasot.com\\\/?p=2936#primaryimage\"},\"image\":{\"@id\":\"https:\\\/\\\/medvegjasot.com\\\/?p=2936#primaryimage\"},\"thumbnailUrl\":\"https:\\\/\\\/medvegjasot.com\\\/wp-content\\\/uploads\\\/2024\\\/09\\\/photo-output-24.jpeg\",\"datePublished\":\"2024-09-27T07:19:08+00:00\",\"dateModified\":\"2024-09-27T08:43:31+00:00\",\"breadcrumb\":{\"@id\":\"https:\\\/\\\/medvegjasot.com\\\/?p=2936#breadcrumb\"},\"inLanguage\":\"en-US\",\"potentialAction\":[{\"@type\":\"ReadAction\",\"target\":[\"https:\\\/\\\/medvegjasot.com\\\/?p=2936\"]}]},{\"@type\":\"ImageObject\",\"inLanguage\":\"en-US\",\"@id\":\"https:\\\/\\\/medvegjasot.com\\\/?p=2936#primaryimage\",\"url\":\"https:\\\/\\\/medvegjasot.com\\\/wp-content\\\/uploads\\\/2024\\\/09\\\/photo-output-24.jpeg\",\"contentUrl\":\"https:\\\/\\\/medvegjasot.com\\\/wp-content\\\/uploads\\\/2024\\\/09\\\/photo-output-24.jpeg\",\"width\":2016,\"height\":1134},{\"@type\":\"BreadcrumbList\",\"@id\":\"https:\\\/\\\/medvegjasot.com\\\/?p=2936#breadcrumb\",\"itemListElement\":[{\"@type\":\"ListItem\",\"position\":1,\"name\":\"Home\",\"item\":\"https:\\\/\\\/medvegjasot.com\\\/\"},{\"@type\":\"ListItem\",\"position\":2,\"name\":\"SI \u00cbSHT\u00cb T\u00cb JESH SHQIPTAR N\u00cb SERBI?\"}]},{\"@type\":\"WebSite\",\"@id\":\"https:\\\/\\\/medvegjasot.com\\\/#website\",\"url\":\"https:\\\/\\\/medvegjasot.com\\\/\",\"name\":\"Medvegja Sot\",\"description\":\"Portal Lajmesh\",\"publisher\":{\"@id\":\"https:\\\/\\\/medvegjasot.com\\\/#organization\"},\"alternateName\":\"MS\",\"potentialAction\":[{\"@type\":\"SearchAction\",\"target\":{\"@type\":\"EntryPoint\",\"urlTemplate\":\"https:\\\/\\\/medvegjasot.com\\\/?s={search_term_string}\"},\"query-input\":{\"@type\":\"PropertyValueSpecification\",\"valueRequired\":true,\"valueName\":\"search_term_string\"}}],\"inLanguage\":\"en-US\"},{\"@type\":\"Organization\",\"@id\":\"https:\\\/\\\/medvegjasot.com\\\/#organization\",\"name\":\"Medvegja Sot\",\"alternateName\":\"MS\",\"url\":\"https:\\\/\\\/medvegjasot.com\\\/\",\"logo\":{\"@type\":\"ImageObject\",\"inLanguage\":\"en-US\",\"@id\":\"https:\\\/\\\/medvegjasot.com\\\/#\\\/schema\\\/logo\\\/image\\\/\",\"url\":\"https:\\\/\\\/medvegjasot.com\\\/wp-content\\\/uploads\\\/2024\\\/08\\\/logo.png\",\"contentUrl\":\"https:\\\/\\\/medvegjasot.com\\\/wp-content\\\/uploads\\\/2024\\\/08\\\/logo.png\",\"width\":500,\"height\":500,\"caption\":\"Medvegja Sot\"},\"image\":{\"@id\":\"https:\\\/\\\/medvegjasot.com\\\/#\\\/schema\\\/logo\\\/image\\\/\"},\"sameAs\":[\"https:\\\/\\\/www.facebook.com\\\/MedvegjaSot.com1\"]},{\"@type\":\"Person\",\"@id\":\"https:\\\/\\\/medvegjasot.com\\\/#\\\/schema\\\/person\\\/f2be1a84f4e95d0cb032946a1cf2e594\",\"name\":\"admin\",\"image\":{\"@type\":\"ImageObject\",\"inLanguage\":\"en-US\",\"@id\":\"https:\\\/\\\/secure.gravatar.com\\\/avatar\\\/2eedc5259426225ddc6f98b4b6728c30418b83e6f70285719780d3518d972ece?s=96&d=mm&r=g\",\"url\":\"https:\\\/\\\/secure.gravatar.com\\\/avatar\\\/2eedc5259426225ddc6f98b4b6728c30418b83e6f70285719780d3518d972ece?s=96&d=mm&r=g\",\"contentUrl\":\"https:\\\/\\\/secure.gravatar.com\\\/avatar\\\/2eedc5259426225ddc6f98b4b6728c30418b83e6f70285719780d3518d972ece?s=96&d=mm&r=g\",\"caption\":\"admin\"},\"url\":\"https:\\\/\\\/medvegjasot.com\\\/?author=2\"}]}<\/script>\n<!-- \/ Yoast SEO plugin. -->","yoast_head_json":{"title":"SI \u00cbSHT\u00cb T\u00cb JESH SHQIPTAR N\u00cb SERBI? - Medvegja Sot","robots":{"index":"index","follow":"follow","max-snippet":"max-snippet:-1","max-image-preview":"max-image-preview:large","max-video-preview":"max-video-preview:-1"},"canonical":"https:\/\/medvegjasot.com\/?p=2936","og_locale":"en_US","og_type":"article","og_title":"SI \u00cbSHT\u00cb T\u00cb JESH SHQIPTAR N\u00cb SERBI? - Medvegja Sot","og_description":"Dy her\u00eb, n\u00eb m\u00eb pak se dy muaj, shqiptar\u00ebt e Lugin\u00ebs s\u00eb Preshev\u00ebs e kan\u00eb ngritur z\u00ebrin kund\u00ebr diskriminimit q\u00eb ata thon\u00eb se e p\u00ebrjetojn\u00eb \u00e7do dit\u00eb n\u00eb Serbi. P\u00ebrgjigjja e presidentit serb, Aleksandar Vu\u00e7iq, p\u00ebr protestat e tyre? \u201cAskush nuk po i rrah, nuk po i ngacmon, apo di\u00e7ka tjet\u00ebr. Serbia \u00ebsht\u00eb shtet demokratik...","og_url":"https:\/\/medvegjasot.com\/?p=2936","og_site_name":"Medvegja Sot","article_publisher":"https:\/\/www.facebook.com\/MedvegjaSot.com1","article_published_time":"2024-09-27T07:19:08+00:00","article_modified_time":"2024-09-27T08:43:31+00:00","og_image":[{"width":2016,"height":1134,"url":"https:\/\/medvegjasot.com\/wp-content\/uploads\/2024\/09\/photo-output-24.jpeg","type":"image\/jpeg"}],"author":"admin","twitter_card":"summary_large_image","twitter_misc":{"Written by":"admin","Est. reading time":"6 minutes"},"schema":{"@context":"https:\/\/schema.org","@graph":[{"@type":"Article","@id":"https:\/\/medvegjasot.com\/?p=2936#article","isPartOf":{"@id":"https:\/\/medvegjasot.com\/?p=2936"},"author":{"name":"admin","@id":"https:\/\/medvegjasot.com\/#\/schema\/person\/f2be1a84f4e95d0cb032946a1cf2e594"},"headline":"SI \u00cbSHT\u00cb T\u00cb JESH SHQIPTAR N\u00cb SERBI?","datePublished":"2024-09-27T07:19:08+00:00","dateModified":"2024-09-27T08:43:31+00:00","mainEntityOfPage":{"@id":"https:\/\/medvegjasot.com\/?p=2936"},"wordCount":1103,"commentCount":0,"publisher":{"@id":"https:\/\/medvegjasot.com\/#organization"},"image":{"@id":"https:\/\/medvegjasot.com\/?p=2936#primaryimage"},"thumbnailUrl":"https:\/\/medvegjasot.com\/wp-content\/uploads\/2024\/09\/photo-output-24.jpeg","articleSection":["LAJME"],"inLanguage":"en-US","potentialAction":[{"@type":"CommentAction","name":"Comment","target":["https:\/\/medvegjasot.com\/?p=2936#respond"]}]},{"@type":"WebPage","@id":"https:\/\/medvegjasot.com\/?p=2936","url":"https:\/\/medvegjasot.com\/?p=2936","name":"SI \u00cbSHT\u00cb T\u00cb JESH SHQIPTAR N\u00cb SERBI? - Medvegja Sot","isPartOf":{"@id":"https:\/\/medvegjasot.com\/#website"},"primaryImageOfPage":{"@id":"https:\/\/medvegjasot.com\/?p=2936#primaryimage"},"image":{"@id":"https:\/\/medvegjasot.com\/?p=2936#primaryimage"},"thumbnailUrl":"https:\/\/medvegjasot.com\/wp-content\/uploads\/2024\/09\/photo-output-24.jpeg","datePublished":"2024-09-27T07:19:08+00:00","dateModified":"2024-09-27T08:43:31+00:00","breadcrumb":{"@id":"https:\/\/medvegjasot.com\/?p=2936#breadcrumb"},"inLanguage":"en-US","potentialAction":[{"@type":"ReadAction","target":["https:\/\/medvegjasot.com\/?p=2936"]}]},{"@type":"ImageObject","inLanguage":"en-US","@id":"https:\/\/medvegjasot.com\/?p=2936#primaryimage","url":"https:\/\/medvegjasot.com\/wp-content\/uploads\/2024\/09\/photo-output-24.jpeg","contentUrl":"https:\/\/medvegjasot.com\/wp-content\/uploads\/2024\/09\/photo-output-24.jpeg","width":2016,"height":1134},{"@type":"BreadcrumbList","@id":"https:\/\/medvegjasot.com\/?p=2936#breadcrumb","itemListElement":[{"@type":"ListItem","position":1,"name":"Home","item":"https:\/\/medvegjasot.com\/"},{"@type":"ListItem","position":2,"name":"SI \u00cbSHT\u00cb T\u00cb JESH SHQIPTAR N\u00cb SERBI?"}]},{"@type":"WebSite","@id":"https:\/\/medvegjasot.com\/#website","url":"https:\/\/medvegjasot.com\/","name":"Medvegja Sot","description":"Portal Lajmesh","publisher":{"@id":"https:\/\/medvegjasot.com\/#organization"},"alternateName":"MS","potentialAction":[{"@type":"SearchAction","target":{"@type":"EntryPoint","urlTemplate":"https:\/\/medvegjasot.com\/?s={search_term_string}"},"query-input":{"@type":"PropertyValueSpecification","valueRequired":true,"valueName":"search_term_string"}}],"inLanguage":"en-US"},{"@type":"Organization","@id":"https:\/\/medvegjasot.com\/#organization","name":"Medvegja Sot","alternateName":"MS","url":"https:\/\/medvegjasot.com\/","logo":{"@type":"ImageObject","inLanguage":"en-US","@id":"https:\/\/medvegjasot.com\/#\/schema\/logo\/image\/","url":"https:\/\/medvegjasot.com\/wp-content\/uploads\/2024\/08\/logo.png","contentUrl":"https:\/\/medvegjasot.com\/wp-content\/uploads\/2024\/08\/logo.png","width":500,"height":500,"caption":"Medvegja Sot"},"image":{"@id":"https:\/\/medvegjasot.com\/#\/schema\/logo\/image\/"},"sameAs":["https:\/\/www.facebook.com\/MedvegjaSot.com1"]},{"@type":"Person","@id":"https:\/\/medvegjasot.com\/#\/schema\/person\/f2be1a84f4e95d0cb032946a1cf2e594","name":"admin","image":{"@type":"ImageObject","inLanguage":"en-US","@id":"https:\/\/secure.gravatar.com\/avatar\/2eedc5259426225ddc6f98b4b6728c30418b83e6f70285719780d3518d972ece?s=96&d=mm&r=g","url":"https:\/\/secure.gravatar.com\/avatar\/2eedc5259426225ddc6f98b4b6728c30418b83e6f70285719780d3518d972ece?s=96&d=mm&r=g","contentUrl":"https:\/\/secure.gravatar.com\/avatar\/2eedc5259426225ddc6f98b4b6728c30418b83e6f70285719780d3518d972ece?s=96&d=mm&r=g","caption":"admin"},"url":"https:\/\/medvegjasot.com\/?author=2"}]}},"jetpack_featured_media_url":"https:\/\/medvegjasot.com\/wp-content\/uploads\/2024\/09\/photo-output-24.jpeg","_links":{"self":[{"href":"https:\/\/medvegjasot.com\/index.php?rest_route=\/wp\/v2\/posts\/2936","targetHints":{"allow":["GET"]}}],"collection":[{"href":"https:\/\/medvegjasot.com\/index.php?rest_route=\/wp\/v2\/posts"}],"about":[{"href":"https:\/\/medvegjasot.com\/index.php?rest_route=\/wp\/v2\/types\/post"}],"author":[{"embeddable":true,"href":"https:\/\/medvegjasot.com\/index.php?rest_route=\/wp\/v2\/users\/2"}],"replies":[{"embeddable":true,"href":"https:\/\/medvegjasot.com\/index.php?rest_route=%2Fwp%2Fv2%2Fcomments&post=2936"}],"version-history":[{"count":4,"href":"https:\/\/medvegjasot.com\/index.php?rest_route=\/wp\/v2\/posts\/2936\/revisions"}],"predecessor-version":[{"id":2942,"href":"https:\/\/medvegjasot.com\/index.php?rest_route=\/wp\/v2\/posts\/2936\/revisions\/2942"}],"wp:featuredmedia":[{"embeddable":true,"href":"https:\/\/medvegjasot.com\/index.php?rest_route=\/wp\/v2\/media\/2749"}],"wp:attachment":[{"href":"https:\/\/medvegjasot.com\/index.php?rest_route=%2Fwp%2Fv2%2Fmedia&parent=2936"}],"wp:term":[{"taxonomy":"category","embeddable":true,"href":"https:\/\/medvegjasot.com\/index.php?rest_route=%2Fwp%2Fv2%2Fcategories&post=2936"},{"taxonomy":"post_tag","embeddable":true,"href":"https:\/\/medvegjasot.com\/index.php?rest_route=%2Fwp%2Fv2%2Ftags&post=2936"}],"curies":[{"name":"wp","href":"https:\/\/api.w.org\/{rel}","templated":true}]}}