{"id":2900,"date":"2024-09-23T17:51:36","date_gmt":"2024-09-23T17:51:36","guid":{"rendered":"https:\/\/medvegjasot.com\/?p=2900"},"modified":"2024-09-27T05:56:43","modified_gmt":"2024-09-27T05:56:43","slug":"per-indetitet-dhe-dinjitet-ishte-protesta-e-shqiptareve-sot-ne-presheve-vido-foto","status":"publish","type":"post","link":"https:\/\/medvegjasot.com\/?p=2900","title":{"rendered":"\u201cP\u00cbR INDETITET DHE DINJITET\u201d, ISHTE PROTESTA E SHQIPTAR\u00cbVE SOT N\u00cb PRESHEV\u00cb\u00a0&#8211; VIDO &amp; FOTO"},"content":{"rendered":"\n<p>Sot e h\u00ebn\u00eb 23 shtator 2024&nbsp;&nbsp;n\u00eb Preshev\u00eb u mbajt protesta e dyt\u00eb pas asaj n\u00eb Bujanoc e mbajtur m\u00eb 12 gusht 2024.&nbsp;<br><\/p>\n\n\n\n<figure class=\"wp-block-gallery has-nested-images columns-default is-cropped wp-block-gallery-1 is-layout-flex wp-block-gallery-is-layout-flex\">\n<figure class=\"wp-block-image size-large\"><img fetchpriority=\"high\" decoding=\"async\" width=\"1024\" height=\"768\" data-id=\"2902\" src=\"https:\/\/medvegjasot.com\/wp-content\/uploads\/2024\/09\/IMG_6943-1024x768.jpeg\" alt=\"\" class=\"wp-image-2902\" srcset=\"https:\/\/medvegjasot.com\/wp-content\/uploads\/2024\/09\/IMG_6943-1024x768.jpeg 1024w, https:\/\/medvegjasot.com\/wp-content\/uploads\/2024\/09\/IMG_6943-300x225.jpeg 300w, https:\/\/medvegjasot.com\/wp-content\/uploads\/2024\/09\/IMG_6943-768x576.jpeg 768w, https:\/\/medvegjasot.com\/wp-content\/uploads\/2024\/09\/IMG_6943-1536x1152.jpeg 1536w, https:\/\/medvegjasot.com\/wp-content\/uploads\/2024\/09\/IMG_6943-2048x1536.jpeg 2048w\" sizes=\"(max-width: 1024px) 100vw, 1024px\" \/><\/figure>\n\n\n\n<figure class=\"wp-block-image size-large\"><img decoding=\"async\" width=\"1024\" height=\"768\" data-id=\"2901\" src=\"https:\/\/medvegjasot.com\/wp-content\/uploads\/2024\/09\/IMG_6936-1024x768.jpeg\" alt=\"\" class=\"wp-image-2901\" srcset=\"https:\/\/medvegjasot.com\/wp-content\/uploads\/2024\/09\/IMG_6936-1024x768.jpeg 1024w, https:\/\/medvegjasot.com\/wp-content\/uploads\/2024\/09\/IMG_6936-300x225.jpeg 300w, https:\/\/medvegjasot.com\/wp-content\/uploads\/2024\/09\/IMG_6936-768x576.jpeg 768w, https:\/\/medvegjasot.com\/wp-content\/uploads\/2024\/09\/IMG_6936-1536x1152.jpeg 1536w, https:\/\/medvegjasot.com\/wp-content\/uploads\/2024\/09\/IMG_6936-2048x1536.jpeg 2048w\" sizes=\"(max-width: 1024px) 100vw, 1024px\" \/><\/figure>\n\n\n\n<figure class=\"wp-block-image size-large\"><img decoding=\"async\" width=\"1024\" height=\"768\" data-id=\"2904\" src=\"https:\/\/medvegjasot.com\/wp-content\/uploads\/2024\/09\/IMG_6935-1024x768.jpeg\" alt=\"\" class=\"wp-image-2904\" srcset=\"https:\/\/medvegjasot.com\/wp-content\/uploads\/2024\/09\/IMG_6935-1024x768.jpeg 1024w, https:\/\/medvegjasot.com\/wp-content\/uploads\/2024\/09\/IMG_6935-300x225.jpeg 300w, https:\/\/medvegjasot.com\/wp-content\/uploads\/2024\/09\/IMG_6935-768x576.jpeg 768w, https:\/\/medvegjasot.com\/wp-content\/uploads\/2024\/09\/IMG_6935-1536x1152.jpeg 1536w, https:\/\/medvegjasot.com\/wp-content\/uploads\/2024\/09\/IMG_6935-2048x1536.jpeg 2048w\" sizes=\"(max-width: 1024px) 100vw, 1024px\" \/><\/figure>\n\n\n\n<figure class=\"wp-block-image size-large\"><img loading=\"lazy\" decoding=\"async\" width=\"1024\" height=\"768\" data-id=\"2903\" src=\"https:\/\/medvegjasot.com\/wp-content\/uploads\/2024\/09\/IMG_6932-1024x768.jpeg\" alt=\"\" class=\"wp-image-2903\" srcset=\"https:\/\/medvegjasot.com\/wp-content\/uploads\/2024\/09\/IMG_6932-1024x768.jpeg 1024w, https:\/\/medvegjasot.com\/wp-content\/uploads\/2024\/09\/IMG_6932-300x225.jpeg 300w, https:\/\/medvegjasot.com\/wp-content\/uploads\/2024\/09\/IMG_6932-768x576.jpeg 768w, https:\/\/medvegjasot.com\/wp-content\/uploads\/2024\/09\/IMG_6932-1536x1152.jpeg 1536w, https:\/\/medvegjasot.com\/wp-content\/uploads\/2024\/09\/IMG_6932-2048x1536.jpeg 2048w\" sizes=\"(max-width: 1024px) 100vw, 1024px\" \/><\/figure>\n<\/figure>\n\n\n\n<p>Shqiptar\u00ebt e Preshev\u00ebs, Medvegj\u00ebs e Bujanocit u mblodh\u00ebn p\u00ebrs\u00ebri p\u00ebr t\u00eb marshuar n\u00eb sheshin e qytetit, duke k\u00ebrkuar identitet dhe dinjitet p\u00ebr shqiptar\u00ebt.<\/p>\n\n\n\n<p>Dy her\u00eb, n\u00eb m\u00eb pak se dy muaj, shqiptar\u00ebt e Lugin\u00ebs s\u00eb Preshev\u00ebs e kan\u00eb ngritur z\u00ebrin kund\u00ebr&nbsp;<strong><a href=\"https:\/\/evropaelire.us10.list-manage.com\/track\/click?u=3de062b009896941d3ae1c478&amp;id=f57adc74ae&amp;e=57c33bc4e0\" target=\"_blank\" rel=\"noreferrer noopener\">diskriminimit<\/a><\/strong>&nbsp;q\u00eb ata thon\u00eb se e p\u00ebrjetojn\u00eb \u00e7do dit\u00eb n\u00eb Serbi.<\/p>\n\n\n\n<p>P\u00ebrgjigjja e presidentit serb, Aleksandar Vu\u00e7iq, p\u00ebr protestat e tyre?<\/p>\n\n\n\n<p>\u201cAskush nuk po i rrah, nuk po i ngacmon, apo di\u00e7ka tjet\u00ebr. Serbia \u00ebsht\u00eb shtet demokratik dhe ne do t\u00eb vazhdojm\u00eb t\u00eb sillemi n\u00eb k\u00ebt\u00eb m\u00ebnyr\u00eb\u201d.<\/p>\n\n\n\n<p>N\u00eb Serbi jetojn\u00eb m\u00eb shum\u00eb se 60.000 shqiptar\u00eb, t\u00eb cil\u00ebt p\u00ebrb\u00ebjn\u00eb pakic\u00ebn e kat\u00ebrt m\u00eb t\u00eb madhe atje, sipas&nbsp;<strong><a href=\"https:\/\/evropaelire.us10.list-manage.com\/track\/click?u=3de062b009896941d3ae1c478&amp;id=310a9e0b43&amp;e=57c33bc4e0\" target=\"_blank\" rel=\"noreferrer noopener\">regjistrimit<\/a><\/strong>&nbsp;t\u00eb fundit t\u00eb popullsis\u00eb m\u00eb 2022.<\/p>\n\n\n\n<p>N\u00eb raportet nd\u00ebrkomb\u00ebtare, Lugina e Preshev\u00ebs \u2013 term q\u00eb p\u00ebrdoret p\u00ebr Preshev\u00ebn, Medvegj\u00ebn dhe Bujanocin, komuna t\u00eb banuara me shumic\u00eb shqiptare n\u00eb jug t\u00eb Serbis\u00eb \u2013 konsiderohet t\u00ebr\u00ebsisht e izoluar dhe thuhet se merr v\u00ebmendje vet\u00ebm n\u00eb koh\u00eb zgjedhjesh.<\/p>\n\n\n\n<p>N\u00eb Kuvendin e Serbis\u00eb, shqiptar\u00ebt kan\u00eb vet\u00ebm nj\u00eb z\u00eb: deputetin&nbsp;<strong><a href=\"https:\/\/evropaelire.us10.list-manage.com\/track\/click?u=3de062b009896941d3ae1c478&amp;id=51e9a48438&amp;e=57c33bc4e0\" target=\"_blank\" rel=\"noreferrer noopener\">Shaip Kamberi<\/a><\/strong>.<\/p>\n\n\n\n<p><\/p>\n\n\n\n<figure class=\"wp-block-gallery has-nested-images columns-default is-cropped wp-block-gallery-2 is-layout-flex wp-block-gallery-is-layout-flex\">\n<figure class=\"wp-block-image size-large\"><img loading=\"lazy\" decoding=\"async\" width=\"1024\" height=\"683\" data-id=\"2906\" src=\"https:\/\/medvegjasot.com\/wp-content\/uploads\/2024\/09\/IMG_6987-1024x683.jpeg\" alt=\"\" class=\"wp-image-2906\" srcset=\"https:\/\/medvegjasot.com\/wp-content\/uploads\/2024\/09\/IMG_6987-1024x683.jpeg 1024w, https:\/\/medvegjasot.com\/wp-content\/uploads\/2024\/09\/IMG_6987-300x200.jpeg 300w, https:\/\/medvegjasot.com\/wp-content\/uploads\/2024\/09\/IMG_6987-768x512.jpeg 768w, https:\/\/medvegjasot.com\/wp-content\/uploads\/2024\/09\/IMG_6987-600x400.jpeg 600w, https:\/\/medvegjasot.com\/wp-content\/uploads\/2024\/09\/IMG_6987.jpeg 1200w\" sizes=\"(max-width: 1024px) 100vw, 1024px\" \/><\/figure>\n\n\n\n<figure class=\"wp-block-image size-large\"><img loading=\"lazy\" decoding=\"async\" width=\"1024\" height=\"683\" data-id=\"2907\" src=\"https:\/\/medvegjasot.com\/wp-content\/uploads\/2024\/09\/IMG_6986-1024x683.jpeg\" alt=\"\" class=\"wp-image-2907\" srcset=\"https:\/\/medvegjasot.com\/wp-content\/uploads\/2024\/09\/IMG_6986-1024x683.jpeg 1024w, https:\/\/medvegjasot.com\/wp-content\/uploads\/2024\/09\/IMG_6986-300x200.jpeg 300w, https:\/\/medvegjasot.com\/wp-content\/uploads\/2024\/09\/IMG_6986-768x512.jpeg 768w, https:\/\/medvegjasot.com\/wp-content\/uploads\/2024\/09\/IMG_6986-1536x1024.jpeg 1536w, https:\/\/medvegjasot.com\/wp-content\/uploads\/2024\/09\/IMG_6986-600x400.jpeg 600w, https:\/\/medvegjasot.com\/wp-content\/uploads\/2024\/09\/IMG_6986.jpeg 2048w\" sizes=\"(max-width: 1024px) 100vw, 1024px\" \/><\/figure>\n\n\n\n<figure class=\"wp-block-image size-large\"><img loading=\"lazy\" decoding=\"async\" width=\"1024\" height=\"683\" data-id=\"2905\" src=\"https:\/\/medvegjasot.com\/wp-content\/uploads\/2024\/09\/IMG_6988-1024x683.jpeg\" alt=\"\" class=\"wp-image-2905\" srcset=\"https:\/\/medvegjasot.com\/wp-content\/uploads\/2024\/09\/IMG_6988-1024x683.jpeg 1024w, https:\/\/medvegjasot.com\/wp-content\/uploads\/2024\/09\/IMG_6988-300x200.jpeg 300w, https:\/\/medvegjasot.com\/wp-content\/uploads\/2024\/09\/IMG_6988-768x512.jpeg 768w, https:\/\/medvegjasot.com\/wp-content\/uploads\/2024\/09\/IMG_6988-600x400.jpeg 600w, https:\/\/medvegjasot.com\/wp-content\/uploads\/2024\/09\/IMG_6988.jpeg 1200w\" sizes=\"(max-width: 1024px) 100vw, 1024px\" \/><\/figure>\n\n\n\n<figure class=\"wp-block-image size-large\"><img loading=\"lazy\" decoding=\"async\" width=\"1024\" height=\"768\" data-id=\"2909\" src=\"https:\/\/medvegjasot.com\/wp-content\/uploads\/2024\/09\/IMG_6974-1024x768.jpeg\" alt=\"\" class=\"wp-image-2909\" srcset=\"https:\/\/medvegjasot.com\/wp-content\/uploads\/2024\/09\/IMG_6974-1024x768.jpeg 1024w, https:\/\/medvegjasot.com\/wp-content\/uploads\/2024\/09\/IMG_6974-300x225.jpeg 300w, https:\/\/medvegjasot.com\/wp-content\/uploads\/2024\/09\/IMG_6974-768x576.jpeg 768w, https:\/\/medvegjasot.com\/wp-content\/uploads\/2024\/09\/IMG_6974-1536x1152.jpeg 1536w, https:\/\/medvegjasot.com\/wp-content\/uploads\/2024\/09\/IMG_6974-2048x1536.jpeg 2048w\" sizes=\"(max-width: 1024px) 100vw, 1024px\" \/><\/figure>\n\n\n\n<figure class=\"wp-block-image size-large\"><img loading=\"lazy\" decoding=\"async\" width=\"1024\" height=\"643\" data-id=\"2908\" src=\"https:\/\/medvegjasot.com\/wp-content\/uploads\/2024\/09\/IMG_6929-1024x643.jpeg\" alt=\"\" class=\"wp-image-2908\" srcset=\"https:\/\/medvegjasot.com\/wp-content\/uploads\/2024\/09\/IMG_6929-1024x643.jpeg 1024w, https:\/\/medvegjasot.com\/wp-content\/uploads\/2024\/09\/IMG_6929-300x188.jpeg 300w, https:\/\/medvegjasot.com\/wp-content\/uploads\/2024\/09\/IMG_6929-768x483.jpeg 768w, https:\/\/medvegjasot.com\/wp-content\/uploads\/2024\/09\/IMG_6929-1536x965.jpeg 1536w, https:\/\/medvegjasot.com\/wp-content\/uploads\/2024\/09\/IMG_6929-2048x1287.jpeg 2048w, https:\/\/medvegjasot.com\/wp-content\/uploads\/2024\/09\/IMG_6929-150x95.jpeg 150w, https:\/\/medvegjasot.com\/wp-content\/uploads\/2024\/09\/IMG_6929-400x250.jpeg 400w\" sizes=\"(max-width: 1024px) 100vw, 1024px\" \/><\/figure>\n<\/figure>\n\n\n\n<p><\/p>\n\n\n\n<p>Marshi&nbsp;&nbsp;filloi n\u00eb or\u00ebn 13:00, nga stadiumi deri te qendra e qytetit n\u00eb Preshev\u00eb,&nbsp;&nbsp;shqiptar\u00ebt nga Presheva, Medvegja dhe Bujanoci n\u00eb m\u00ebnyr\u00eb paq\u00ebsore realizuan&nbsp;&nbsp;marshin protestues n\u00eb qendr\u00ebn e qytetit n\u00eb Preshev\u00eb , &#8220;P\u00cbR IDENTITET dhe DINJITET&#8221;.&nbsp;<\/p>\n\n\n\n<figure class=\"wp-block-embed is-type-video is-provider-youtube wp-block-embed-youtube wp-embed-aspect-16-9 wp-has-aspect-ratio\"><div class=\"wp-block-embed__wrapper\">\n<iframe  id=\"_ytid_15586\"  width=\"640\" height=\"360\"  data-origwidth=\"640\" data-origheight=\"360\" src=\"https:\/\/www.youtube.com\/embed\/BM2KsqC-Fig?enablejsapi=1&#038;autoplay=0&#038;cc_load_policy=0&#038;cc_lang_pref=&#038;iv_load_policy=1&#038;loop=0&#038;rel=1&#038;fs=1&#038;playsinline=0&#038;autohide=2&#038;theme=dark&#038;color=red&#038;controls=1&#038;\" class=\"__youtube_prefs__  epyt-is-override  no-lazyload\" title=\"YouTube player\"  allow=\"fullscreen; accelerometer; autoplay; clipboard-write; encrypted-media; gyroscope; picture-in-picture; web-share\" referrerpolicy=\"strict-origin-when-cross-origin\" allowfullscreen data-no-lazy=\"1\" data-skipgform_ajax_framebjll=\"\"><\/iframe>\n<\/div><\/figure>\n\n\n\n<p><\/p>\n\n\n\n<p>K\u00ebrkesat ishin t\u00eb nj\u00ebjta: T\u2019i jepet fund pasivizimit t\u00eb adresave t\u00eb shqiptar\u00ebve, t\u00eb njihen diplomat e l\u00ebshuara nga Kosova, prani m\u00eb t\u00eb madhe t\u00eb shqiptar\u00ebve n\u00eb vende t\u00eb pun\u00ebs dhe institucione shtet\u00ebrore, zbatim i marr\u00ebveshjeve t\u00eb n\u00ebnshkruara, p\u00ebrmbushja e detyrimeve t\u00eb shtetit ndaj shqiptar\u00ebve dhe v\u00ebmendje m\u00eb e madhe e nd\u00ebrkomb\u00ebtar\u00ebve.<\/p>\n\n\n\n<h3 class=\"wp-block-heading\"><strong>K\u00ebrkesat kryesore<\/strong><\/h3>\n\n\n\n<p>N\u00eb protestat e mbajtura,&nbsp;<strong><a href=\"https:\/\/evropaelire.us10.list-manage.com\/track\/click?u=3de062b009896941d3ae1c478&amp;id=32cf4985f0&amp;e=57c33bc4e0\" target=\"_blank\" rel=\"noreferrer noopener\">fillimisht n\u00eb Bujanoc<\/a><\/strong>, e m\u00eb pas n\u00eb Preshev\u00eb, u b\u00eb thirrje p\u00ebr njohje t\u00eb diplomave t\u00eb Kosov\u00ebs, p\u00ebr&nbsp;<strong><a href=\"https:\/\/evropaelire.us10.list-manage.com\/track\/click?u=3de062b009896941d3ae1c478&amp;id=748ee49634&amp;e=57c33bc4e0\" target=\"_blank\" rel=\"noreferrer noopener\">integrim<\/a><\/strong>n\u00ebp\u00ebr institucionet shtet\u00ebrore t\u00eb Serbis\u00eb, p\u00ebr lejim t\u00eb p\u00ebrdorimit t\u00eb simboleve komb\u00ebtare shqiptare dhe p\u00ebr zgjidhjen e \u00e7\u00ebshtjes s\u00eb pasivizimit t\u00eb adresave.<br><br><strong><a href=\"https:\/\/evropaelire.us10.list-manage.com\/track\/click?u=3de062b009896941d3ae1c478&amp;id=6a457fab54&amp;e=57c33bc4e0\" target=\"_blank\" rel=\"noreferrer noopener\">Pasivizimi<\/a><\/strong>&nbsp;n\u00ebnkupton fshirjen e qytetar\u00ebve prej adresave ku kan\u00eb qen\u00eb t\u00eb regjistruar. Ky hap rezulton me humbjen e shtet\u00ebsis\u00eb serbe, e rrjedhimisht t\u00eb t\u00eb gjitha t\u00eb drejtave civile \u2013 p\u00ebrfshir\u00eb&nbsp;<strong><a href=\"https:\/\/evropaelire.us10.list-manage.com\/track\/click?u=3de062b009896941d3ae1c478&amp;id=37602dc571&amp;e=57c33bc4e0\" target=\"_blank\" rel=\"noreferrer noopener\">t\u00eb drejt\u00ebn p\u00ebr t\u00eb votuar<\/a><\/strong>, p\u00ebr t\u00eb pasur pron\u00eb, p\u00ebr t\u00eb pasur sigurim sh\u00ebndet\u00ebsor e pension dhe p\u00ebr t\u2019u pun\u00ebsuar.<br><br><strong><a href=\"https:\/\/evropaelire.us10.list-manage.com\/track\/click?u=3de062b009896941d3ae1c478&amp;id=610bb2bf65&amp;e=57c33bc4e0\" target=\"_blank\" rel=\"noreferrer noopener\">Pasivizimi i adres\u00ebs<\/a><\/strong>&nbsp;p\u00ebrcaktohet me ligj n\u00eb Serbi prej vitit 2011. Ligji parasheh q\u00eb institucionet t\u00eb b\u00ebjn\u00eb kontrolle p\u00ebr t\u00eb kuptuar n\u00ebse nj\u00eb banor jeton n\u00eb adres\u00ebn e regjistruar.<br><br>N\u00ebse v\u00ebrtetohet q\u00eb nj\u00eb banor nuk jeton n\u00eb at\u00eb adres\u00eb, merret vendimi p\u00ebr pasivizimin e saj, dhe banori obligohet q\u00eb t\u00eb regjistroj\u00eb adres\u00ebn e re brenda tet\u00eb dit\u00ebve, pas pranimit t\u00eb vendimit.<br><br>Ndon\u00ebse ligji parasheh t\u00eb drejt\u00ebn p\u00ebr&nbsp;<strong><a href=\"https:\/\/evropaelire.us10.list-manage.com\/track\/click?u=3de062b009896941d3ae1c478&amp;id=182964afe8&amp;e=57c33bc4e0\" target=\"_blank\" rel=\"noreferrer noopener\">apel<\/a><\/strong>, qytetar\u00ebt kan\u00eb th\u00ebn\u00eb se, n\u00eb disa raste, as nuk kan\u00eb mundur t\u00eb ankohen ndaj vendimit, pasi nuk jan\u00eb informuar me koh\u00eb p\u00ebr pasivizimin.<br><br>Kjo \u00e7\u00ebshtje \u00ebsht\u00eb p\u00ebrmendur edhe n\u00eb&nbsp;<strong><a href=\"https:\/\/evropaelire.us10.list-manage.com\/track\/click?u=3de062b009896941d3ae1c478&amp;id=46e8753efd&amp;e=57c33bc4e0\" target=\"_blank\" rel=\"noreferrer noopener\">raportin<\/a><\/strong>e Departamentit amerikan t\u00eb Shtetit p\u00ebr t\u00eb drejtat e njeriut n\u00eb Serbi, p\u00ebr vitin 2023.<br><br>N\u00eb t\u00eb \u00ebsht\u00eb th\u00ebn\u00eb se pasivizimi i adresave duket se \u00ebsht\u00eb kryer n\u00eb m\u00ebnyr\u00eb joproporcionale ndaj shqiptar\u00ebve, sidomos n\u00eb Medvegj\u00eb.<\/p>\n\n\n\n<p><\/p>\n\n\n\n<figure class=\"wp-block-gallery has-nested-images columns-default is-cropped wp-block-gallery-3 is-layout-flex wp-block-gallery-is-layout-flex\">\n<figure class=\"wp-block-image size-large\"><img loading=\"lazy\" decoding=\"async\" width=\"826\" height=\"558\" data-id=\"2914\" src=\"https:\/\/medvegjasot.com\/wp-content\/uploads\/2024\/09\/IMG_6991.jpeg\" alt=\"\" class=\"wp-image-2914\" srcset=\"https:\/\/medvegjasot.com\/wp-content\/uploads\/2024\/09\/IMG_6991.jpeg 826w, https:\/\/medvegjasot.com\/wp-content\/uploads\/2024\/09\/IMG_6991-300x203.jpeg 300w, https:\/\/medvegjasot.com\/wp-content\/uploads\/2024\/09\/IMG_6991-768x519.jpeg 768w\" sizes=\"(max-width: 826px) 100vw, 826px\" \/><\/figure>\n\n\n\n\n\n<figure class=\"wp-block-image size-large\"><img loading=\"lazy\" decoding=\"async\" width=\"1024\" height=\"768\" data-id=\"2919\" src=\"https:\/\/medvegjasot.com\/wp-content\/uploads\/2024\/09\/IMG_6935-1-1024x768.jpeg\" alt=\"\" class=\"wp-image-2919\" srcset=\"https:\/\/medvegjasot.com\/wp-content\/uploads\/2024\/09\/IMG_6935-1-1024x768.jpeg 1024w, https:\/\/medvegjasot.com\/wp-content\/uploads\/2024\/09\/IMG_6935-1-300x225.jpeg 300w, https:\/\/medvegjasot.com\/wp-content\/uploads\/2024\/09\/IMG_6935-1-768x576.jpeg 768w, https:\/\/medvegjasot.com\/wp-content\/uploads\/2024\/09\/IMG_6935-1-1536x1152.jpeg 1536w, https:\/\/medvegjasot.com\/wp-content\/uploads\/2024\/09\/IMG_6935-1-2048x1536.jpeg 2048w\" sizes=\"(max-width: 1024px) 100vw, 1024px\" \/><\/figure>\n\n\n\n<figure class=\"wp-block-image size-large\"><img loading=\"lazy\" decoding=\"async\" width=\"1024\" height=\"768\" data-id=\"2916\" src=\"https:\/\/medvegjasot.com\/wp-content\/uploads\/2024\/09\/IMG_6936-1-1024x768.jpeg\" alt=\"\" class=\"wp-image-2916\" srcset=\"https:\/\/medvegjasot.com\/wp-content\/uploads\/2024\/09\/IMG_6936-1-1024x768.jpeg 1024w, https:\/\/medvegjasot.com\/wp-content\/uploads\/2024\/09\/IMG_6936-1-300x225.jpeg 300w, https:\/\/medvegjasot.com\/wp-content\/uploads\/2024\/09\/IMG_6936-1-768x576.jpeg 768w, https:\/\/medvegjasot.com\/wp-content\/uploads\/2024\/09\/IMG_6936-1-1536x1152.jpeg 1536w, https:\/\/medvegjasot.com\/wp-content\/uploads\/2024\/09\/IMG_6936-1-2048x1536.jpeg 2048w\" sizes=\"(max-width: 1024px) 100vw, 1024px\" \/><\/figure>\n\n\n\n\n\n<figure class=\"wp-block-image size-large\"><img loading=\"lazy\" decoding=\"async\" width=\"1024\" height=\"768\" data-id=\"2920\" src=\"https:\/\/medvegjasot.com\/wp-content\/uploads\/2024\/09\/IMG_6922-1024x768.jpeg\" alt=\"\" class=\"wp-image-2920\" srcset=\"https:\/\/medvegjasot.com\/wp-content\/uploads\/2024\/09\/IMG_6922-1024x768.jpeg 1024w, https:\/\/medvegjasot.com\/wp-content\/uploads\/2024\/09\/IMG_6922-300x225.jpeg 300w, https:\/\/medvegjasot.com\/wp-content\/uploads\/2024\/09\/IMG_6922-768x576.jpeg 768w, https:\/\/medvegjasot.com\/wp-content\/uploads\/2024\/09\/IMG_6922-1536x1152.jpeg 1536w, https:\/\/medvegjasot.com\/wp-content\/uploads\/2024\/09\/IMG_6922-2048x1536.jpeg 2048w\" sizes=\"(max-width: 1024px) 100vw, 1024px\" \/><\/figure>\n\n\n\n<figure class=\"wp-block-image size-large\"><img loading=\"lazy\" decoding=\"async\" width=\"1024\" height=\"768\" data-id=\"2915\" src=\"https:\/\/medvegjasot.com\/wp-content\/uploads\/2024\/09\/IMG_6906-1024x768.jpeg\" alt=\"\" class=\"wp-image-2915\" srcset=\"https:\/\/medvegjasot.com\/wp-content\/uploads\/2024\/09\/IMG_6906-1024x768.jpeg 1024w, https:\/\/medvegjasot.com\/wp-content\/uploads\/2024\/09\/IMG_6906-300x225.jpeg 300w, https:\/\/medvegjasot.com\/wp-content\/uploads\/2024\/09\/IMG_6906-768x576.jpeg 768w, https:\/\/medvegjasot.com\/wp-content\/uploads\/2024\/09\/IMG_6906-1536x1152.jpeg 1536w, https:\/\/medvegjasot.com\/wp-content\/uploads\/2024\/09\/IMG_6906-2048x1536.jpeg 2048w\" sizes=\"(max-width: 1024px) 100vw, 1024px\" \/><\/figure>\n<\/figure>\n\n\n\n<figure class=\"wp-block-image size-large\"><img loading=\"lazy\" decoding=\"async\" width=\"1024\" height=\"683\" src=\"https:\/\/medvegjasot.com\/wp-content\/uploads\/2024\/09\/IMG_6994-1024x683.jpeg\" alt=\"\" class=\"wp-image-2922\" srcset=\"https:\/\/medvegjasot.com\/wp-content\/uploads\/2024\/09\/IMG_6994-1024x683.jpeg 1024w, https:\/\/medvegjasot.com\/wp-content\/uploads\/2024\/09\/IMG_6994-300x200.jpeg 300w, https:\/\/medvegjasot.com\/wp-content\/uploads\/2024\/09\/IMG_6994-768x512.jpeg 768w, https:\/\/medvegjasot.com\/wp-content\/uploads\/2024\/09\/IMG_6994-1536x1025.jpeg 1536w, https:\/\/medvegjasot.com\/wp-content\/uploads\/2024\/09\/IMG_6994-600x400.jpeg 600w, https:\/\/medvegjasot.com\/wp-content\/uploads\/2024\/09\/IMG_6994.jpeg 2048w\" sizes=\"(max-width: 1024px) 100vw, 1024px\" \/><\/figure>\n","protected":false},"excerpt":{"rendered":"<p>Sot e h\u00ebn\u00eb 23 shtator 2024&nbsp;&nbsp;n\u00eb Preshev\u00eb u mbajt protesta e dyt\u00eb pas asaj n\u00eb Bujanoc e mbajtur m\u00eb 12 gusht 2024.&nbsp; Shqiptar\u00ebt e Preshev\u00ebs, Medvegj\u00ebs e Bujanocit u mblodh\u00ebn p\u00ebrs\u00ebri p\u00ebr t\u00eb marshuar n\u00eb sheshin e qytetit, duke k\u00ebrkuar identitet dhe dinjitet p\u00ebr shqiptar\u00ebt. Dy her\u00eb, n\u00eb m\u00eb pak se dy muaj, shqiptar\u00ebt e&#8230;<\/p>\n","protected":false},"author":2,"featured_media":2911,"comment_status":"open","ping_status":"open","sticky":false,"template":"","format":"standard","meta":{"_coblocks_attr":"","_coblocks_dimensions":"","_coblocks_responsive_height":"","_coblocks_accordion_ie_support":"","_monsterinsights_skip_tracking":false,"_monsterinsights_sitenote_active":false,"_monsterinsights_sitenote_note":"","_monsterinsights_sitenote_category":0,"footnotes":""},"categories":[14],"tags":[],"class_list":["post-2900","post","type-post","status-publish","format-standard","has-post-thumbnail","hentry","category-lajme"],"yoast_head":"<!-- This site is optimized with the Yoast SEO plugin v27.5 - https:\/\/yoast.com\/product\/yoast-seo-wordpress\/ -->\n<title>\u201cP\u00cbR INDETITET DHE DINJITET\u201d, ISHTE PROTESTA E SHQIPTAR\u00cbVE SOT N\u00cb PRESHEV\u00cb\u00a0- VIDO &amp; FOTO - Medvegja Sot<\/title>\n<meta name=\"robots\" content=\"index, follow, max-snippet:-1, max-image-preview:large, max-video-preview:-1\" \/>\n<link rel=\"canonical\" href=\"https:\/\/medvegjasot.com\/?p=2900\" \/>\n<meta property=\"og:locale\" content=\"en_US\" \/>\n<meta property=\"og:type\" content=\"article\" \/>\n<meta property=\"og:title\" content=\"\u201cP\u00cbR INDETITET DHE DINJITET\u201d, ISHTE PROTESTA E SHQIPTAR\u00cbVE SOT N\u00cb PRESHEV\u00cb\u00a0- VIDO &amp; FOTO - Medvegja Sot\" \/>\n<meta property=\"og:description\" content=\"Sot e h\u00ebn\u00eb 23 shtator 2024&nbsp;&nbsp;n\u00eb Preshev\u00eb u mbajt protesta e dyt\u00eb pas asaj n\u00eb Bujanoc e mbajtur m\u00eb 12 gusht 2024.&nbsp; Shqiptar\u00ebt e Preshev\u00ebs, Medvegj\u00ebs e Bujanocit u mblodh\u00ebn p\u00ebrs\u00ebri p\u00ebr t\u00eb marshuar n\u00eb sheshin e qytetit, duke k\u00ebrkuar identitet dhe dinjitet p\u00ebr shqiptar\u00ebt. Dy her\u00eb, n\u00eb m\u00eb pak se dy muaj, shqiptar\u00ebt e...\" \/>\n<meta property=\"og:url\" content=\"https:\/\/medvegjasot.com\/?p=2900\" \/>\n<meta property=\"og:site_name\" content=\"Medvegja Sot\" \/>\n<meta property=\"article:publisher\" content=\"https:\/\/www.facebook.com\/MedvegjaSot.com1\" \/>\n<meta property=\"article:published_time\" content=\"2024-09-23T17:51:36+00:00\" \/>\n<meta property=\"article:modified_time\" content=\"2024-09-27T05:56:43+00:00\" \/>\n<meta property=\"og:image\" content=\"https:\/\/medvegjasot.com\/wp-content\/uploads\/2024\/09\/photo-output-35.jpeg\" \/>\n\t<meta property=\"og:image:width\" content=\"2368\" \/>\n\t<meta property=\"og:image:height\" content=\"1332\" \/>\n\t<meta property=\"og:image:type\" content=\"image\/jpeg\" \/>\n<meta name=\"author\" content=\"admin\" \/>\n<meta name=\"twitter:card\" content=\"summary_large_image\" \/>\n<meta name=\"twitter:label1\" content=\"Written by\" \/>\n\t<meta name=\"twitter:data1\" content=\"admin\" \/>\n\t<meta name=\"twitter:label2\" content=\"Est. reading time\" \/>\n\t<meta name=\"twitter:data2\" content=\"6 minutes\" \/>\n<script type=\"application\/ld+json\" class=\"yoast-schema-graph\">{\"@context\":\"https:\\\/\\\/schema.org\",\"@graph\":[{\"@type\":\"Article\",\"@id\":\"https:\\\/\\\/medvegjasot.com\\\/?p=2900#article\",\"isPartOf\":{\"@id\":\"https:\\\/\\\/medvegjasot.com\\\/?p=2900\"},\"author\":{\"name\":\"admin\",\"@id\":\"https:\\\/\\\/medvegjasot.com\\\/#\\\/schema\\\/person\\\/f2be1a84f4e95d0cb032946a1cf2e594\"},\"headline\":\"\u201cP\u00cbR INDETITET DHE DINJITET\u201d, ISHTE PROTESTA E SHQIPTAR\u00cbVE SOT N\u00cb PRESHEV\u00cb\u00a0&#8211; VIDO &amp; FOTO\",\"datePublished\":\"2024-09-23T17:51:36+00:00\",\"dateModified\":\"2024-09-27T05:56:43+00:00\",\"mainEntityOfPage\":{\"@id\":\"https:\\\/\\\/medvegjasot.com\\\/?p=2900\"},\"wordCount\":653,\"commentCount\":0,\"publisher\":{\"@id\":\"https:\\\/\\\/medvegjasot.com\\\/#organization\"},\"image\":{\"@id\":\"https:\\\/\\\/medvegjasot.com\\\/?p=2900#primaryimage\"},\"thumbnailUrl\":\"https:\\\/\\\/medvegjasot.com\\\/wp-content\\\/uploads\\\/2024\\\/09\\\/photo-output-35.jpeg\",\"articleSection\":[\"LAJME\"],\"inLanguage\":\"en-US\",\"potentialAction\":[{\"@type\":\"CommentAction\",\"name\":\"Comment\",\"target\":[\"https:\\\/\\\/medvegjasot.com\\\/?p=2900#respond\"]}]},{\"@type\":\"WebPage\",\"@id\":\"https:\\\/\\\/medvegjasot.com\\\/?p=2900\",\"url\":\"https:\\\/\\\/medvegjasot.com\\\/?p=2900\",\"name\":\"\u201cP\u00cbR INDETITET DHE DINJITET\u201d, ISHTE PROTESTA E SHQIPTAR\u00cbVE SOT N\u00cb PRESHEV\u00cb\u00a0- VIDO &amp; FOTO - Medvegja Sot\",\"isPartOf\":{\"@id\":\"https:\\\/\\\/medvegjasot.com\\\/#website\"},\"primaryImageOfPage\":{\"@id\":\"https:\\\/\\\/medvegjasot.com\\\/?p=2900#primaryimage\"},\"image\":{\"@id\":\"https:\\\/\\\/medvegjasot.com\\\/?p=2900#primaryimage\"},\"thumbnailUrl\":\"https:\\\/\\\/medvegjasot.com\\\/wp-content\\\/uploads\\\/2024\\\/09\\\/photo-output-35.jpeg\",\"datePublished\":\"2024-09-23T17:51:36+00:00\",\"dateModified\":\"2024-09-27T05:56:43+00:00\",\"breadcrumb\":{\"@id\":\"https:\\\/\\\/medvegjasot.com\\\/?p=2900#breadcrumb\"},\"inLanguage\":\"en-US\",\"potentialAction\":[{\"@type\":\"ReadAction\",\"target\":[\"https:\\\/\\\/medvegjasot.com\\\/?p=2900\"]}]},{\"@type\":\"ImageObject\",\"inLanguage\":\"en-US\",\"@id\":\"https:\\\/\\\/medvegjasot.com\\\/?p=2900#primaryimage\",\"url\":\"https:\\\/\\\/medvegjasot.com\\\/wp-content\\\/uploads\\\/2024\\\/09\\\/photo-output-35.jpeg\",\"contentUrl\":\"https:\\\/\\\/medvegjasot.com\\\/wp-content\\\/uploads\\\/2024\\\/09\\\/photo-output-35.jpeg\",\"width\":2368,\"height\":1332},{\"@type\":\"BreadcrumbList\",\"@id\":\"https:\\\/\\\/medvegjasot.com\\\/?p=2900#breadcrumb\",\"itemListElement\":[{\"@type\":\"ListItem\",\"position\":1,\"name\":\"Home\",\"item\":\"https:\\\/\\\/medvegjasot.com\\\/\"},{\"@type\":\"ListItem\",\"position\":2,\"name\":\"\u201cP\u00cbR INDETITET DHE DINJITET\u201d, ISHTE PROTESTA E SHQIPTAR\u00cbVE SOT N\u00cb PRESHEV\u00cb\u00a0&#8211; VIDO &amp; FOTO\"}]},{\"@type\":\"WebSite\",\"@id\":\"https:\\\/\\\/medvegjasot.com\\\/#website\",\"url\":\"https:\\\/\\\/medvegjasot.com\\\/\",\"name\":\"Medvegja Sot\",\"description\":\"Portal Lajmesh\",\"publisher\":{\"@id\":\"https:\\\/\\\/medvegjasot.com\\\/#organization\"},\"alternateName\":\"MS\",\"potentialAction\":[{\"@type\":\"SearchAction\",\"target\":{\"@type\":\"EntryPoint\",\"urlTemplate\":\"https:\\\/\\\/medvegjasot.com\\\/?s={search_term_string}\"},\"query-input\":{\"@type\":\"PropertyValueSpecification\",\"valueRequired\":true,\"valueName\":\"search_term_string\"}}],\"inLanguage\":\"en-US\"},{\"@type\":\"Organization\",\"@id\":\"https:\\\/\\\/medvegjasot.com\\\/#organization\",\"name\":\"Medvegja Sot\",\"alternateName\":\"MS\",\"url\":\"https:\\\/\\\/medvegjasot.com\\\/\",\"logo\":{\"@type\":\"ImageObject\",\"inLanguage\":\"en-US\",\"@id\":\"https:\\\/\\\/medvegjasot.com\\\/#\\\/schema\\\/logo\\\/image\\\/\",\"url\":\"https:\\\/\\\/medvegjasot.com\\\/wp-content\\\/uploads\\\/2024\\\/08\\\/logo.png\",\"contentUrl\":\"https:\\\/\\\/medvegjasot.com\\\/wp-content\\\/uploads\\\/2024\\\/08\\\/logo.png\",\"width\":500,\"height\":500,\"caption\":\"Medvegja Sot\"},\"image\":{\"@id\":\"https:\\\/\\\/medvegjasot.com\\\/#\\\/schema\\\/logo\\\/image\\\/\"},\"sameAs\":[\"https:\\\/\\\/www.facebook.com\\\/MedvegjaSot.com1\"]},{\"@type\":\"Person\",\"@id\":\"https:\\\/\\\/medvegjasot.com\\\/#\\\/schema\\\/person\\\/f2be1a84f4e95d0cb032946a1cf2e594\",\"name\":\"admin\",\"image\":{\"@type\":\"ImageObject\",\"inLanguage\":\"en-US\",\"@id\":\"https:\\\/\\\/secure.gravatar.com\\\/avatar\\\/2eedc5259426225ddc6f98b4b6728c30418b83e6f70285719780d3518d972ece?s=96&d=mm&r=g\",\"url\":\"https:\\\/\\\/secure.gravatar.com\\\/avatar\\\/2eedc5259426225ddc6f98b4b6728c30418b83e6f70285719780d3518d972ece?s=96&d=mm&r=g\",\"contentUrl\":\"https:\\\/\\\/secure.gravatar.com\\\/avatar\\\/2eedc5259426225ddc6f98b4b6728c30418b83e6f70285719780d3518d972ece?s=96&d=mm&r=g\",\"caption\":\"admin\"},\"url\":\"https:\\\/\\\/medvegjasot.com\\\/?author=2\"}]}<\/script>\n<!-- \/ Yoast SEO plugin. -->","yoast_head_json":{"title":"\u201cP\u00cbR INDETITET DHE DINJITET\u201d, ISHTE PROTESTA E SHQIPTAR\u00cbVE SOT N\u00cb PRESHEV\u00cb\u00a0- VIDO &amp; FOTO - Medvegja Sot","robots":{"index":"index","follow":"follow","max-snippet":"max-snippet:-1","max-image-preview":"max-image-preview:large","max-video-preview":"max-video-preview:-1"},"canonical":"https:\/\/medvegjasot.com\/?p=2900","og_locale":"en_US","og_type":"article","og_title":"\u201cP\u00cbR INDETITET DHE DINJITET\u201d, ISHTE PROTESTA E SHQIPTAR\u00cbVE SOT N\u00cb PRESHEV\u00cb\u00a0- VIDO &amp; FOTO - Medvegja Sot","og_description":"Sot e h\u00ebn\u00eb 23 shtator 2024&nbsp;&nbsp;n\u00eb Preshev\u00eb u mbajt protesta e dyt\u00eb pas asaj n\u00eb Bujanoc e mbajtur m\u00eb 12 gusht 2024.&nbsp; Shqiptar\u00ebt e Preshev\u00ebs, Medvegj\u00ebs e Bujanocit u mblodh\u00ebn p\u00ebrs\u00ebri p\u00ebr t\u00eb marshuar n\u00eb sheshin e qytetit, duke k\u00ebrkuar identitet dhe dinjitet p\u00ebr shqiptar\u00ebt. Dy her\u00eb, n\u00eb m\u00eb pak se dy muaj, shqiptar\u00ebt e...","og_url":"https:\/\/medvegjasot.com\/?p=2900","og_site_name":"Medvegja Sot","article_publisher":"https:\/\/www.facebook.com\/MedvegjaSot.com1","article_published_time":"2024-09-23T17:51:36+00:00","article_modified_time":"2024-09-27T05:56:43+00:00","og_image":[{"width":2368,"height":1332,"url":"https:\/\/medvegjasot.com\/wp-content\/uploads\/2024\/09\/photo-output-35.jpeg","type":"image\/jpeg"}],"author":"admin","twitter_card":"summary_large_image","twitter_misc":{"Written by":"admin","Est. reading time":"6 minutes"},"schema":{"@context":"https:\/\/schema.org","@graph":[{"@type":"Article","@id":"https:\/\/medvegjasot.com\/?p=2900#article","isPartOf":{"@id":"https:\/\/medvegjasot.com\/?p=2900"},"author":{"name":"admin","@id":"https:\/\/medvegjasot.com\/#\/schema\/person\/f2be1a84f4e95d0cb032946a1cf2e594"},"headline":"\u201cP\u00cbR INDETITET DHE DINJITET\u201d, ISHTE PROTESTA E SHQIPTAR\u00cbVE SOT N\u00cb PRESHEV\u00cb\u00a0&#8211; VIDO &amp; FOTO","datePublished":"2024-09-23T17:51:36+00:00","dateModified":"2024-09-27T05:56:43+00:00","mainEntityOfPage":{"@id":"https:\/\/medvegjasot.com\/?p=2900"},"wordCount":653,"commentCount":0,"publisher":{"@id":"https:\/\/medvegjasot.com\/#organization"},"image":{"@id":"https:\/\/medvegjasot.com\/?p=2900#primaryimage"},"thumbnailUrl":"https:\/\/medvegjasot.com\/wp-content\/uploads\/2024\/09\/photo-output-35.jpeg","articleSection":["LAJME"],"inLanguage":"en-US","potentialAction":[{"@type":"CommentAction","name":"Comment","target":["https:\/\/medvegjasot.com\/?p=2900#respond"]}]},{"@type":"WebPage","@id":"https:\/\/medvegjasot.com\/?p=2900","url":"https:\/\/medvegjasot.com\/?p=2900","name":"\u201cP\u00cbR INDETITET DHE DINJITET\u201d, ISHTE PROTESTA E SHQIPTAR\u00cbVE SOT N\u00cb PRESHEV\u00cb\u00a0- VIDO &amp; FOTO - Medvegja Sot","isPartOf":{"@id":"https:\/\/medvegjasot.com\/#website"},"primaryImageOfPage":{"@id":"https:\/\/medvegjasot.com\/?p=2900#primaryimage"},"image":{"@id":"https:\/\/medvegjasot.com\/?p=2900#primaryimage"},"thumbnailUrl":"https:\/\/medvegjasot.com\/wp-content\/uploads\/2024\/09\/photo-output-35.jpeg","datePublished":"2024-09-23T17:51:36+00:00","dateModified":"2024-09-27T05:56:43+00:00","breadcrumb":{"@id":"https:\/\/medvegjasot.com\/?p=2900#breadcrumb"},"inLanguage":"en-US","potentialAction":[{"@type":"ReadAction","target":["https:\/\/medvegjasot.com\/?p=2900"]}]},{"@type":"ImageObject","inLanguage":"en-US","@id":"https:\/\/medvegjasot.com\/?p=2900#primaryimage","url":"https:\/\/medvegjasot.com\/wp-content\/uploads\/2024\/09\/photo-output-35.jpeg","contentUrl":"https:\/\/medvegjasot.com\/wp-content\/uploads\/2024\/09\/photo-output-35.jpeg","width":2368,"height":1332},{"@type":"BreadcrumbList","@id":"https:\/\/medvegjasot.com\/?p=2900#breadcrumb","itemListElement":[{"@type":"ListItem","position":1,"name":"Home","item":"https:\/\/medvegjasot.com\/"},{"@type":"ListItem","position":2,"name":"\u201cP\u00cbR INDETITET DHE DINJITET\u201d, ISHTE PROTESTA E SHQIPTAR\u00cbVE SOT N\u00cb PRESHEV\u00cb\u00a0&#8211; VIDO &amp; FOTO"}]},{"@type":"WebSite","@id":"https:\/\/medvegjasot.com\/#website","url":"https:\/\/medvegjasot.com\/","name":"Medvegja Sot","description":"Portal Lajmesh","publisher":{"@id":"https:\/\/medvegjasot.com\/#organization"},"alternateName":"MS","potentialAction":[{"@type":"SearchAction","target":{"@type":"EntryPoint","urlTemplate":"https:\/\/medvegjasot.com\/?s={search_term_string}"},"query-input":{"@type":"PropertyValueSpecification","valueRequired":true,"valueName":"search_term_string"}}],"inLanguage":"en-US"},{"@type":"Organization","@id":"https:\/\/medvegjasot.com\/#organization","name":"Medvegja Sot","alternateName":"MS","url":"https:\/\/medvegjasot.com\/","logo":{"@type":"ImageObject","inLanguage":"en-US","@id":"https:\/\/medvegjasot.com\/#\/schema\/logo\/image\/","url":"https:\/\/medvegjasot.com\/wp-content\/uploads\/2024\/08\/logo.png","contentUrl":"https:\/\/medvegjasot.com\/wp-content\/uploads\/2024\/08\/logo.png","width":500,"height":500,"caption":"Medvegja Sot"},"image":{"@id":"https:\/\/medvegjasot.com\/#\/schema\/logo\/image\/"},"sameAs":["https:\/\/www.facebook.com\/MedvegjaSot.com1"]},{"@type":"Person","@id":"https:\/\/medvegjasot.com\/#\/schema\/person\/f2be1a84f4e95d0cb032946a1cf2e594","name":"admin","image":{"@type":"ImageObject","inLanguage":"en-US","@id":"https:\/\/secure.gravatar.com\/avatar\/2eedc5259426225ddc6f98b4b6728c30418b83e6f70285719780d3518d972ece?s=96&d=mm&r=g","url":"https:\/\/secure.gravatar.com\/avatar\/2eedc5259426225ddc6f98b4b6728c30418b83e6f70285719780d3518d972ece?s=96&d=mm&r=g","contentUrl":"https:\/\/secure.gravatar.com\/avatar\/2eedc5259426225ddc6f98b4b6728c30418b83e6f70285719780d3518d972ece?s=96&d=mm&r=g","caption":"admin"},"url":"https:\/\/medvegjasot.com\/?author=2"}]}},"jetpack_featured_media_url":"https:\/\/medvegjasot.com\/wp-content\/uploads\/2024\/09\/photo-output-35.jpeg","_links":{"self":[{"href":"https:\/\/medvegjasot.com\/index.php?rest_route=\/wp\/v2\/posts\/2900","targetHints":{"allow":["GET"]}}],"collection":[{"href":"https:\/\/medvegjasot.com\/index.php?rest_route=\/wp\/v2\/posts"}],"about":[{"href":"https:\/\/medvegjasot.com\/index.php?rest_route=\/wp\/v2\/types\/post"}],"author":[{"embeddable":true,"href":"https:\/\/medvegjasot.com\/index.php?rest_route=\/wp\/v2\/users\/2"}],"replies":[{"embeddable":true,"href":"https:\/\/medvegjasot.com\/index.php?rest_route=%2Fwp%2Fv2%2Fcomments&post=2900"}],"version-history":[{"count":6,"href":"https:\/\/medvegjasot.com\/index.php?rest_route=\/wp\/v2\/posts\/2900\/revisions"}],"predecessor-version":[{"id":2935,"href":"https:\/\/medvegjasot.com\/index.php?rest_route=\/wp\/v2\/posts\/2900\/revisions\/2935"}],"wp:featuredmedia":[{"embeddable":true,"href":"https:\/\/medvegjasot.com\/index.php?rest_route=\/wp\/v2\/media\/2911"}],"wp:attachment":[{"href":"https:\/\/medvegjasot.com\/index.php?rest_route=%2Fwp%2Fv2%2Fmedia&parent=2900"}],"wp:term":[{"taxonomy":"category","embeddable":true,"href":"https:\/\/medvegjasot.com\/index.php?rest_route=%2Fwp%2Fv2%2Fcategories&post=2900"},{"taxonomy":"post_tag","embeddable":true,"href":"https:\/\/medvegjasot.com\/index.php?rest_route=%2Fwp%2Fv2%2Ftags&post=2900"}],"curies":[{"name":"wp","href":"https:\/\/api.w.org\/{rel}","templated":true}]}}