{"id":2630,"date":"2024-09-10T09:05:24","date_gmt":"2024-09-10T09:05:24","guid":{"rendered":"https:\/\/medvegjasot.com\/?p=2630"},"modified":"2024-09-10T09:13:03","modified_gmt":"2024-09-10T09:13:03","slug":"shhm-dhe-shka-medvegja-merr-pjese-ne-festen-e-komuniteteteve-ne-fully-zvicer","status":"publish","type":"post","link":"https:\/\/medvegjasot.com\/?p=2630","title":{"rendered":"SHHM dhe SHKA MEDVEGJA MERR PJES\u00cb N\u00cb FEST\u00cbN E KOMUNITETETEVE N\u00cb FULLY, ZVIC\u00cbR"},"content":{"rendered":"\n<p>SHHM dhe SHKA Medvegja merr pjes\u00eb n\u00eb Fest\u00ebn e Komkuniteteve n\u00eb FULLY, ZVIC\u00cbR<\/p>\n\n\n\n<p>N\u00eb ngjarjen Kulturore \u201cFesta e Komuniteteve\u201d e cila u mbajt me dat\u00eb 07 Shtator 2024 n\u00eb qytetin Fully t\u00eb Zvicr\u00ebs mori pjes\u00eb edhe Shoq\u00ebria Kulturo Artistike \u201cMedvegja\u201d e cila vepron n\u00eb kuad\u00ebr t\u00eb Shoqat\u00ebs Humanitare \u201cMedvegja\u201d n\u00eb Zvic\u00ebr n\u00ebn udh\u00ebheqjen e Kryetarit t\u00eb saj z. Zymer Hajrulahu.<\/p>\n\n\n\n<figure class=\"wp-block-image size-large\"><img fetchpriority=\"high\" decoding=\"async\" width=\"1024\" height=\"576\" src=\"https:\/\/medvegjasot.com\/wp-content\/uploads\/2024\/09\/photo-output-10-1024x576.jpeg\" alt=\"\" class=\"wp-image-2633\" srcset=\"https:\/\/medvegjasot.com\/wp-content\/uploads\/2024\/09\/photo-output-10-1024x576.jpeg 1024w, https:\/\/medvegjasot.com\/wp-content\/uploads\/2024\/09\/photo-output-10-300x169.jpeg 300w, https:\/\/medvegjasot.com\/wp-content\/uploads\/2024\/09\/photo-output-10-768x432.jpeg 768w, https:\/\/medvegjasot.com\/wp-content\/uploads\/2024\/09\/photo-output-10-1536x864.jpeg 1536w, https:\/\/medvegjasot.com\/wp-content\/uploads\/2024\/09\/photo-output-10.jpeg 2016w\" sizes=\"(max-width: 1024px) 100vw, 1024px\" \/><\/figure>\n\n\n\n<p><br>Shoq\u00ebria Kulturore \u201cMedvegja\u201d e drejtuar nga z. Sylejman Musliu p\u00ebrformoi me valle n\u00eb mesin e 40 Ansambleve tjera.<br>N\u00eb k\u00ebt\u00eb ngjarje kulturore ishin t\u00eb ftuar edhe Ambasadori i Kosov\u00ebs n\u00eb Zvic\u00ebr Shk\u00eblqesia e tij z. Mentor Latifi, Kryetarja e Komun\u00ebs s\u00eb Fully, ZNJ. Caroline Ancay, Kryetari i SHHM \u201cMedvegja\u201d z. Zymer Hajrullahu.<\/p>\n\n\n\n<figure class=\"wp-block-image size-large\"><img decoding=\"async\" width=\"1024\" height=\"576\" src=\"https:\/\/medvegjasot.com\/wp-content\/uploads\/2024\/09\/IMG_5648-1024x576.jpeg\" alt=\"\" class=\"wp-image-2635\" srcset=\"https:\/\/medvegjasot.com\/wp-content\/uploads\/2024\/09\/IMG_5648-1024x576.jpeg 1024w, https:\/\/medvegjasot.com\/wp-content\/uploads\/2024\/09\/IMG_5648-300x169.jpeg 300w, https:\/\/medvegjasot.com\/wp-content\/uploads\/2024\/09\/IMG_5648-768x432.jpeg 768w, https:\/\/medvegjasot.com\/wp-content\/uploads\/2024\/09\/IMG_5648-1536x864.jpeg 1536w, https:\/\/medvegjasot.com\/wp-content\/uploads\/2024\/09\/IMG_5648-2048x1152.jpeg 2048w\" sizes=\"(max-width: 1024px) 100vw, 1024px\" \/><\/figure>\n\n\n\n<p><\/p>\n\n\n\n<p><br>T\u00eb pranishmit u arg\u00ebtuan me program t\u00ebr\u00eb ditor artistik nga Shoq\u00ebrit\u00eb pjes\u00ebmarr\u00ebse.<br>Kryetari i Shoqat\u00ebs Humanitare \u201cMedvegja\u201d z. Zymer Hajrullahu s\u00eb bashku me Ambasadorin e Kosov\u00ebs n\u00eb Zvic\u00ebr Shk\u00eblqesin\u00eb e tij z. Mentor Latifi si dhe Kryetarja p\u00ebr Integrim t\u00eb Ansambleve n\u00eb Consej mbajt\u00ebn takim me Kryetaren e Komun\u00ebs s\u00eb Fully znj. Caroline Ancay. <br><\/p>\n\n\n\n<figure class=\"wp-block-image size-large\"><img decoding=\"async\" width=\"1024\" height=\"576\" src=\"https:\/\/medvegjasot.com\/wp-content\/uploads\/2024\/09\/IMG_5650-1024x576.jpeg\" alt=\"\" class=\"wp-image-2636\" srcset=\"https:\/\/medvegjasot.com\/wp-content\/uploads\/2024\/09\/IMG_5650-1024x576.jpeg 1024w, https:\/\/medvegjasot.com\/wp-content\/uploads\/2024\/09\/IMG_5650-300x169.jpeg 300w, https:\/\/medvegjasot.com\/wp-content\/uploads\/2024\/09\/IMG_5650-768x432.jpeg 768w, https:\/\/medvegjasot.com\/wp-content\/uploads\/2024\/09\/IMG_5650-1536x864.jpeg 1536w, https:\/\/medvegjasot.com\/wp-content\/uploads\/2024\/09\/IMG_5650-2048x1152.jpeg 2048w\" sizes=\"(max-width: 1024px) 100vw, 1024px\" \/><\/figure>\n\n\n\n<p><\/p>\n\n\n\n<p><br>Takimi zgjati rreth 2 or\u00eb, pas takimit ngjarjen e hapi Kryetarja e Komun\u00ebs s\u00eb Fully e cila p\u00ebrsh\u00ebndeti t\u00eb pranishmit p\u00ebr pjes\u00ebmarrje.<\/p>\n\n\n\n<figure class=\"wp-block-image size-large\"><img loading=\"lazy\" decoding=\"async\" width=\"1024\" height=\"576\" src=\"https:\/\/medvegjasot.com\/wp-content\/uploads\/2024\/09\/photo-output-11-1024x576.jpeg\" alt=\"\" class=\"wp-image-2637\" srcset=\"https:\/\/medvegjasot.com\/wp-content\/uploads\/2024\/09\/photo-output-11-1024x576.jpeg 1024w, https:\/\/medvegjasot.com\/wp-content\/uploads\/2024\/09\/photo-output-11-300x169.jpeg 300w, https:\/\/medvegjasot.com\/wp-content\/uploads\/2024\/09\/photo-output-11-768x432.jpeg 768w, https:\/\/medvegjasot.com\/wp-content\/uploads\/2024\/09\/photo-output-11-1536x864.jpeg 1536w, https:\/\/medvegjasot.com\/wp-content\/uploads\/2024\/09\/photo-output-11.jpeg 2016w\" sizes=\"(max-width: 1024px) 100vw, 1024px\" \/><\/figure>\n\n\n\n<p><br>Po ashtu me nj\u00eb fjal\u00eb rasti u paraqit edhe Ambasadori i Kosov\u00ebs n\u00eb Zvic\u00ebr Shk\u00eblqesia e tij z. Metor Latifi.<\/p>\n\n\n\n<figure class=\"wp-block-image size-large\"><img loading=\"lazy\" decoding=\"async\" width=\"1024\" height=\"574\" src=\"https:\/\/medvegjasot.com\/wp-content\/uploads\/2024\/09\/photo-output-12-1024x574.jpeg\" alt=\"\" class=\"wp-image-2638\" srcset=\"https:\/\/medvegjasot.com\/wp-content\/uploads\/2024\/09\/photo-output-12-1024x574.jpeg 1024w, https:\/\/medvegjasot.com\/wp-content\/uploads\/2024\/09\/photo-output-12-300x168.jpeg 300w, https:\/\/medvegjasot.com\/wp-content\/uploads\/2024\/09\/photo-output-12-768x431.jpeg 768w, https:\/\/medvegjasot.com\/wp-content\/uploads\/2024\/09\/photo-output-12-1536x862.jpeg 1536w, https:\/\/medvegjasot.com\/wp-content\/uploads\/2024\/09\/photo-output-12-2048x1149.jpeg 2048w\" sizes=\"(max-width: 1024px) 100vw, 1024px\" \/><\/figure>\n\n\n\n<p><br>Fjala iu dha edhe Kryetarit t\u00eb SHHM z. Zymer Hajrullahu i cili p\u00ebrsh\u00ebndeti t\u00eb gjith\u00eb t\u00eb pranishmit si dhe n\u00eb fund fjalimi n\u00eb shenj\u00eb mir\u00ebnjohje ndau Monografin\u00eb e SHHM me mbi 33 vjet.<br>Krejt n\u00eb fund p\u00ebr t\u00eb gjith\u00eb t\u00eb pranishmit u shtrua dreka tradicionale Sofra e Medvegj\u00ebs nga SHHM n\u00eb Zvic\u00ebr. \/MS\/ <\/p>\n","protected":false},"excerpt":{"rendered":"<p>SHHM dhe SHKA Medvegja merr pjes\u00eb n\u00eb Fest\u00ebn e Komkuniteteve n\u00eb FULLY, ZVIC\u00cbR N\u00eb ngjarjen Kulturore \u201cFesta e Komuniteteve\u201d e cila u mbajt me dat\u00eb 07 Shtator 2024 n\u00eb qytetin Fully t\u00eb Zvicr\u00ebs mori pjes\u00eb edhe Shoq\u00ebria Kulturo Artistike \u201cMedvegja\u201d e cila vepron n\u00eb kuad\u00ebr t\u00eb Shoqat\u00ebs Humanitare \u201cMedvegja\u201d n\u00eb Zvic\u00ebr n\u00ebn udh\u00ebheqjen e Kryetarit&#8230;<\/p>\n","protected":false},"author":2,"featured_media":2631,"comment_status":"open","ping_status":"open","sticky":false,"template":"","format":"standard","meta":{"_coblocks_attr":"","_coblocks_dimensions":"","_coblocks_responsive_height":"","_coblocks_accordion_ie_support":"","_monsterinsights_skip_tracking":false,"_monsterinsights_sitenote_active":false,"_monsterinsights_sitenote_note":"","_monsterinsights_sitenote_category":0,"footnotes":""},"categories":[17,18],"tags":[],"class_list":["post-2630","post","type-post","status-publish","format-standard","has-post-thumbnail","hentry","category-diaspora","category-kulture"],"yoast_head":"<!-- This site is optimized with the Yoast SEO plugin v27.5 - https:\/\/yoast.com\/product\/yoast-seo-wordpress\/ -->\n<title>SHHM dhe SHKA MEDVEGJA MERR PJES\u00cb N\u00cb FEST\u00cbN E KOMUNITETETEVE N\u00cb FULLY, ZVIC\u00cbR - Medvegja Sot<\/title>\n<meta name=\"robots\" content=\"index, follow, max-snippet:-1, max-image-preview:large, max-video-preview:-1\" \/>\n<link rel=\"canonical\" href=\"https:\/\/medvegjasot.com\/?p=2630\" \/>\n<meta property=\"og:locale\" content=\"en_US\" \/>\n<meta property=\"og:type\" content=\"article\" \/>\n<meta property=\"og:title\" content=\"SHHM dhe SHKA MEDVEGJA MERR PJES\u00cb N\u00cb FEST\u00cbN E KOMUNITETETEVE N\u00cb FULLY, ZVIC\u00cbR - Medvegja Sot\" \/>\n<meta property=\"og:description\" content=\"SHHM dhe SHKA Medvegja merr pjes\u00eb n\u00eb Fest\u00ebn e Komkuniteteve n\u00eb FULLY, ZVIC\u00cbR N\u00eb ngjarjen Kulturore \u201cFesta e Komuniteteve\u201d e cila u mbajt me dat\u00eb 07 Shtator 2024 n\u00eb qytetin Fully t\u00eb Zvicr\u00ebs mori pjes\u00eb edhe Shoq\u00ebria Kulturo Artistike \u201cMedvegja\u201d e cila vepron n\u00eb kuad\u00ebr t\u00eb Shoqat\u00ebs Humanitare \u201cMedvegja\u201d n\u00eb Zvic\u00ebr n\u00ebn udh\u00ebheqjen e Kryetarit...\" \/>\n<meta property=\"og:url\" content=\"https:\/\/medvegjasot.com\/?p=2630\" \/>\n<meta property=\"og:site_name\" content=\"Medvegja Sot\" \/>\n<meta property=\"article:publisher\" content=\"https:\/\/www.facebook.com\/MedvegjaSot.com1\" \/>\n<meta property=\"article:published_time\" content=\"2024-09-10T09:05:24+00:00\" \/>\n<meta property=\"article:modified_time\" content=\"2024-09-10T09:13:03+00:00\" \/>\n<meta property=\"og:image\" content=\"https:\/\/medvegjasot.com\/wp-content\/uploads\/2024\/09\/photo-output-9-scaled.jpeg\" \/>\n\t<meta property=\"og:image:width\" content=\"2560\" \/>\n\t<meta property=\"og:image:height\" content=\"1440\" \/>\n\t<meta property=\"og:image:type\" content=\"image\/jpeg\" \/>\n<meta name=\"author\" content=\"admin\" \/>\n<meta name=\"twitter:card\" content=\"summary_large_image\" \/>\n<meta name=\"twitter:label1\" content=\"Written by\" \/>\n\t<meta name=\"twitter:data1\" content=\"admin\" \/>\n\t<meta name=\"twitter:label2\" content=\"Est. reading time\" \/>\n\t<meta name=\"twitter:data2\" content=\"3 minutes\" \/>\n<script type=\"application\/ld+json\" class=\"yoast-schema-graph\">{\"@context\":\"https:\\\/\\\/schema.org\",\"@graph\":[{\"@type\":\"Article\",\"@id\":\"https:\\\/\\\/medvegjasot.com\\\/?p=2630#article\",\"isPartOf\":{\"@id\":\"https:\\\/\\\/medvegjasot.com\\\/?p=2630\"},\"author\":{\"name\":\"admin\",\"@id\":\"https:\\\/\\\/medvegjasot.com\\\/#\\\/schema\\\/person\\\/f2be1a84f4e95d0cb032946a1cf2e594\"},\"headline\":\"SHHM dhe SHKA MEDVEGJA MERR PJES\u00cb N\u00cb FEST\u00cbN E KOMUNITETETEVE N\u00cb FULLY, ZVIC\u00cbR\",\"datePublished\":\"2024-09-10T09:05:24+00:00\",\"dateModified\":\"2024-09-10T09:13:03+00:00\",\"mainEntityOfPage\":{\"@id\":\"https:\\\/\\\/medvegjasot.com\\\/?p=2630\"},\"wordCount\":313,\"commentCount\":0,\"publisher\":{\"@id\":\"https:\\\/\\\/medvegjasot.com\\\/#organization\"},\"image\":{\"@id\":\"https:\\\/\\\/medvegjasot.com\\\/?p=2630#primaryimage\"},\"thumbnailUrl\":\"https:\\\/\\\/medvegjasot.com\\\/wp-content\\\/uploads\\\/2024\\\/09\\\/photo-output-9-scaled.jpeg\",\"articleSection\":[\"DIASPORA\",\"KULTUR\u00cb\"],\"inLanguage\":\"en-US\",\"potentialAction\":[{\"@type\":\"CommentAction\",\"name\":\"Comment\",\"target\":[\"https:\\\/\\\/medvegjasot.com\\\/?p=2630#respond\"]}]},{\"@type\":\"WebPage\",\"@id\":\"https:\\\/\\\/medvegjasot.com\\\/?p=2630\",\"url\":\"https:\\\/\\\/medvegjasot.com\\\/?p=2630\",\"name\":\"SHHM dhe SHKA MEDVEGJA MERR PJES\u00cb N\u00cb FEST\u00cbN E KOMUNITETETEVE N\u00cb FULLY, ZVIC\u00cbR - Medvegja Sot\",\"isPartOf\":{\"@id\":\"https:\\\/\\\/medvegjasot.com\\\/#website\"},\"primaryImageOfPage\":{\"@id\":\"https:\\\/\\\/medvegjasot.com\\\/?p=2630#primaryimage\"},\"image\":{\"@id\":\"https:\\\/\\\/medvegjasot.com\\\/?p=2630#primaryimage\"},\"thumbnailUrl\":\"https:\\\/\\\/medvegjasot.com\\\/wp-content\\\/uploads\\\/2024\\\/09\\\/photo-output-9-scaled.jpeg\",\"datePublished\":\"2024-09-10T09:05:24+00:00\",\"dateModified\":\"2024-09-10T09:13:03+00:00\",\"breadcrumb\":{\"@id\":\"https:\\\/\\\/medvegjasot.com\\\/?p=2630#breadcrumb\"},\"inLanguage\":\"en-US\",\"potentialAction\":[{\"@type\":\"ReadAction\",\"target\":[\"https:\\\/\\\/medvegjasot.com\\\/?p=2630\"]}]},{\"@type\":\"ImageObject\",\"inLanguage\":\"en-US\",\"@id\":\"https:\\\/\\\/medvegjasot.com\\\/?p=2630#primaryimage\",\"url\":\"https:\\\/\\\/medvegjasot.com\\\/wp-content\\\/uploads\\\/2024\\\/09\\\/photo-output-9-scaled.jpeg\",\"contentUrl\":\"https:\\\/\\\/medvegjasot.com\\\/wp-content\\\/uploads\\\/2024\\\/09\\\/photo-output-9-scaled.jpeg\",\"width\":2560,\"height\":1440},{\"@type\":\"BreadcrumbList\",\"@id\":\"https:\\\/\\\/medvegjasot.com\\\/?p=2630#breadcrumb\",\"itemListElement\":[{\"@type\":\"ListItem\",\"position\":1,\"name\":\"Home\",\"item\":\"https:\\\/\\\/medvegjasot.com\\\/\"},{\"@type\":\"ListItem\",\"position\":2,\"name\":\"SHHM dhe SHKA MEDVEGJA MERR PJES\u00cb N\u00cb FEST\u00cbN E KOMUNITETETEVE N\u00cb FULLY, ZVIC\u00cbR\"}]},{\"@type\":\"WebSite\",\"@id\":\"https:\\\/\\\/medvegjasot.com\\\/#website\",\"url\":\"https:\\\/\\\/medvegjasot.com\\\/\",\"name\":\"Medvegja Sot\",\"description\":\"Portal Lajmesh\",\"publisher\":{\"@id\":\"https:\\\/\\\/medvegjasot.com\\\/#organization\"},\"alternateName\":\"MS\",\"potentialAction\":[{\"@type\":\"SearchAction\",\"target\":{\"@type\":\"EntryPoint\",\"urlTemplate\":\"https:\\\/\\\/medvegjasot.com\\\/?s={search_term_string}\"},\"query-input\":{\"@type\":\"PropertyValueSpecification\",\"valueRequired\":true,\"valueName\":\"search_term_string\"}}],\"inLanguage\":\"en-US\"},{\"@type\":\"Organization\",\"@id\":\"https:\\\/\\\/medvegjasot.com\\\/#organization\",\"name\":\"Medvegja Sot\",\"alternateName\":\"MS\",\"url\":\"https:\\\/\\\/medvegjasot.com\\\/\",\"logo\":{\"@type\":\"ImageObject\",\"inLanguage\":\"en-US\",\"@id\":\"https:\\\/\\\/medvegjasot.com\\\/#\\\/schema\\\/logo\\\/image\\\/\",\"url\":\"https:\\\/\\\/medvegjasot.com\\\/wp-content\\\/uploads\\\/2024\\\/08\\\/logo.png\",\"contentUrl\":\"https:\\\/\\\/medvegjasot.com\\\/wp-content\\\/uploads\\\/2024\\\/08\\\/logo.png\",\"width\":500,\"height\":500,\"caption\":\"Medvegja Sot\"},\"image\":{\"@id\":\"https:\\\/\\\/medvegjasot.com\\\/#\\\/schema\\\/logo\\\/image\\\/\"},\"sameAs\":[\"https:\\\/\\\/www.facebook.com\\\/MedvegjaSot.com1\"]},{\"@type\":\"Person\",\"@id\":\"https:\\\/\\\/medvegjasot.com\\\/#\\\/schema\\\/person\\\/f2be1a84f4e95d0cb032946a1cf2e594\",\"name\":\"admin\",\"image\":{\"@type\":\"ImageObject\",\"inLanguage\":\"en-US\",\"@id\":\"https:\\\/\\\/secure.gravatar.com\\\/avatar\\\/2eedc5259426225ddc6f98b4b6728c30418b83e6f70285719780d3518d972ece?s=96&d=mm&r=g\",\"url\":\"https:\\\/\\\/secure.gravatar.com\\\/avatar\\\/2eedc5259426225ddc6f98b4b6728c30418b83e6f70285719780d3518d972ece?s=96&d=mm&r=g\",\"contentUrl\":\"https:\\\/\\\/secure.gravatar.com\\\/avatar\\\/2eedc5259426225ddc6f98b4b6728c30418b83e6f70285719780d3518d972ece?s=96&d=mm&r=g\",\"caption\":\"admin\"},\"url\":\"https:\\\/\\\/medvegjasot.com\\\/?author=2\"}]}<\/script>\n<!-- \/ Yoast SEO plugin. -->","yoast_head_json":{"title":"SHHM dhe SHKA MEDVEGJA MERR PJES\u00cb N\u00cb FEST\u00cbN E KOMUNITETETEVE N\u00cb FULLY, ZVIC\u00cbR - Medvegja Sot","robots":{"index":"index","follow":"follow","max-snippet":"max-snippet:-1","max-image-preview":"max-image-preview:large","max-video-preview":"max-video-preview:-1"},"canonical":"https:\/\/medvegjasot.com\/?p=2630","og_locale":"en_US","og_type":"article","og_title":"SHHM dhe SHKA MEDVEGJA MERR PJES\u00cb N\u00cb FEST\u00cbN E KOMUNITETETEVE N\u00cb FULLY, ZVIC\u00cbR - Medvegja Sot","og_description":"SHHM dhe SHKA Medvegja merr pjes\u00eb n\u00eb Fest\u00ebn e Komkuniteteve n\u00eb FULLY, ZVIC\u00cbR N\u00eb ngjarjen Kulturore \u201cFesta e Komuniteteve\u201d e cila u mbajt me dat\u00eb 07 Shtator 2024 n\u00eb qytetin Fully t\u00eb Zvicr\u00ebs mori pjes\u00eb edhe Shoq\u00ebria Kulturo Artistike \u201cMedvegja\u201d e cila vepron n\u00eb kuad\u00ebr t\u00eb Shoqat\u00ebs Humanitare \u201cMedvegja\u201d n\u00eb Zvic\u00ebr n\u00ebn udh\u00ebheqjen e Kryetarit...","og_url":"https:\/\/medvegjasot.com\/?p=2630","og_site_name":"Medvegja Sot","article_publisher":"https:\/\/www.facebook.com\/MedvegjaSot.com1","article_published_time":"2024-09-10T09:05:24+00:00","article_modified_time":"2024-09-10T09:13:03+00:00","og_image":[{"width":2560,"height":1440,"url":"https:\/\/medvegjasot.com\/wp-content\/uploads\/2024\/09\/photo-output-9-scaled.jpeg","type":"image\/jpeg"}],"author":"admin","twitter_card":"summary_large_image","twitter_misc":{"Written by":"admin","Est. reading time":"3 minutes"},"schema":{"@context":"https:\/\/schema.org","@graph":[{"@type":"Article","@id":"https:\/\/medvegjasot.com\/?p=2630#article","isPartOf":{"@id":"https:\/\/medvegjasot.com\/?p=2630"},"author":{"name":"admin","@id":"https:\/\/medvegjasot.com\/#\/schema\/person\/f2be1a84f4e95d0cb032946a1cf2e594"},"headline":"SHHM dhe SHKA MEDVEGJA MERR PJES\u00cb N\u00cb FEST\u00cbN E KOMUNITETETEVE N\u00cb FULLY, ZVIC\u00cbR","datePublished":"2024-09-10T09:05:24+00:00","dateModified":"2024-09-10T09:13:03+00:00","mainEntityOfPage":{"@id":"https:\/\/medvegjasot.com\/?p=2630"},"wordCount":313,"commentCount":0,"publisher":{"@id":"https:\/\/medvegjasot.com\/#organization"},"image":{"@id":"https:\/\/medvegjasot.com\/?p=2630#primaryimage"},"thumbnailUrl":"https:\/\/medvegjasot.com\/wp-content\/uploads\/2024\/09\/photo-output-9-scaled.jpeg","articleSection":["DIASPORA","KULTUR\u00cb"],"inLanguage":"en-US","potentialAction":[{"@type":"CommentAction","name":"Comment","target":["https:\/\/medvegjasot.com\/?p=2630#respond"]}]},{"@type":"WebPage","@id":"https:\/\/medvegjasot.com\/?p=2630","url":"https:\/\/medvegjasot.com\/?p=2630","name":"SHHM dhe SHKA MEDVEGJA MERR PJES\u00cb N\u00cb FEST\u00cbN E KOMUNITETETEVE N\u00cb FULLY, ZVIC\u00cbR - Medvegja Sot","isPartOf":{"@id":"https:\/\/medvegjasot.com\/#website"},"primaryImageOfPage":{"@id":"https:\/\/medvegjasot.com\/?p=2630#primaryimage"},"image":{"@id":"https:\/\/medvegjasot.com\/?p=2630#primaryimage"},"thumbnailUrl":"https:\/\/medvegjasot.com\/wp-content\/uploads\/2024\/09\/photo-output-9-scaled.jpeg","datePublished":"2024-09-10T09:05:24+00:00","dateModified":"2024-09-10T09:13:03+00:00","breadcrumb":{"@id":"https:\/\/medvegjasot.com\/?p=2630#breadcrumb"},"inLanguage":"en-US","potentialAction":[{"@type":"ReadAction","target":["https:\/\/medvegjasot.com\/?p=2630"]}]},{"@type":"ImageObject","inLanguage":"en-US","@id":"https:\/\/medvegjasot.com\/?p=2630#primaryimage","url":"https:\/\/medvegjasot.com\/wp-content\/uploads\/2024\/09\/photo-output-9-scaled.jpeg","contentUrl":"https:\/\/medvegjasot.com\/wp-content\/uploads\/2024\/09\/photo-output-9-scaled.jpeg","width":2560,"height":1440},{"@type":"BreadcrumbList","@id":"https:\/\/medvegjasot.com\/?p=2630#breadcrumb","itemListElement":[{"@type":"ListItem","position":1,"name":"Home","item":"https:\/\/medvegjasot.com\/"},{"@type":"ListItem","position":2,"name":"SHHM dhe SHKA MEDVEGJA MERR PJES\u00cb N\u00cb FEST\u00cbN E KOMUNITETETEVE N\u00cb FULLY, ZVIC\u00cbR"}]},{"@type":"WebSite","@id":"https:\/\/medvegjasot.com\/#website","url":"https:\/\/medvegjasot.com\/","name":"Medvegja Sot","description":"Portal Lajmesh","publisher":{"@id":"https:\/\/medvegjasot.com\/#organization"},"alternateName":"MS","potentialAction":[{"@type":"SearchAction","target":{"@type":"EntryPoint","urlTemplate":"https:\/\/medvegjasot.com\/?s={search_term_string}"},"query-input":{"@type":"PropertyValueSpecification","valueRequired":true,"valueName":"search_term_string"}}],"inLanguage":"en-US"},{"@type":"Organization","@id":"https:\/\/medvegjasot.com\/#organization","name":"Medvegja Sot","alternateName":"MS","url":"https:\/\/medvegjasot.com\/","logo":{"@type":"ImageObject","inLanguage":"en-US","@id":"https:\/\/medvegjasot.com\/#\/schema\/logo\/image\/","url":"https:\/\/medvegjasot.com\/wp-content\/uploads\/2024\/08\/logo.png","contentUrl":"https:\/\/medvegjasot.com\/wp-content\/uploads\/2024\/08\/logo.png","width":500,"height":500,"caption":"Medvegja Sot"},"image":{"@id":"https:\/\/medvegjasot.com\/#\/schema\/logo\/image\/"},"sameAs":["https:\/\/www.facebook.com\/MedvegjaSot.com1"]},{"@type":"Person","@id":"https:\/\/medvegjasot.com\/#\/schema\/person\/f2be1a84f4e95d0cb032946a1cf2e594","name":"admin","image":{"@type":"ImageObject","inLanguage":"en-US","@id":"https:\/\/secure.gravatar.com\/avatar\/2eedc5259426225ddc6f98b4b6728c30418b83e6f70285719780d3518d972ece?s=96&d=mm&r=g","url":"https:\/\/secure.gravatar.com\/avatar\/2eedc5259426225ddc6f98b4b6728c30418b83e6f70285719780d3518d972ece?s=96&d=mm&r=g","contentUrl":"https:\/\/secure.gravatar.com\/avatar\/2eedc5259426225ddc6f98b4b6728c30418b83e6f70285719780d3518d972ece?s=96&d=mm&r=g","caption":"admin"},"url":"https:\/\/medvegjasot.com\/?author=2"}]}},"jetpack_featured_media_url":"https:\/\/medvegjasot.com\/wp-content\/uploads\/2024\/09\/photo-output-9-scaled.jpeg","_links":{"self":[{"href":"https:\/\/medvegjasot.com\/index.php?rest_route=\/wp\/v2\/posts\/2630","targetHints":{"allow":["GET"]}}],"collection":[{"href":"https:\/\/medvegjasot.com\/index.php?rest_route=\/wp\/v2\/posts"}],"about":[{"href":"https:\/\/medvegjasot.com\/index.php?rest_route=\/wp\/v2\/types\/post"}],"author":[{"embeddable":true,"href":"https:\/\/medvegjasot.com\/index.php?rest_route=\/wp\/v2\/users\/2"}],"replies":[{"embeddable":true,"href":"https:\/\/medvegjasot.com\/index.php?rest_route=%2Fwp%2Fv2%2Fcomments&post=2630"}],"version-history":[{"count":2,"href":"https:\/\/medvegjasot.com\/index.php?rest_route=\/wp\/v2\/posts\/2630\/revisions"}],"predecessor-version":[{"id":2639,"href":"https:\/\/medvegjasot.com\/index.php?rest_route=\/wp\/v2\/posts\/2630\/revisions\/2639"}],"wp:featuredmedia":[{"embeddable":true,"href":"https:\/\/medvegjasot.com\/index.php?rest_route=\/wp\/v2\/media\/2631"}],"wp:attachment":[{"href":"https:\/\/medvegjasot.com\/index.php?rest_route=%2Fwp%2Fv2%2Fmedia&parent=2630"}],"wp:term":[{"taxonomy":"category","embeddable":true,"href":"https:\/\/medvegjasot.com\/index.php?rest_route=%2Fwp%2Fv2%2Fcategories&post=2630"},{"taxonomy":"post_tag","embeddable":true,"href":"https:\/\/medvegjasot.com\/index.php?rest_route=%2Fwp%2Fv2%2Ftags&post=2630"}],"curies":[{"name":"wp","href":"https:\/\/api.w.org\/{rel}","templated":true}]}}