{"id":2553,"date":"2024-09-05T14:42:03","date_gmt":"2024-09-05T14:42:03","guid":{"rendered":"https:\/\/medvegjasot.com\/?p=2553"},"modified":"2024-09-12T11:05:06","modified_gmt":"2024-09-12T11:05:06","slug":"pensionohet-vetarani-i-arsimit-mesuesi-hamdi-halimi-nga-tupalla-e-medvegjes","status":"publish","type":"post","link":"https:\/\/medvegjasot.com\/?p=2553","title":{"rendered":"PENSIONOHET VETARANI I ARSIMIT M\u00cbSUESI HAMDI HALIMI NGA TUPALLA E MEDVEGJ\u00cbS\u00a0"},"content":{"rendered":"\n<p>Hamdi Halimi i lindur n\u00eb Tupall\u00eb, shkoll\u00ebn fillore e kreu n\u00eb vendlindje nd\u00ebrsa t\u00eb mesme dhe t\u00eb Lart\u00eb Pedagogjike n\u00eb Gjilan. Deri n\u00eb vitin 1999 punoj si m\u00ebsues pran\u00eb Shkoll\u00ebs Fillore &#8220;Zenel Hajdini&#8221; n\u00eb Tupall\u00eb. Nd\u00ebrsa m\u00eb pas vazhdoj pun\u00ebn e shenjt\u00eb t\u00eb m\u00ebsuesit n\u00eb shkoll\u00ebn fillore &#8220;Mihail Grameno&#8221; n\u00eb Fush\u00eb Kosov\u00eb. Njihet si m\u00ebsimdh\u00ebn\u00ebs i p\u00ebrkushtuar ku radh\u00ebt e prind\u00ebrve p\u00ebr t&#8217;i regjistruar f\u00ebmij\u00ebt&nbsp;&nbsp;n\u00eb klas\u00ebn e tij ishin shum\u00eb t\u00eb gjata.<\/p>\n\n\n\n<figure class=\"wp-block-gallery has-nested-images columns-default is-cropped wp-block-gallery-1 is-layout-flex wp-block-gallery-is-layout-flex\">\n<figure class=\"wp-block-image size-large\"><img fetchpriority=\"high\" decoding=\"async\" width=\"1024\" height=\"575\" data-id=\"2554\" src=\"https:\/\/medvegjasot.com\/wp-content\/uploads\/2024\/09\/IMG_5215-1024x575.jpeg\" alt=\"\" class=\"wp-image-2554\" srcset=\"https:\/\/medvegjasot.com\/wp-content\/uploads\/2024\/09\/IMG_5215-1024x575.jpeg 1024w, https:\/\/medvegjasot.com\/wp-content\/uploads\/2024\/09\/IMG_5215-300x169.jpeg 300w, https:\/\/medvegjasot.com\/wp-content\/uploads\/2024\/09\/IMG_5215-768x431.jpeg 768w, https:\/\/medvegjasot.com\/wp-content\/uploads\/2024\/09\/IMG_5215-1536x863.jpeg 1536w, https:\/\/medvegjasot.com\/wp-content\/uploads\/2024\/09\/IMG_5215-2048x1150.jpeg 2048w\" sizes=\"(max-width: 1024px) 100vw, 1024px\" \/><\/figure>\n\n\n\n<figure class=\"wp-block-image size-large\"><img decoding=\"async\" width=\"1024\" height=\"575\" data-id=\"2555\" src=\"https:\/\/medvegjasot.com\/wp-content\/uploads\/2024\/09\/IMG_5216-1024x575.jpeg\" alt=\"\" class=\"wp-image-2555\" srcset=\"https:\/\/medvegjasot.com\/wp-content\/uploads\/2024\/09\/IMG_5216-1024x575.jpeg 1024w, https:\/\/medvegjasot.com\/wp-content\/uploads\/2024\/09\/IMG_5216-300x169.jpeg 300w, https:\/\/medvegjasot.com\/wp-content\/uploads\/2024\/09\/IMG_5216-768x431.jpeg 768w, https:\/\/medvegjasot.com\/wp-content\/uploads\/2024\/09\/IMG_5216-1536x863.jpeg 1536w, https:\/\/medvegjasot.com\/wp-content\/uploads\/2024\/09\/IMG_5216-2048x1150.jpeg 2048w\" sizes=\"(max-width: 1024px) 100vw, 1024px\" \/><\/figure>\n\n\n\n<figure class=\"wp-block-image size-large\"><img decoding=\"async\" width=\"1024\" height=\"576\" data-id=\"2556\" src=\"https:\/\/medvegjasot.com\/wp-content\/uploads\/2024\/09\/IMG_5217-1024x576.jpeg\" alt=\"\" class=\"wp-image-2556\" srcset=\"https:\/\/medvegjasot.com\/wp-content\/uploads\/2024\/09\/IMG_5217-1024x576.jpeg 1024w, https:\/\/medvegjasot.com\/wp-content\/uploads\/2024\/09\/IMG_5217-300x169.jpeg 300w, https:\/\/medvegjasot.com\/wp-content\/uploads\/2024\/09\/IMG_5217-768x432.jpeg 768w, https:\/\/medvegjasot.com\/wp-content\/uploads\/2024\/09\/IMG_5217-1536x864.jpeg 1536w, https:\/\/medvegjasot.com\/wp-content\/uploads\/2024\/09\/IMG_5217-2048x1152.jpeg 2048w\" sizes=\"(max-width: 1024px) 100vw, 1024px\" \/><\/figure>\n<\/figure>\n\n\n\n<p><\/p>\n\n\n\n<p>N\u00eb ambientin e shkoll\u00ebs fillore t\u00eb mesme t\u00eb ul\u00ebt &#8220;Mihail Grameno&#8221; m\u00eb 27 shkurt 2024 n\u00eb Fush\u00eb Kosov\u00eb u organizua ceremonia p\u00ebrsh\u00ebndet\u00ebse e pensionimit t\u00eb m\u00ebsuesit Hamdi Halimi nga Medvegja.<\/p>\n\n\n\n<figure class=\"wp-block-image size-large\"><img loading=\"lazy\" decoding=\"async\" width=\"1024\" height=\"576\" src=\"https:\/\/medvegjasot.com\/wp-content\/uploads\/2024\/09\/IMG_5212-1024x576.jpeg\" alt=\"\" class=\"wp-image-2559\" srcset=\"https:\/\/medvegjasot.com\/wp-content\/uploads\/2024\/09\/IMG_5212-1024x576.jpeg 1024w, https:\/\/medvegjasot.com\/wp-content\/uploads\/2024\/09\/IMG_5212-300x169.jpeg 300w, https:\/\/medvegjasot.com\/wp-content\/uploads\/2024\/09\/IMG_5212-768x432.jpeg 768w, https:\/\/medvegjasot.com\/wp-content\/uploads\/2024\/09\/IMG_5212.jpeg 1200w\" sizes=\"(max-width: 1024px) 100vw, 1024px\" \/><\/figure>\n\n\n\n<p><\/p>\n\n\n\n<p>T\u00eb pranish\u00ebm ishin familjar,&nbsp;&nbsp;Drejtoria Komunale p\u00ebr Arsim Fush\u00eb Kosov\u00eb, Drejtoria Komunale p\u00ebr Kultur\u00eb, Rini dhe Sport Fush\u00eb Kosov\u00eb, Drejtoria e shkoll\u00ebs fillore t\u00eb mesme t\u00eb ul\u00ebt &#8220;Mihail Grameno&#8221; m\u00ebsimdh\u00ebn\u00ebs, nx\u00ebn\u00ebs, ish nx\u00ebn\u00ebs, koleg\u00eb dhe ish koleg\u00eb t\u00eb m\u00ebsuesit Hamdi Halimi nga Medvegja dhe Kosova.<\/p>\n\n\n\n<figure class=\"wp-block-image size-large\"><img loading=\"lazy\" decoding=\"async\" width=\"1024\" height=\"576\" src=\"https:\/\/medvegjasot.com\/wp-content\/uploads\/2024\/09\/IMG_5219-1024x576.jpeg\" alt=\"\" class=\"wp-image-2561\" srcset=\"https:\/\/medvegjasot.com\/wp-content\/uploads\/2024\/09\/IMG_5219-1024x576.jpeg 1024w, https:\/\/medvegjasot.com\/wp-content\/uploads\/2024\/09\/IMG_5219-300x169.jpeg 300w, https:\/\/medvegjasot.com\/wp-content\/uploads\/2024\/09\/IMG_5219-768x432.jpeg 768w, https:\/\/medvegjasot.com\/wp-content\/uploads\/2024\/09\/IMG_5219-1536x864.jpeg 1536w, https:\/\/medvegjasot.com\/wp-content\/uploads\/2024\/09\/IMG_5219-2048x1152.jpeg 2048w\" sizes=\"(max-width: 1024px) 100vw, 1024px\" \/><\/figure>\n\n\n\n<p>M\u00ebsuesja Dudije Bajrami shprehu mir\u00ebnjohje p\u00ebr pun\u00ebn, p\u00ebrkushtimin dhe angazhimin e tij&nbsp;&nbsp;ndaj nx\u00ebn\u00ebsve. Ajo nd\u00ebr tjera lexoi nj\u00eb biografi t\u00eb shkurt\u00ebr t\u00eb m\u00ebsuesit Hamdi Halimi.<\/p>\n\n\n\n<p>Fjal\u00eb miradie nga m\u00eb t\u00eb zgjedhurat u than\u00eb edhe nga Drejtori i shkoll\u00ebs fillore&nbsp;&nbsp;t\u00eb mesme t\u00eb&nbsp;&nbsp;ul\u00ebt &#8220;Mihail Grameno&#8221; z. Ismet Gashi, z. Sadri Emini drejtor i shkoll\u00ebs fillore &#8220;Mihail Grameno&#8221;aneksi 1 z. Nexhmedin Rexhepi, drejtor i shkoll\u00ebs fillore &#8220;Mihail Grameno&#8221;&nbsp;&nbsp;aneksi 2 Rexhep Veliu, koleg i m\u00ebsuesit Hamdi Halimi, fal\u00ebnderoi dhe \u00e7moj lart\u00eb kontributin e tij n\u00eb arsim.<\/p>\n\n\n\n<figure class=\"wp-block-image size-large\"><img loading=\"lazy\" decoding=\"async\" width=\"1024\" height=\"576\" src=\"https:\/\/medvegjasot.com\/wp-content\/uploads\/2024\/09\/IMG_5211-1024x576.jpeg\" alt=\"\" class=\"wp-image-2562\" srcset=\"https:\/\/medvegjasot.com\/wp-content\/uploads\/2024\/09\/IMG_5211-1024x576.jpeg 1024w, https:\/\/medvegjasot.com\/wp-content\/uploads\/2024\/09\/IMG_5211-300x169.jpeg 300w, https:\/\/medvegjasot.com\/wp-content\/uploads\/2024\/09\/IMG_5211-768x432.jpeg 768w, https:\/\/medvegjasot.com\/wp-content\/uploads\/2024\/09\/IMG_5211.jpeg 1200w\" sizes=\"(max-width: 1024px) 100vw, 1024px\" \/><\/figure>\n\n\n\n<p><\/p>\n\n\n\n<p>M\u00ebsuesi n\u00eb pension Nexhmi Kelmendi vler\u00ebsoi lart\u00eb pun\u0113n e shenjt\u00eb prej m\u00ebsuesi.Nga p\u00ebrfaq\u00ebsuesi i prind\u00ebrve z. HYSENI fal\u00ebnderoi m\u00ebsuesin Hamdi Halimi p\u00ebr pun\u00ebn e tij t\u00eb pa lodhur.<\/p>\n\n\n\n<figure class=\"wp-block-embed is-type-video is-provider-youtube wp-block-embed-youtube wp-embed-aspect-16-9 wp-has-aspect-ratio\"><div class=\"wp-block-embed__wrapper\">\n<iframe  id=\"_ytid_27534\"  width=\"640\" height=\"360\"  data-origwidth=\"640\" data-origheight=\"360\" src=\"https:\/\/www.youtube.com\/embed\/bnfsyefoM78?enablejsapi=1&#038;autoplay=0&#038;cc_load_policy=0&#038;cc_lang_pref=&#038;iv_load_policy=1&#038;loop=0&#038;rel=1&#038;fs=1&#038;playsinline=0&#038;autohide=2&#038;theme=dark&#038;color=red&#038;controls=1&#038;\" class=\"__youtube_prefs__  epyt-is-override  no-lazyload\" title=\"YouTube player\"  allow=\"fullscreen; accelerometer; autoplay; clipboard-write; encrypted-media; gyroscope; picture-in-picture; web-share\" referrerpolicy=\"strict-origin-when-cross-origin\" allowfullscreen data-no-lazy=\"1\" data-skipgform_ajax_framebjll=\"\"><\/iframe>\n<\/div><\/figure>\n\n\n\n<p>Fjal\u00eb urimi dhe mir\u00ebnjohje shpreh\u00ebn edhe p\u00ebrfaq\u00ebsuesit nga DKA z. Fatlum Berisha dhe DK. z.Ali Topalli, znj. Mimoza&nbsp;&nbsp;Kryeziu, Pedagoge e shkoll\u00ebs vler\u00ebsoi lart\u00eb pun\u00ebn e tij edukativo arsimore.<\/p>\n\n\n\n<figure class=\"wp-block-image size-large\"><img loading=\"lazy\" decoding=\"async\" width=\"1024\" height=\"576\" src=\"https:\/\/medvegjasot.com\/wp-content\/uploads\/2024\/09\/IMG_5210-1024x576.jpeg\" alt=\"\" class=\"wp-image-2563\" srcset=\"https:\/\/medvegjasot.com\/wp-content\/uploads\/2024\/09\/IMG_5210-1024x576.jpeg 1024w, https:\/\/medvegjasot.com\/wp-content\/uploads\/2024\/09\/IMG_5210-300x169.jpeg 300w, https:\/\/medvegjasot.com\/wp-content\/uploads\/2024\/09\/IMG_5210-768x432.jpeg 768w, https:\/\/medvegjasot.com\/wp-content\/uploads\/2024\/09\/IMG_5210.jpeg 1200w\" sizes=\"(max-width: 1024px) 100vw, 1024px\" \/><\/figure>\n\n\n\n<p><\/p>\n\n\n\n<p>Verona Bajrami ish nx\u00ebn\u00ebse, fal\u00ebnderoi m\u00ebsuesin e saj p\u00ebr pun\u00ebn e palodhur n\u00eb edukimin dhe arsimimin e nx\u00ebn\u00ebsve.<\/p>\n\n\n\n<p>Koleg\u00eb nga Medvegja si m\u00ebsuesi Ramiz Zeqiri, shprehu mir\u00ebnjohje dhe lavdata p\u00ebr p\u00ebrkushtimin e pa shoq t\u00eb m\u00ebsuesit Hamdi Halimi.<\/p>\n\n\n\n<figure class=\"wp-block-embed is-type-video is-provider-youtube wp-block-embed-youtube wp-embed-aspect-16-9 wp-has-aspect-ratio\"><div class=\"wp-block-embed__wrapper\">\n<iframe  id=\"_ytid_22144\"  width=\"640\" height=\"360\"  data-origwidth=\"640\" data-origheight=\"360\" src=\"https:\/\/www.youtube.com\/embed\/EjDNqwFz_yo?enablejsapi=1&#038;autoplay=0&#038;cc_load_policy=0&#038;cc_lang_pref=&#038;iv_load_policy=1&#038;loop=0&#038;rel=1&#038;fs=1&#038;playsinline=0&#038;autohide=2&#038;theme=dark&#038;color=red&#038;controls=1&#038;\" class=\"__youtube_prefs__  epyt-is-override  no-lazyload\" title=\"YouTube player\"  allow=\"fullscreen; accelerometer; autoplay; clipboard-write; encrypted-media; gyroscope; picture-in-picture; web-share\" referrerpolicy=\"strict-origin-when-cross-origin\" allowfullscreen data-no-lazy=\"1\" data-skipgform_ajax_framebjll=\"\"><\/iframe>\n<\/div><\/figure>\n\n\n\n<p>N\u00eb mesin e pjes\u00ebmarr\u00ebsve ishte edhe poeti i njohur z. Hajrush Redenica i cili n\u00eb shenj\u00eb nderimi p\u00ebr m\u00ebsuesin z. Hamdi Halimi dhuroi disa kopje nga librat e tij. Po ashtu kologu nga Gjilan Agim Kosumi foli fjal\u00eb miradie p\u00ebr m\u00ebdesin.&nbsp;<br><\/p>\n\n\n\n<figure class=\"wp-block-image size-large\"><img loading=\"lazy\" decoding=\"async\" width=\"1024\" height=\"575\" src=\"https:\/\/medvegjasot.com\/wp-content\/uploads\/2024\/09\/IMG_5220-1024x575.jpeg\" alt=\"\" class=\"wp-image-2564\" srcset=\"https:\/\/medvegjasot.com\/wp-content\/uploads\/2024\/09\/IMG_5220-1024x575.jpeg 1024w, https:\/\/medvegjasot.com\/wp-content\/uploads\/2024\/09\/IMG_5220-300x169.jpeg 300w, https:\/\/medvegjasot.com\/wp-content\/uploads\/2024\/09\/IMG_5220-768x431.jpeg 768w, https:\/\/medvegjasot.com\/wp-content\/uploads\/2024\/09\/IMG_5220-1536x863.jpeg 1536w, https:\/\/medvegjasot.com\/wp-content\/uploads\/2024\/09\/IMG_5220-2048x1150.jpeg 2048w\" sizes=\"(max-width: 1024px) 100vw, 1024px\" \/><\/figure>\n\n\n\n<p>Nebi Halimi v\u00ebllau i m\u00ebsuesit Hamdi Halimi p\u00ebrsh\u00ebndeti t\u00eb pranishmit duke fal\u00ebnderuar p\u00ebr pjes\u00ebmarrje n\u00eb k\u00ebt\u00eb ceremoni.<\/p>\n\n\n\n<p>Krejt n\u00eb fund, t\u00eb pranishmit u ftuan p\u00ebr nj\u00eb koktej rasti p\u00ebrgaditur nga familja e m\u00ebsuesit Hamdi Halimi.<\/p>\n\n\n\n<figure class=\"wp-block-image size-large\"><img loading=\"lazy\" decoding=\"async\" width=\"1024\" height=\"576\" src=\"https:\/\/medvegjasot.com\/wp-content\/uploads\/2024\/09\/IMG_5852-1024x576.jpeg\" alt=\"\" class=\"wp-image-2721\" srcset=\"https:\/\/medvegjasot.com\/wp-content\/uploads\/2024\/09\/IMG_5852-1024x576.jpeg 1024w, https:\/\/medvegjasot.com\/wp-content\/uploads\/2024\/09\/IMG_5852-300x169.jpeg 300w, https:\/\/medvegjasot.com\/wp-content\/uploads\/2024\/09\/IMG_5852-768x432.jpeg 768w, https:\/\/medvegjasot.com\/wp-content\/uploads\/2024\/09\/IMG_5852-1536x864.jpeg 1536w, https:\/\/medvegjasot.com\/wp-content\/uploads\/2024\/09\/IMG_5852-2048x1152.jpeg 2048w\" sizes=\"(max-width: 1024px) 100vw, 1024px\" \/><\/figure>\n\n\n\n<p><strong>N\u00eb 10 vjetorin e themelimit t\u00eb saj, portali &#8220;Medvegja Sot&#8221; ndan\u00eb:<\/strong><\/p>\n\n\n\n<pre class=\"wp-block-code\"><code>               <strong>Mir\u00ebnjohje<\/strong><\/code><\/pre>\n\n\n\n<p>\u2026p\u00ebr m\u00ebsuesin Hamdi HALIMI, me rastin e pensionimit dhe n\u00eb nderim t\u00eb pun\u00ebs e p\u00ebrkushtimit t\u00eb tij n\u00eb edukimin dhe arsimimin e brezave t\u00eb nx\u00ebn\u00ebsve nd\u00ebr vite, n\u00eb Medvegj\u00eb dhe Kosov\u00eb.<\/p>\n\n\n\n<p>27 Mars 2024 <strong>Redaksia M.S<\/strong><\/p>\n\n\n\n<p><\/p>\n\n\n\n<figure class=\"wp-block-image size-large\"><img loading=\"lazy\" decoding=\"async\" width=\"1024\" height=\"576\" src=\"https:\/\/medvegjasot.com\/wp-content\/uploads\/2024\/09\/IMG_5219-1024x576.jpeg\" alt=\"\" class=\"wp-image-2561\" srcset=\"https:\/\/medvegjasot.com\/wp-content\/uploads\/2024\/09\/IMG_5219-1024x576.jpeg 1024w, https:\/\/medvegjasot.com\/wp-content\/uploads\/2024\/09\/IMG_5219-300x169.jpeg 300w, https:\/\/medvegjasot.com\/wp-content\/uploads\/2024\/09\/IMG_5219-768x432.jpeg 768w, https:\/\/medvegjasot.com\/wp-content\/uploads\/2024\/09\/IMG_5219-1536x864.jpeg 1536w, https:\/\/medvegjasot.com\/wp-content\/uploads\/2024\/09\/IMG_5219-2048x1152.jpeg 2048w\" sizes=\"(max-width: 1024px) 100vw, 1024px\" \/><\/figure>\n","protected":false},"excerpt":{"rendered":"<p>Hamdi Halimi i lindur n\u00eb Tupall\u00eb, shkoll\u00ebn fillore e kreu n\u00eb vendlindje nd\u00ebrsa t\u00eb mesme dhe t\u00eb Lart\u00eb Pedagogjike n\u00eb Gjilan. Deri n\u00eb vitin 1999 punoj si m\u00ebsues pran\u00eb Shkoll\u00ebs Fillore &#8220;Zenel Hajdini&#8221; n\u00eb Tupall\u00eb. Nd\u00ebrsa m\u00eb pas vazhdoj pun\u00ebn e shenjt\u00eb t\u00eb m\u00ebsuesit n\u00eb shkoll\u00ebn fillore &#8220;Mihail Grameno&#8221; n\u00eb Fush\u00eb Kosov\u00eb. Njihet si m\u00ebsimdh\u00ebn\u00ebs&#8230;<\/p>\n","protected":false},"author":2,"featured_media":2557,"comment_status":"open","ping_status":"open","sticky":false,"template":"","format":"standard","meta":{"_coblocks_attr":"","_coblocks_dimensions":"","_coblocks_responsive_height":"","_coblocks_accordion_ie_support":"","_monsterinsights_skip_tracking":false,"_monsterinsights_sitenote_active":false,"_monsterinsights_sitenote_note":"","_monsterinsights_sitenote_category":0,"footnotes":""},"categories":[18,14],"tags":[],"class_list":["post-2553","post","type-post","status-publish","format-standard","has-post-thumbnail","hentry","category-kulture","category-lajme"],"yoast_head":"<!-- This site is optimized with the Yoast SEO plugin v27.5 - https:\/\/yoast.com\/product\/yoast-seo-wordpress\/ -->\n<title>PENSIONOHET VETARANI I ARSIMIT M\u00cbSUESI HAMDI HALIMI NGA TUPALLA E MEDVEGJ\u00cbS\u00a0 - Medvegja Sot<\/title>\n<meta name=\"robots\" content=\"index, follow, max-snippet:-1, max-image-preview:large, max-video-preview:-1\" \/>\n<link rel=\"canonical\" href=\"https:\/\/medvegjasot.com\/?p=2553\" \/>\n<meta property=\"og:locale\" content=\"en_US\" \/>\n<meta property=\"og:type\" content=\"article\" \/>\n<meta property=\"og:title\" content=\"PENSIONOHET VETARANI I ARSIMIT M\u00cbSUESI HAMDI HALIMI NGA TUPALLA E MEDVEGJ\u00cbS\u00a0 - Medvegja Sot\" \/>\n<meta property=\"og:description\" content=\"Hamdi Halimi i lindur n\u00eb Tupall\u00eb, shkoll\u00ebn fillore e kreu n\u00eb vendlindje nd\u00ebrsa t\u00eb mesme dhe t\u00eb Lart\u00eb Pedagogjike n\u00eb Gjilan. Deri n\u00eb vitin 1999 punoj si m\u00ebsues pran\u00eb Shkoll\u00ebs Fillore &#8220;Zenel Hajdini&#8221; n\u00eb Tupall\u00eb. Nd\u00ebrsa m\u00eb pas vazhdoj pun\u00ebn e shenjt\u00eb t\u00eb m\u00ebsuesit n\u00eb shkoll\u00ebn fillore &#8220;Mihail Grameno&#8221; n\u00eb Fush\u00eb Kosov\u00eb. Njihet si m\u00ebsimdh\u00ebn\u00ebs...\" \/>\n<meta property=\"og:url\" content=\"https:\/\/medvegjasot.com\/?p=2553\" \/>\n<meta property=\"og:site_name\" content=\"Medvegja Sot\" \/>\n<meta property=\"article:publisher\" content=\"https:\/\/www.facebook.com\/MedvegjaSot.com1\" \/>\n<meta property=\"article:published_time\" content=\"2024-09-05T14:42:03+00:00\" \/>\n<meta property=\"article:modified_time\" content=\"2024-09-12T11:05:06+00:00\" \/>\n<meta property=\"og:image\" content=\"https:\/\/medvegjasot.com\/wp-content\/uploads\/2024\/09\/photo-output-7.jpeg\" \/>\n\t<meta property=\"og:image:width\" content=\"2046\" \/>\n\t<meta property=\"og:image:height\" content=\"1148\" \/>\n\t<meta property=\"og:image:type\" content=\"image\/jpeg\" \/>\n<meta name=\"author\" content=\"admin\" \/>\n<meta name=\"twitter:card\" content=\"summary_large_image\" \/>\n<meta name=\"twitter:label1\" content=\"Written by\" \/>\n\t<meta name=\"twitter:data1\" content=\"admin\" \/>\n\t<meta name=\"twitter:label2\" content=\"Est. reading time\" \/>\n\t<meta name=\"twitter:data2\" content=\"5 minutes\" \/>\n<script type=\"application\/ld+json\" class=\"yoast-schema-graph\">{\"@context\":\"https:\\\/\\\/schema.org\",\"@graph\":[{\"@type\":\"Article\",\"@id\":\"https:\\\/\\\/medvegjasot.com\\\/?p=2553#article\",\"isPartOf\":{\"@id\":\"https:\\\/\\\/medvegjasot.com\\\/?p=2553\"},\"author\":{\"name\":\"admin\",\"@id\":\"https:\\\/\\\/medvegjasot.com\\\/#\\\/schema\\\/person\\\/f2be1a84f4e95d0cb032946a1cf2e594\"},\"headline\":\"PENSIONOHET VETARANI I ARSIMIT M\u00cbSUESI HAMDI HALIMI NGA TUPALLA E MEDVEGJ\u00cbS\u00a0\",\"datePublished\":\"2024-09-05T14:42:03+00:00\",\"dateModified\":\"2024-09-12T11:05:06+00:00\",\"mainEntityOfPage\":{\"@id\":\"https:\\\/\\\/medvegjasot.com\\\/?p=2553\"},\"wordCount\":602,\"commentCount\":0,\"publisher\":{\"@id\":\"https:\\\/\\\/medvegjasot.com\\\/#organization\"},\"image\":{\"@id\":\"https:\\\/\\\/medvegjasot.com\\\/?p=2553#primaryimage\"},\"thumbnailUrl\":\"https:\\\/\\\/medvegjasot.com\\\/wp-content\\\/uploads\\\/2024\\\/09\\\/photo-output-7.jpeg\",\"articleSection\":[\"KULTUR\u00cb\",\"LAJME\"],\"inLanguage\":\"en-US\",\"potentialAction\":[{\"@type\":\"CommentAction\",\"name\":\"Comment\",\"target\":[\"https:\\\/\\\/medvegjasot.com\\\/?p=2553#respond\"]}]},{\"@type\":\"WebPage\",\"@id\":\"https:\\\/\\\/medvegjasot.com\\\/?p=2553\",\"url\":\"https:\\\/\\\/medvegjasot.com\\\/?p=2553\",\"name\":\"PENSIONOHET VETARANI I ARSIMIT M\u00cbSUESI HAMDI HALIMI NGA TUPALLA E MEDVEGJ\u00cbS\u00a0 - Medvegja Sot\",\"isPartOf\":{\"@id\":\"https:\\\/\\\/medvegjasot.com\\\/#website\"},\"primaryImageOfPage\":{\"@id\":\"https:\\\/\\\/medvegjasot.com\\\/?p=2553#primaryimage\"},\"image\":{\"@id\":\"https:\\\/\\\/medvegjasot.com\\\/?p=2553#primaryimage\"},\"thumbnailUrl\":\"https:\\\/\\\/medvegjasot.com\\\/wp-content\\\/uploads\\\/2024\\\/09\\\/photo-output-7.jpeg\",\"datePublished\":\"2024-09-05T14:42:03+00:00\",\"dateModified\":\"2024-09-12T11:05:06+00:00\",\"breadcrumb\":{\"@id\":\"https:\\\/\\\/medvegjasot.com\\\/?p=2553#breadcrumb\"},\"inLanguage\":\"en-US\",\"potentialAction\":[{\"@type\":\"ReadAction\",\"target\":[\"https:\\\/\\\/medvegjasot.com\\\/?p=2553\"]}]},{\"@type\":\"ImageObject\",\"inLanguage\":\"en-US\",\"@id\":\"https:\\\/\\\/medvegjasot.com\\\/?p=2553#primaryimage\",\"url\":\"https:\\\/\\\/medvegjasot.com\\\/wp-content\\\/uploads\\\/2024\\\/09\\\/photo-output-7.jpeg\",\"contentUrl\":\"https:\\\/\\\/medvegjasot.com\\\/wp-content\\\/uploads\\\/2024\\\/09\\\/photo-output-7.jpeg\",\"width\":2046,\"height\":1148},{\"@type\":\"BreadcrumbList\",\"@id\":\"https:\\\/\\\/medvegjasot.com\\\/?p=2553#breadcrumb\",\"itemListElement\":[{\"@type\":\"ListItem\",\"position\":1,\"name\":\"Home\",\"item\":\"https:\\\/\\\/medvegjasot.com\\\/\"},{\"@type\":\"ListItem\",\"position\":2,\"name\":\"PENSIONOHET VETARANI I ARSIMIT M\u00cbSUESI HAMDI HALIMI NGA TUPALLA E MEDVEGJ\u00cbS\u00a0\"}]},{\"@type\":\"WebSite\",\"@id\":\"https:\\\/\\\/medvegjasot.com\\\/#website\",\"url\":\"https:\\\/\\\/medvegjasot.com\\\/\",\"name\":\"Medvegja Sot\",\"description\":\"Portal Lajmesh\",\"publisher\":{\"@id\":\"https:\\\/\\\/medvegjasot.com\\\/#organization\"},\"alternateName\":\"MS\",\"potentialAction\":[{\"@type\":\"SearchAction\",\"target\":{\"@type\":\"EntryPoint\",\"urlTemplate\":\"https:\\\/\\\/medvegjasot.com\\\/?s={search_term_string}\"},\"query-input\":{\"@type\":\"PropertyValueSpecification\",\"valueRequired\":true,\"valueName\":\"search_term_string\"}}],\"inLanguage\":\"en-US\"},{\"@type\":\"Organization\",\"@id\":\"https:\\\/\\\/medvegjasot.com\\\/#organization\",\"name\":\"Medvegja Sot\",\"alternateName\":\"MS\",\"url\":\"https:\\\/\\\/medvegjasot.com\\\/\",\"logo\":{\"@type\":\"ImageObject\",\"inLanguage\":\"en-US\",\"@id\":\"https:\\\/\\\/medvegjasot.com\\\/#\\\/schema\\\/logo\\\/image\\\/\",\"url\":\"https:\\\/\\\/medvegjasot.com\\\/wp-content\\\/uploads\\\/2024\\\/08\\\/logo.png\",\"contentUrl\":\"https:\\\/\\\/medvegjasot.com\\\/wp-content\\\/uploads\\\/2024\\\/08\\\/logo.png\",\"width\":500,\"height\":500,\"caption\":\"Medvegja Sot\"},\"image\":{\"@id\":\"https:\\\/\\\/medvegjasot.com\\\/#\\\/schema\\\/logo\\\/image\\\/\"},\"sameAs\":[\"https:\\\/\\\/www.facebook.com\\\/MedvegjaSot.com1\"]},{\"@type\":\"Person\",\"@id\":\"https:\\\/\\\/medvegjasot.com\\\/#\\\/schema\\\/person\\\/f2be1a84f4e95d0cb032946a1cf2e594\",\"name\":\"admin\",\"image\":{\"@type\":\"ImageObject\",\"inLanguage\":\"en-US\",\"@id\":\"https:\\\/\\\/secure.gravatar.com\\\/avatar\\\/2eedc5259426225ddc6f98b4b6728c30418b83e6f70285719780d3518d972ece?s=96&d=mm&r=g\",\"url\":\"https:\\\/\\\/secure.gravatar.com\\\/avatar\\\/2eedc5259426225ddc6f98b4b6728c30418b83e6f70285719780d3518d972ece?s=96&d=mm&r=g\",\"contentUrl\":\"https:\\\/\\\/secure.gravatar.com\\\/avatar\\\/2eedc5259426225ddc6f98b4b6728c30418b83e6f70285719780d3518d972ece?s=96&d=mm&r=g\",\"caption\":\"admin\"},\"url\":\"https:\\\/\\\/medvegjasot.com\\\/?author=2\"}]}<\/script>\n<!-- \/ Yoast SEO plugin. -->","yoast_head_json":{"title":"PENSIONOHET VETARANI I ARSIMIT M\u00cbSUESI HAMDI HALIMI NGA TUPALLA E MEDVEGJ\u00cbS\u00a0 - Medvegja Sot","robots":{"index":"index","follow":"follow","max-snippet":"max-snippet:-1","max-image-preview":"max-image-preview:large","max-video-preview":"max-video-preview:-1"},"canonical":"https:\/\/medvegjasot.com\/?p=2553","og_locale":"en_US","og_type":"article","og_title":"PENSIONOHET VETARANI I ARSIMIT M\u00cbSUESI HAMDI HALIMI NGA TUPALLA E MEDVEGJ\u00cbS\u00a0 - Medvegja Sot","og_description":"Hamdi Halimi i lindur n\u00eb Tupall\u00eb, shkoll\u00ebn fillore e kreu n\u00eb vendlindje nd\u00ebrsa t\u00eb mesme dhe t\u00eb Lart\u00eb Pedagogjike n\u00eb Gjilan. Deri n\u00eb vitin 1999 punoj si m\u00ebsues pran\u00eb Shkoll\u00ebs Fillore &#8220;Zenel Hajdini&#8221; n\u00eb Tupall\u00eb. Nd\u00ebrsa m\u00eb pas vazhdoj pun\u00ebn e shenjt\u00eb t\u00eb m\u00ebsuesit n\u00eb shkoll\u00ebn fillore &#8220;Mihail Grameno&#8221; n\u00eb Fush\u00eb Kosov\u00eb. Njihet si m\u00ebsimdh\u00ebn\u00ebs...","og_url":"https:\/\/medvegjasot.com\/?p=2553","og_site_name":"Medvegja Sot","article_publisher":"https:\/\/www.facebook.com\/MedvegjaSot.com1","article_published_time":"2024-09-05T14:42:03+00:00","article_modified_time":"2024-09-12T11:05:06+00:00","og_image":[{"width":2046,"height":1148,"url":"https:\/\/medvegjasot.com\/wp-content\/uploads\/2024\/09\/photo-output-7.jpeg","type":"image\/jpeg"}],"author":"admin","twitter_card":"summary_large_image","twitter_misc":{"Written by":"admin","Est. reading time":"5 minutes"},"schema":{"@context":"https:\/\/schema.org","@graph":[{"@type":"Article","@id":"https:\/\/medvegjasot.com\/?p=2553#article","isPartOf":{"@id":"https:\/\/medvegjasot.com\/?p=2553"},"author":{"name":"admin","@id":"https:\/\/medvegjasot.com\/#\/schema\/person\/f2be1a84f4e95d0cb032946a1cf2e594"},"headline":"PENSIONOHET VETARANI I ARSIMIT M\u00cbSUESI HAMDI HALIMI NGA TUPALLA E MEDVEGJ\u00cbS\u00a0","datePublished":"2024-09-05T14:42:03+00:00","dateModified":"2024-09-12T11:05:06+00:00","mainEntityOfPage":{"@id":"https:\/\/medvegjasot.com\/?p=2553"},"wordCount":602,"commentCount":0,"publisher":{"@id":"https:\/\/medvegjasot.com\/#organization"},"image":{"@id":"https:\/\/medvegjasot.com\/?p=2553#primaryimage"},"thumbnailUrl":"https:\/\/medvegjasot.com\/wp-content\/uploads\/2024\/09\/photo-output-7.jpeg","articleSection":["KULTUR\u00cb","LAJME"],"inLanguage":"en-US","potentialAction":[{"@type":"CommentAction","name":"Comment","target":["https:\/\/medvegjasot.com\/?p=2553#respond"]}]},{"@type":"WebPage","@id":"https:\/\/medvegjasot.com\/?p=2553","url":"https:\/\/medvegjasot.com\/?p=2553","name":"PENSIONOHET VETARANI I ARSIMIT M\u00cbSUESI HAMDI HALIMI NGA TUPALLA E MEDVEGJ\u00cbS\u00a0 - Medvegja Sot","isPartOf":{"@id":"https:\/\/medvegjasot.com\/#website"},"primaryImageOfPage":{"@id":"https:\/\/medvegjasot.com\/?p=2553#primaryimage"},"image":{"@id":"https:\/\/medvegjasot.com\/?p=2553#primaryimage"},"thumbnailUrl":"https:\/\/medvegjasot.com\/wp-content\/uploads\/2024\/09\/photo-output-7.jpeg","datePublished":"2024-09-05T14:42:03+00:00","dateModified":"2024-09-12T11:05:06+00:00","breadcrumb":{"@id":"https:\/\/medvegjasot.com\/?p=2553#breadcrumb"},"inLanguage":"en-US","potentialAction":[{"@type":"ReadAction","target":["https:\/\/medvegjasot.com\/?p=2553"]}]},{"@type":"ImageObject","inLanguage":"en-US","@id":"https:\/\/medvegjasot.com\/?p=2553#primaryimage","url":"https:\/\/medvegjasot.com\/wp-content\/uploads\/2024\/09\/photo-output-7.jpeg","contentUrl":"https:\/\/medvegjasot.com\/wp-content\/uploads\/2024\/09\/photo-output-7.jpeg","width":2046,"height":1148},{"@type":"BreadcrumbList","@id":"https:\/\/medvegjasot.com\/?p=2553#breadcrumb","itemListElement":[{"@type":"ListItem","position":1,"name":"Home","item":"https:\/\/medvegjasot.com\/"},{"@type":"ListItem","position":2,"name":"PENSIONOHET VETARANI I ARSIMIT M\u00cbSUESI HAMDI HALIMI NGA TUPALLA E MEDVEGJ\u00cbS\u00a0"}]},{"@type":"WebSite","@id":"https:\/\/medvegjasot.com\/#website","url":"https:\/\/medvegjasot.com\/","name":"Medvegja Sot","description":"Portal Lajmesh","publisher":{"@id":"https:\/\/medvegjasot.com\/#organization"},"alternateName":"MS","potentialAction":[{"@type":"SearchAction","target":{"@type":"EntryPoint","urlTemplate":"https:\/\/medvegjasot.com\/?s={search_term_string}"},"query-input":{"@type":"PropertyValueSpecification","valueRequired":true,"valueName":"search_term_string"}}],"inLanguage":"en-US"},{"@type":"Organization","@id":"https:\/\/medvegjasot.com\/#organization","name":"Medvegja Sot","alternateName":"MS","url":"https:\/\/medvegjasot.com\/","logo":{"@type":"ImageObject","inLanguage":"en-US","@id":"https:\/\/medvegjasot.com\/#\/schema\/logo\/image\/","url":"https:\/\/medvegjasot.com\/wp-content\/uploads\/2024\/08\/logo.png","contentUrl":"https:\/\/medvegjasot.com\/wp-content\/uploads\/2024\/08\/logo.png","width":500,"height":500,"caption":"Medvegja Sot"},"image":{"@id":"https:\/\/medvegjasot.com\/#\/schema\/logo\/image\/"},"sameAs":["https:\/\/www.facebook.com\/MedvegjaSot.com1"]},{"@type":"Person","@id":"https:\/\/medvegjasot.com\/#\/schema\/person\/f2be1a84f4e95d0cb032946a1cf2e594","name":"admin","image":{"@type":"ImageObject","inLanguage":"en-US","@id":"https:\/\/secure.gravatar.com\/avatar\/2eedc5259426225ddc6f98b4b6728c30418b83e6f70285719780d3518d972ece?s=96&d=mm&r=g","url":"https:\/\/secure.gravatar.com\/avatar\/2eedc5259426225ddc6f98b4b6728c30418b83e6f70285719780d3518d972ece?s=96&d=mm&r=g","contentUrl":"https:\/\/secure.gravatar.com\/avatar\/2eedc5259426225ddc6f98b4b6728c30418b83e6f70285719780d3518d972ece?s=96&d=mm&r=g","caption":"admin"},"url":"https:\/\/medvegjasot.com\/?author=2"}]}},"jetpack_featured_media_url":"https:\/\/medvegjasot.com\/wp-content\/uploads\/2024\/09\/photo-output-7.jpeg","_links":{"self":[{"href":"https:\/\/medvegjasot.com\/index.php?rest_route=\/wp\/v2\/posts\/2553","targetHints":{"allow":["GET"]}}],"collection":[{"href":"https:\/\/medvegjasot.com\/index.php?rest_route=\/wp\/v2\/posts"}],"about":[{"href":"https:\/\/medvegjasot.com\/index.php?rest_route=\/wp\/v2\/types\/post"}],"author":[{"embeddable":true,"href":"https:\/\/medvegjasot.com\/index.php?rest_route=\/wp\/v2\/users\/2"}],"replies":[{"embeddable":true,"href":"https:\/\/medvegjasot.com\/index.php?rest_route=%2Fwp%2Fv2%2Fcomments&post=2553"}],"version-history":[{"count":4,"href":"https:\/\/medvegjasot.com\/index.php?rest_route=\/wp\/v2\/posts\/2553\/revisions"}],"predecessor-version":[{"id":2723,"href":"https:\/\/medvegjasot.com\/index.php?rest_route=\/wp\/v2\/posts\/2553\/revisions\/2723"}],"wp:featuredmedia":[{"embeddable":true,"href":"https:\/\/medvegjasot.com\/index.php?rest_route=\/wp\/v2\/media\/2557"}],"wp:attachment":[{"href":"https:\/\/medvegjasot.com\/index.php?rest_route=%2Fwp%2Fv2%2Fmedia&parent=2553"}],"wp:term":[{"taxonomy":"category","embeddable":true,"href":"https:\/\/medvegjasot.com\/index.php?rest_route=%2Fwp%2Fv2%2Fcategories&post=2553"},{"taxonomy":"post_tag","embeddable":true,"href":"https:\/\/medvegjasot.com\/index.php?rest_route=%2Fwp%2Fv2%2Ftags&post=2553"}],"curies":[{"name":"wp","href":"https:\/\/api.w.org\/{rel}","templated":true}]}}