{"id":2473,"date":"2024-09-03T19:11:11","date_gmt":"2024-09-03T19:11:11","guid":{"rendered":"https:\/\/medvegjasot.com\/?p=2473"},"modified":"2024-09-05T08:07:17","modified_gmt":"2024-09-05T08:07:17","slug":"2473","status":"publish","type":"post","link":"https:\/\/medvegjasot.com\/?p=2473","title":{"rendered":"P\u00cbRKUJTOJM\u00cb PROFESORIN SHABAN ABAZI"},"content":{"rendered":"\n<p>Shaban Abazi lindi n\u00eb Sfirc\u00eb m\u00eb 10 janar 1967. Shkoll\u00ebn fillore kat\u00ebr vite i p\u00ebrfundoi n\u00eb shkoll\u00ebn fillore \u201cZenel Hajdini\u201d me paralele t\u00eb ndar\u00eb n\u00eb Sfirc\u00eb. P\u00ebr n\u00eb shkoll\u00eb udh\u00ebtonin me k\u00ebmb\u00eb af\u00ebrsisht 5-6 km. Ishin kat\u00ebr klasa, pra prej klas\u00ebs s\u00eb par\u00eb e deri n\u00eb klas\u00ebn e kat\u00ebrt. Numri i nx\u00ebn\u00ebsve n\u00eb klas\u00eb ishte mesata- risht mbi 22 nx\u00ebn\u00ebs. N\u00eb klas\u00ebn ku vijonte m\u00ebsimin, ishin 23 nx\u00ebn\u00ebs. Pasi i p\u00ebrfundoi kat\u00ebr vitet n\u00eb Sfirc\u00eb, vazhdoi kat\u00ebr vitet e tjera n\u00eb shkoll\u00ebn fillore \u201cZenel Hajdini\u201c n\u00eb<br>Banj\u00eb t\u00eb Sijarin\u00ebs. <br>P\u00ebr n\u00eb Banj\u00eb b\u00ebnin mbi 8 km n\u00eb nj\u00ebrin drejtim. Shkoll\u00ebn e mesme dyvje\u00e7are e kreu n\u00eb Medvegj\u00eb. Vitin e par\u00eb e ndoq\u00ebn n\u00eb barakat af\u00ebr Sht\u00ebpis\u00eb s\u00eb Sh\u00ebndetit (tani objekti \u00ebsht\u00eb i braktisuar), kurse vitin e dyt\u00eb n\u00eb katin e dyt\u00eb t\u00eb Sht\u00ebpis\u00eb s\u00eb Kultur\u00ebs n\u00eb Medvegj\u00eb. Vitin e tret\u00eb dhe t\u00eb kat\u00ebrt e vazhdoi n\u00eb Prishtin\u00eb n\u00eb shkoll\u00ebn e mesme ekonomike, n\u00eb vitin shkollor 1984\/85 dhe 1985\/86.<br>N\u00eb tetor u regjistrua n\u00eb Fakultetin Ekonomik n\u00eb Prishtin\u00eb, drejtimi Zhvillimi ekonomik. Pas nj\u00eb viti, shkoi n\u00eb sh\u00ebrbimin ushtarak t\u00eb ish-sistemit. Sh\u00ebrbeu n\u00eb Republik\u00ebn e Kroacis\u00eb.<br>Pas sh\u00ebrbimit ushtarak, vazhdoi studimet e mbetura n\u00eb t\u00eb nj\u00ebjtin fakultet. Viti i kat\u00ebrt i studimeve e gjeti n\u00ebp\u00ebr sht\u00ebpi- shkolla. Disa ligj\u00ebrata i mbanin te Xhamia e Llapit, disa n\u00eb Medrese, disa n\u00eb Bregun e diellit. K\u00ebshtu brenda dit\u00ebs l\u00ebvizinin prej nj\u00ebrit cep t\u00eb Prishtin\u00ebs n\u00eb tjetrin dhe t\u00eb k\u00ebrc\u00ebnuar vazhdimisht nga aparati shtet\u00ebror dhe policior i t\u00eb ashtuquajtur\u00ebs Jugosllavi, e q\u00eb n\u00eb fakt dominohej nga serb\u00ebt dhe malazez\u00ebt. Shpesh i ndalnin dhe i maltretonin duke i k\u00ebrc\u00ebnuar q\u00eb n\u00ebse herave t\u00eb tjera i takojn\u00eb, do t\u00eb sillen edhe m\u00eb ndryshe.<br><br>Ka qen\u00eb an\u00ebtar n\u00eb SHKA \u201cShk\u00ebndija\u201d n\u00eb Hajvali, ku merrej me k\u00ebndim dhe luante me \u00e7ifteli. Edhe sot e kultivon k\u00ebt\u00eb p\u00ebvoj\u00eb me k\u00ebnaq\u00ebsi. \u00cbsht\u00eb edhe an\u00ebtar n\u00eb Shoq\u00ebrin\u00eb Kulturore \u201cShqiponjat e Medvegj\u00ebs\u201d, ku kan\u00eb performuar si n\u00eb vendlindje p\u00ebr \u201c1 Maj\u201d ashtu edhe n\u00eb televizion. P\u00ebrvoja e tij n\u00eb arsim n\u00eb cil\u00ebsin\u00eb e m\u00ebsimdh\u00ebn\u00ebsit daton q\u00eb nga vitet e &#8217;90. N\u00eb at\u00eb koh\u00eb Serbia s\u00eb bashku me Malin e Zi, me gjith\u00eb aparatin ushtarak, policor, paramilitar kishte mbyllur dyert e shkollave t\u00eb mesme vet\u00ebm p\u00ebr nx\u00ebn\u00ebsit shqiptar\u00eb n\u00eb Kosov\u00eb. K\u00ebtij denimi i mbijetuan vet\u00ebm pak shkolla fillore, n\u00eb t\u00eb cilat zhvillohej m\u00ebsimi edhe n\u00eb disa shkollave t\u00eb mesme, por q\u00eb pjesa d\u00ebrmuese e tyre e mbanin procesin m\u00ebsimorn\u00ebp\u00ebr sht\u00ebpi-shkolla.<br>Si i ri dhe i diplomuar n\u00eb Fakultetin Ekonomik, u pun\u00ebsua n\u00eb shkoll\u00ebn e mesme \u201cUlpiana\u201d n\u00eb Komun\u00ebn e Lipjanit n\u00eb vitin shkollor 1993\/94. Procesi m\u00ebsimor zhvillohej n\u00eb objektin e shkoll\u00ebs fillore \u201cEmin Duraku\u201d n\u00eb fshatin Banull\u00eb t\u00eb Lipjanit. Ishin vitet e para kur e p\u00ebrjetoi ndjen\u00ebn e k\u00ebnaq\u00ebsis\u00eb p\u00ebr t\u00eb shp\u00ebrndar\u00eb dije tek t\u00eb rinjt\u00eb tan\u00eb dhe nxitja p\u00ebr atdhedashuri. Punonin n\u00eb kushte jot \u00eb mira, me paga e pa paga dhe n\u00ebn k\u00ebrc\u00ebnimin permanent t\u00eb aparatit shtet\u00ebror t\u00eb serb\u00ebve dhe malazez\u00ebve. N\u00eb k\u00ebt\u00eb shkoll\u00eb punoi edhe n\u00eb vitin shkollor 1994\/95, por e nd\u00ebrpreu p\u00ebr shkaqe familjare.<br>Pas p\u00ebrfundimit t\u00eb luft\u00ebs, u angazhua me detyra t\u00eb Qeveris\u00eb s\u00eb P\u00ebrkohshme n\u00eb Bashk\u00ebsin\u00eb Lokale nr.5 n\u00eb Ulpian\u00eb t\u00eb Prishtin\u00ebs n\u00eb cil\u00ebsin\u00eb e referentit t\u00eb k\u00ebsaj bashk\u00ebsie deri n\u00eb tetor 2003. N\u00eb vitin 2003, n\u00eb tetor u kthye n\u00eb m\u00ebsimdh\u00ebnie n\u00eb shkoll\u00ebn e mesme \u201cHoxh\u00eb Kadri Prishtina\u201d n\u00eb Fush\u00eb Kosov\u00eb. M\u00ebsimi mbahej n\u00eb objektin e shkoll\u00ebs fillore \u201cMihajl Grameno\u201d n\u00eb Fush\u00eb Kosov\u00eb. Tani shkolla \u00ebsht\u00eb e intergruar edhe me drejtimin e gjimnazit dhe t\u00eb teknik\u00ebs dhe mban emrin \u201cHivzi Sulejmani\u201d.<br>N\u00eb vitin 2012 i p\u00ebrfundoi t\u00eb gjitha porvimet n\u00eb Shoqat\u00ebn e Kontabilist\u00ebve t\u00eb Certifikuar dhe Auditor\u00ebve t\u00eb Kosov\u00ebs dhe mori <br>titullin \u201cKontabilist i Certifikuar\u201d. N\u00eb po t\u00eb nj\u00ebjtin vit e p\u00ebrfundoi edhe Masterin n\u00eb Kolegjin Privat \u201cGlobus\u201d n\u00eb Prishtin\u00eb n\u00eb l\u00ebmin\u00eb e kontabilitetit. Ka botuar p\u00ebrmbledhjen e librit rreth njohurive dhe p\u00ebrvoj\u00ebs si m\u00ebsimdh\u00ebn\u00ebs dhe kontabilist i certifikuar nga Shoqata e Kontabilist\u00ebve t\u00eb Certifikuar dhe Auditor\u00ebve t\u00eb Kosov\u00ebs. Libri i cili tashm\u00eb \u00ebsht\u00eb n\u00eb duart e lexuesve, \u00ebsht\u00eb titulluar \u201cKontabiliteti p\u00ebr klas\u00ebn e dhjet\u00eb t\u00eb shkollave t\u00eb mesme profesionale\u201d. Libri \u00ebsht\u00eb nj\u00eb ndihmes\u00eb p\u00ebr l\u00ebnd\u00ebn e kontabilitetit p\u00ebr klas\u00ebt e 10-ta dhe disa nj\u00ebsi m\u00ebsimore do t\u00eb jen\u00eb ndihmes\u00eb si p\u00ebr m\u00ebsimdh\u00ebn\u00ebs ashtu edhe p\u00ebr nx\u00ebn\u00ebsit n\u00eb l\u00ebnd\u00ebn e praktik\u00ebs profesionale. Libri i ka dy recensent\u00eb, dr.Isa Tahirin, dhe dr. Shefket Jakupin, po ashtu edhe lektorin prof. Asllan Qyqall\u00ebn me t\u00eb cilin \u00ebsht\u00eb koleg n\u00eb t\u00eb nj\u00ebjt\u00ebn shkoll\u00eb.<br>Deri n\u00eb fillim t\u00eb vitit shkollor 2019\/20 do ta botoj\u00eb librin e dyt\u00eb p\u00ebr kontabilitet p\u00ebr klasat e 11-ta. Gjithashtu n\u00eb dor\u00ebshkrim e ka edhe materialin p\u00ebr kontabilitetitn e klasave t\u00eb 12-ta, i cili do t\u00eb konkretizohet m\u00eb von\u00eb.<\/p>\n\n\n\n<figure class=\"wp-block-image size-large\"><img fetchpriority=\"high\" decoding=\"async\" width=\"1024\" height=\"576\" src=\"https:\/\/medvegjasot.com\/wp-content\/uploads\/2024\/09\/IMG_5183-1024x576.jpeg\" alt=\"\" class=\"wp-image-2528\" srcset=\"https:\/\/medvegjasot.com\/wp-content\/uploads\/2024\/09\/IMG_5183-1024x576.jpeg 1024w, https:\/\/medvegjasot.com\/wp-content\/uploads\/2024\/09\/IMG_5183-300x169.jpeg 300w, https:\/\/medvegjasot.com\/wp-content\/uploads\/2024\/09\/IMG_5183-768x432.jpeg 768w, https:\/\/medvegjasot.com\/wp-content\/uploads\/2024\/09\/IMG_5183-1536x864.jpeg 1536w, https:\/\/medvegjasot.com\/wp-content\/uploads\/2024\/09\/IMG_5183.jpeg 2048w\" sizes=\"(max-width: 1024px) 100vw, 1024px\" \/><\/figure>\n\n\n\n<p><\/p>\n\n\n\n<p><\/p>\n\n\n\n<p><br>U mbajt mbledhja p\u00ebrkujtimore p\u00ebr t\u00eb ndjerin prof.. Shaban Abazi nga Medvegja<\/p>\n\n\n\n<p>Kolektivi i shkoll\u00ebs s\u00eb mesme ekonomike \u2018\u2019Haxhi Kadri Prishtina\u2019\u2019 n\u00eb Fush\u00eb Kosov\u00eb sot m\u00eb dat\u00eb 04.10.2023 mbajti mbledhjen p\u00ebrkujtimore me rastin e ndarjes nga jeta t\u00eb kolegut dhe mikut profesor Shaban Abazi nga Sfirca e Medvegj\u00ebs.<br>N\u00eb k\u00ebt\u00eb mbledhje ishin t\u00eb pranish\u00ebm m\u00ebsimdh\u00ebn\u00ebs, profesor dhe nx\u00ebn\u00ebs t\u00eb k\u00ebsaj shkolle. Mbledhja u kryesua nga profesor Hajredin Kabashi .<\/p>\n\n\n\n<figure class=\"wp-block-image size-large\"><img decoding=\"async\" width=\"1024\" height=\"551\" src=\"https:\/\/medvegjasot.com\/wp-content\/uploads\/2024\/09\/IMG_5185-1024x551.jpeg\" alt=\"\" class=\"wp-image-2529\" srcset=\"https:\/\/medvegjasot.com\/wp-content\/uploads\/2024\/09\/IMG_5185-1024x551.jpeg 1024w, https:\/\/medvegjasot.com\/wp-content\/uploads\/2024\/09\/IMG_5185-300x161.jpeg 300w, https:\/\/medvegjasot.com\/wp-content\/uploads\/2024\/09\/IMG_5185-768x413.jpeg 768w, https:\/\/medvegjasot.com\/wp-content\/uploads\/2024\/09\/IMG_5185.jpeg 1125w\" sizes=\"(max-width: 1024px) 100vw, 1024px\" \/><\/figure>\n\n\n\n\n\n<p><br>U fol rreth jet\u00ebs dhe vepr\u00ebs s\u00eb profesor Shaban Abazi nga fshati Sfirc\u00eb i Medvegj\u00ebs. Nj\u00eb kontribut i jasht\u00ebzakonsh\u00ebm n\u00eb edukimin dhe afirmimin e brezave n\u00eb shoq\u00ebrin\u00eb ton. Vepra e tij do mbetet shembull p\u00ebr gjeneratat e reja, u tha nd\u00ebr tjera nga t\u00eb pranishmit.<br>N\u00eb em\u00ebr t\u00eb kolektivit t\u00eb shkoll\u00ebs me fjal\u00eb rasti u prezantuan <\/p>\n\n\n\n<figure class=\"wp-block-image size-large\"><img decoding=\"async\" width=\"1024\" height=\"551\" src=\"https:\/\/medvegjasot.com\/wp-content\/uploads\/2024\/09\/IMG_5185-1-1024x551.jpeg\" alt=\"\" class=\"wp-image-2530\" srcset=\"https:\/\/medvegjasot.com\/wp-content\/uploads\/2024\/09\/IMG_5185-1-1024x551.jpeg 1024w, https:\/\/medvegjasot.com\/wp-content\/uploads\/2024\/09\/IMG_5185-1-300x161.jpeg 300w, https:\/\/medvegjasot.com\/wp-content\/uploads\/2024\/09\/IMG_5185-1-768x413.jpeg 768w, https:\/\/medvegjasot.com\/wp-content\/uploads\/2024\/09\/IMG_5185-1.jpeg 1125w\" sizes=\"(max-width: 1024px) 100vw, 1024px\" \/><\/figure>\n\n\n\n<figure class=\"wp-block-image size-large\"><img loading=\"lazy\" decoding=\"async\" width=\"1024\" height=\"560\" src=\"https:\/\/medvegjasot.com\/wp-content\/uploads\/2024\/09\/IMG_5186-1024x560.jpeg\" alt=\"\" class=\"wp-image-2531\" srcset=\"https:\/\/medvegjasot.com\/wp-content\/uploads\/2024\/09\/IMG_5186-1024x560.jpeg 1024w, https:\/\/medvegjasot.com\/wp-content\/uploads\/2024\/09\/IMG_5186-300x164.jpeg 300w, https:\/\/medvegjasot.com\/wp-content\/uploads\/2024\/09\/IMG_5186-768x420.jpeg 768w, https:\/\/medvegjasot.com\/wp-content\/uploads\/2024\/09\/IMG_5186.jpeg 1125w\" sizes=\"(max-width: 1024px) 100vw, 1024px\" \/><\/figure>\n\n\n\n<p>prof. Asllan Qyqalla, Ukshin Uka, z\u00ebvend\u00ebs drejtor i shkoll\u00ebs s\u00eb mesme ekonomike \u2018\u2019Haxhi Kadri Prishtina\u2019\u2019 n\u00eb Fush\u00eb Kosov\u00eb, Sadri Emini, z\u00ebvend\u00ebs drejtor n\u00eb SHMU \u2018\u2019Mihail Grameno\u2019\u2019 aneksi 1, Fush\u00eb Kosov\u00eb, Amir Pllana , drejtor i SHM \u2018\u2019Hivzi Sulejmani\u2019\u2019 Fush\u00eb Kosov\u00eb.<br>Nx\u00ebn\u00ebsit Mbresa Simnica dhe Vesa Mala evokuan kujtimet e tyre me profesorin tashm\u00eb t\u00eb ndjer Shaban Abazi.<\/p>\n\n\n\n<p>I pa harruar mbetet kujtimi p\u00ebr t\u00eb!. <\/p>\n\n\n\n<p><\/p>\n\n\n\n<p><\/p>\n\n\n\n<p class=\"coblocks-animate\" data-coblocks-animation=\"slideInLeft\"><strong>BIOGRAFA E PROFESORIT SHABAN ABAZI BOTUR N\u00cb LIBRIN E AUTORIT RRAHMAN HYSENI \u201c SHQIPTAR\u00cbT E MEDVEGJ\u00cbS N\u00cbP\u00cbR SHEKUJ\u201d&nbsp;<\/strong><\/p>\n\n\n\n<p><\/p>\n\n\n\n<p><br><br><\/p>\n\n\n\n<p><br><\/p>\n\n\n\n<p><\/p>\n","protected":false},"excerpt":{"rendered":"<p>Shaban Abazi lindi n\u00eb Sfirc\u00eb m\u00eb 10 janar 1967. Shkoll\u00ebn fillore kat\u00ebr vite i p\u00ebrfundoi n\u00eb shkoll\u00ebn fillore \u201cZenel Hajdini\u201d me paralele t\u00eb ndar\u00eb n\u00eb Sfirc\u00eb. P\u00ebr n\u00eb shkoll\u00eb udh\u00ebtonin me k\u00ebmb\u00eb af\u00ebrsisht 5-6 km. Ishin kat\u00ebr klasa, pra prej klas\u00ebs s\u00eb par\u00eb e deri n\u00eb klas\u00ebn e kat\u00ebrt. Numri i nx\u00ebn\u00ebsve n\u00eb klas\u00eb ishte&#8230;<\/p>\n","protected":false},"author":2,"featured_media":2474,"comment_status":"open","ping_status":"open","sticky":false,"template":"","format":"standard","meta":{"_coblocks_attr":"","_coblocks_dimensions":"","_coblocks_responsive_height":"","_coblocks_accordion_ie_support":"","_monsterinsights_skip_tracking":false,"_monsterinsights_sitenote_active":false,"_monsterinsights_sitenote_note":"","_monsterinsights_sitenote_category":0,"footnotes":""},"categories":[3],"tags":[],"class_list":["post-2473","post","type-post","status-publish","format-standard","has-post-thumbnail","hentry","category-kronika"],"yoast_head":"<!-- This site is optimized with the Yoast SEO plugin v27.5 - https:\/\/yoast.com\/product\/yoast-seo-wordpress\/ -->\n<title>P\u00cbRKUJTOJM\u00cb PROFESORIN SHABAN ABAZI - Medvegja Sot<\/title>\n<meta name=\"robots\" content=\"index, follow, max-snippet:-1, max-image-preview:large, max-video-preview:-1\" \/>\n<link rel=\"canonical\" href=\"https:\/\/medvegjasot.com\/?p=2473\" \/>\n<meta property=\"og:locale\" content=\"en_US\" \/>\n<meta property=\"og:type\" content=\"article\" \/>\n<meta property=\"og:title\" content=\"P\u00cbRKUJTOJM\u00cb PROFESORIN SHABAN ABAZI - Medvegja Sot\" \/>\n<meta property=\"og:description\" content=\"Shaban Abazi lindi n\u00eb Sfirc\u00eb m\u00eb 10 janar 1967. Shkoll\u00ebn fillore kat\u00ebr vite i p\u00ebrfundoi n\u00eb shkoll\u00ebn fillore \u201cZenel Hajdini\u201d me paralele t\u00eb ndar\u00eb n\u00eb Sfirc\u00eb. P\u00ebr n\u00eb shkoll\u00eb udh\u00ebtonin me k\u00ebmb\u00eb af\u00ebrsisht 5-6 km. Ishin kat\u00ebr klasa, pra prej klas\u00ebs s\u00eb par\u00eb e deri n\u00eb klas\u00ebn e kat\u00ebrt. Numri i nx\u00ebn\u00ebsve n\u00eb klas\u00eb ishte...\" \/>\n<meta property=\"og:url\" content=\"https:\/\/medvegjasot.com\/?p=2473\" \/>\n<meta property=\"og:site_name\" content=\"Medvegja Sot\" \/>\n<meta property=\"article:publisher\" content=\"https:\/\/www.facebook.com\/MedvegjaSot.com1\" \/>\n<meta property=\"article:published_time\" content=\"2024-09-03T19:11:11+00:00\" \/>\n<meta property=\"article:modified_time\" content=\"2024-09-05T08:07:17+00:00\" \/>\n<meta property=\"og:image\" content=\"https:\/\/medvegjasot.com\/wp-content\/uploads\/2024\/09\/IMG_5152-scaled.jpeg\" \/>\n\t<meta property=\"og:image:width\" content=\"2560\" \/>\n\t<meta property=\"og:image:height\" content=\"1440\" \/>\n\t<meta property=\"og:image:type\" content=\"image\/jpeg\" \/>\n<meta name=\"author\" content=\"admin\" \/>\n<meta name=\"twitter:card\" content=\"summary_large_image\" \/>\n<meta name=\"twitter:label1\" content=\"Written by\" \/>\n\t<meta name=\"twitter:data1\" content=\"admin\" \/>\n\t<meta name=\"twitter:label2\" content=\"Est. reading time\" \/>\n\t<meta name=\"twitter:data2\" content=\"6 minutes\" \/>\n<script type=\"application\/ld+json\" class=\"yoast-schema-graph\">{\"@context\":\"https:\\\/\\\/schema.org\",\"@graph\":[{\"@type\":\"Article\",\"@id\":\"https:\\\/\\\/medvegjasot.com\\\/?p=2473#article\",\"isPartOf\":{\"@id\":\"https:\\\/\\\/medvegjasot.com\\\/?p=2473\"},\"author\":{\"name\":\"admin\",\"@id\":\"https:\\\/\\\/medvegjasot.com\\\/#\\\/schema\\\/person\\\/f2be1a84f4e95d0cb032946a1cf2e594\"},\"headline\":\"P\u00cbRKUJTOJM\u00cb PROFESORIN SHABAN ABAZI\",\"datePublished\":\"2024-09-03T19:11:11+00:00\",\"dateModified\":\"2024-09-05T08:07:17+00:00\",\"mainEntityOfPage\":{\"@id\":\"https:\\\/\\\/medvegjasot.com\\\/?p=2473\"},\"wordCount\":1157,\"commentCount\":0,\"publisher\":{\"@id\":\"https:\\\/\\\/medvegjasot.com\\\/#organization\"},\"image\":{\"@id\":\"https:\\\/\\\/medvegjasot.com\\\/?p=2473#primaryimage\"},\"thumbnailUrl\":\"https:\\\/\\\/medvegjasot.com\\\/wp-content\\\/uploads\\\/2024\\\/09\\\/IMG_5152-scaled.jpeg\",\"articleSection\":[\"KRONIKA\"],\"inLanguage\":\"en-US\",\"potentialAction\":[{\"@type\":\"CommentAction\",\"name\":\"Comment\",\"target\":[\"https:\\\/\\\/medvegjasot.com\\\/?p=2473#respond\"]}]},{\"@type\":\"WebPage\",\"@id\":\"https:\\\/\\\/medvegjasot.com\\\/?p=2473\",\"url\":\"https:\\\/\\\/medvegjasot.com\\\/?p=2473\",\"name\":\"P\u00cbRKUJTOJM\u00cb PROFESORIN SHABAN ABAZI - Medvegja Sot\",\"isPartOf\":{\"@id\":\"https:\\\/\\\/medvegjasot.com\\\/#website\"},\"primaryImageOfPage\":{\"@id\":\"https:\\\/\\\/medvegjasot.com\\\/?p=2473#primaryimage\"},\"image\":{\"@id\":\"https:\\\/\\\/medvegjasot.com\\\/?p=2473#primaryimage\"},\"thumbnailUrl\":\"https:\\\/\\\/medvegjasot.com\\\/wp-content\\\/uploads\\\/2024\\\/09\\\/IMG_5152-scaled.jpeg\",\"datePublished\":\"2024-09-03T19:11:11+00:00\",\"dateModified\":\"2024-09-05T08:07:17+00:00\",\"breadcrumb\":{\"@id\":\"https:\\\/\\\/medvegjasot.com\\\/?p=2473#breadcrumb\"},\"inLanguage\":\"en-US\",\"potentialAction\":[{\"@type\":\"ReadAction\",\"target\":[\"https:\\\/\\\/medvegjasot.com\\\/?p=2473\"]}]},{\"@type\":\"ImageObject\",\"inLanguage\":\"en-US\",\"@id\":\"https:\\\/\\\/medvegjasot.com\\\/?p=2473#primaryimage\",\"url\":\"https:\\\/\\\/medvegjasot.com\\\/wp-content\\\/uploads\\\/2024\\\/09\\\/IMG_5152-scaled.jpeg\",\"contentUrl\":\"https:\\\/\\\/medvegjasot.com\\\/wp-content\\\/uploads\\\/2024\\\/09\\\/IMG_5152-scaled.jpeg\",\"width\":2560,\"height\":1440},{\"@type\":\"BreadcrumbList\",\"@id\":\"https:\\\/\\\/medvegjasot.com\\\/?p=2473#breadcrumb\",\"itemListElement\":[{\"@type\":\"ListItem\",\"position\":1,\"name\":\"Home\",\"item\":\"https:\\\/\\\/medvegjasot.com\\\/\"},{\"@type\":\"ListItem\",\"position\":2,\"name\":\"P\u00cbRKUJTOJM\u00cb PROFESORIN SHABAN ABAZI\"}]},{\"@type\":\"WebSite\",\"@id\":\"https:\\\/\\\/medvegjasot.com\\\/#website\",\"url\":\"https:\\\/\\\/medvegjasot.com\\\/\",\"name\":\"Medvegja Sot\",\"description\":\"Portal Lajmesh\",\"publisher\":{\"@id\":\"https:\\\/\\\/medvegjasot.com\\\/#organization\"},\"alternateName\":\"MS\",\"potentialAction\":[{\"@type\":\"SearchAction\",\"target\":{\"@type\":\"EntryPoint\",\"urlTemplate\":\"https:\\\/\\\/medvegjasot.com\\\/?s={search_term_string}\"},\"query-input\":{\"@type\":\"PropertyValueSpecification\",\"valueRequired\":true,\"valueName\":\"search_term_string\"}}],\"inLanguage\":\"en-US\"},{\"@type\":\"Organization\",\"@id\":\"https:\\\/\\\/medvegjasot.com\\\/#organization\",\"name\":\"Medvegja Sot\",\"alternateName\":\"MS\",\"url\":\"https:\\\/\\\/medvegjasot.com\\\/\",\"logo\":{\"@type\":\"ImageObject\",\"inLanguage\":\"en-US\",\"@id\":\"https:\\\/\\\/medvegjasot.com\\\/#\\\/schema\\\/logo\\\/image\\\/\",\"url\":\"https:\\\/\\\/medvegjasot.com\\\/wp-content\\\/uploads\\\/2024\\\/08\\\/logo.png\",\"contentUrl\":\"https:\\\/\\\/medvegjasot.com\\\/wp-content\\\/uploads\\\/2024\\\/08\\\/logo.png\",\"width\":500,\"height\":500,\"caption\":\"Medvegja Sot\"},\"image\":{\"@id\":\"https:\\\/\\\/medvegjasot.com\\\/#\\\/schema\\\/logo\\\/image\\\/\"},\"sameAs\":[\"https:\\\/\\\/www.facebook.com\\\/MedvegjaSot.com1\"]},{\"@type\":\"Person\",\"@id\":\"https:\\\/\\\/medvegjasot.com\\\/#\\\/schema\\\/person\\\/f2be1a84f4e95d0cb032946a1cf2e594\",\"name\":\"admin\",\"image\":{\"@type\":\"ImageObject\",\"inLanguage\":\"en-US\",\"@id\":\"https:\\\/\\\/secure.gravatar.com\\\/avatar\\\/2eedc5259426225ddc6f98b4b6728c30418b83e6f70285719780d3518d972ece?s=96&d=mm&r=g\",\"url\":\"https:\\\/\\\/secure.gravatar.com\\\/avatar\\\/2eedc5259426225ddc6f98b4b6728c30418b83e6f70285719780d3518d972ece?s=96&d=mm&r=g\",\"contentUrl\":\"https:\\\/\\\/secure.gravatar.com\\\/avatar\\\/2eedc5259426225ddc6f98b4b6728c30418b83e6f70285719780d3518d972ece?s=96&d=mm&r=g\",\"caption\":\"admin\"},\"url\":\"https:\\\/\\\/medvegjasot.com\\\/?author=2\"}]}<\/script>\n<!-- \/ Yoast SEO plugin. -->","yoast_head_json":{"title":"P\u00cbRKUJTOJM\u00cb PROFESORIN SHABAN ABAZI - Medvegja Sot","robots":{"index":"index","follow":"follow","max-snippet":"max-snippet:-1","max-image-preview":"max-image-preview:large","max-video-preview":"max-video-preview:-1"},"canonical":"https:\/\/medvegjasot.com\/?p=2473","og_locale":"en_US","og_type":"article","og_title":"P\u00cbRKUJTOJM\u00cb PROFESORIN SHABAN ABAZI - Medvegja Sot","og_description":"Shaban Abazi lindi n\u00eb Sfirc\u00eb m\u00eb 10 janar 1967. Shkoll\u00ebn fillore kat\u00ebr vite i p\u00ebrfundoi n\u00eb shkoll\u00ebn fillore \u201cZenel Hajdini\u201d me paralele t\u00eb ndar\u00eb n\u00eb Sfirc\u00eb. P\u00ebr n\u00eb shkoll\u00eb udh\u00ebtonin me k\u00ebmb\u00eb af\u00ebrsisht 5-6 km. Ishin kat\u00ebr klasa, pra prej klas\u00ebs s\u00eb par\u00eb e deri n\u00eb klas\u00ebn e kat\u00ebrt. Numri i nx\u00ebn\u00ebsve n\u00eb klas\u00eb ishte...","og_url":"https:\/\/medvegjasot.com\/?p=2473","og_site_name":"Medvegja Sot","article_publisher":"https:\/\/www.facebook.com\/MedvegjaSot.com1","article_published_time":"2024-09-03T19:11:11+00:00","article_modified_time":"2024-09-05T08:07:17+00:00","og_image":[{"width":2560,"height":1440,"url":"https:\/\/medvegjasot.com\/wp-content\/uploads\/2024\/09\/IMG_5152-scaled.jpeg","type":"image\/jpeg"}],"author":"admin","twitter_card":"summary_large_image","twitter_misc":{"Written by":"admin","Est. reading time":"6 minutes"},"schema":{"@context":"https:\/\/schema.org","@graph":[{"@type":"Article","@id":"https:\/\/medvegjasot.com\/?p=2473#article","isPartOf":{"@id":"https:\/\/medvegjasot.com\/?p=2473"},"author":{"name":"admin","@id":"https:\/\/medvegjasot.com\/#\/schema\/person\/f2be1a84f4e95d0cb032946a1cf2e594"},"headline":"P\u00cbRKUJTOJM\u00cb PROFESORIN SHABAN ABAZI","datePublished":"2024-09-03T19:11:11+00:00","dateModified":"2024-09-05T08:07:17+00:00","mainEntityOfPage":{"@id":"https:\/\/medvegjasot.com\/?p=2473"},"wordCount":1157,"commentCount":0,"publisher":{"@id":"https:\/\/medvegjasot.com\/#organization"},"image":{"@id":"https:\/\/medvegjasot.com\/?p=2473#primaryimage"},"thumbnailUrl":"https:\/\/medvegjasot.com\/wp-content\/uploads\/2024\/09\/IMG_5152-scaled.jpeg","articleSection":["KRONIKA"],"inLanguage":"en-US","potentialAction":[{"@type":"CommentAction","name":"Comment","target":["https:\/\/medvegjasot.com\/?p=2473#respond"]}]},{"@type":"WebPage","@id":"https:\/\/medvegjasot.com\/?p=2473","url":"https:\/\/medvegjasot.com\/?p=2473","name":"P\u00cbRKUJTOJM\u00cb PROFESORIN SHABAN ABAZI - Medvegja Sot","isPartOf":{"@id":"https:\/\/medvegjasot.com\/#website"},"primaryImageOfPage":{"@id":"https:\/\/medvegjasot.com\/?p=2473#primaryimage"},"image":{"@id":"https:\/\/medvegjasot.com\/?p=2473#primaryimage"},"thumbnailUrl":"https:\/\/medvegjasot.com\/wp-content\/uploads\/2024\/09\/IMG_5152-scaled.jpeg","datePublished":"2024-09-03T19:11:11+00:00","dateModified":"2024-09-05T08:07:17+00:00","breadcrumb":{"@id":"https:\/\/medvegjasot.com\/?p=2473#breadcrumb"},"inLanguage":"en-US","potentialAction":[{"@type":"ReadAction","target":["https:\/\/medvegjasot.com\/?p=2473"]}]},{"@type":"ImageObject","inLanguage":"en-US","@id":"https:\/\/medvegjasot.com\/?p=2473#primaryimage","url":"https:\/\/medvegjasot.com\/wp-content\/uploads\/2024\/09\/IMG_5152-scaled.jpeg","contentUrl":"https:\/\/medvegjasot.com\/wp-content\/uploads\/2024\/09\/IMG_5152-scaled.jpeg","width":2560,"height":1440},{"@type":"BreadcrumbList","@id":"https:\/\/medvegjasot.com\/?p=2473#breadcrumb","itemListElement":[{"@type":"ListItem","position":1,"name":"Home","item":"https:\/\/medvegjasot.com\/"},{"@type":"ListItem","position":2,"name":"P\u00cbRKUJTOJM\u00cb PROFESORIN SHABAN ABAZI"}]},{"@type":"WebSite","@id":"https:\/\/medvegjasot.com\/#website","url":"https:\/\/medvegjasot.com\/","name":"Medvegja Sot","description":"Portal Lajmesh","publisher":{"@id":"https:\/\/medvegjasot.com\/#organization"},"alternateName":"MS","potentialAction":[{"@type":"SearchAction","target":{"@type":"EntryPoint","urlTemplate":"https:\/\/medvegjasot.com\/?s={search_term_string}"},"query-input":{"@type":"PropertyValueSpecification","valueRequired":true,"valueName":"search_term_string"}}],"inLanguage":"en-US"},{"@type":"Organization","@id":"https:\/\/medvegjasot.com\/#organization","name":"Medvegja Sot","alternateName":"MS","url":"https:\/\/medvegjasot.com\/","logo":{"@type":"ImageObject","inLanguage":"en-US","@id":"https:\/\/medvegjasot.com\/#\/schema\/logo\/image\/","url":"https:\/\/medvegjasot.com\/wp-content\/uploads\/2024\/08\/logo.png","contentUrl":"https:\/\/medvegjasot.com\/wp-content\/uploads\/2024\/08\/logo.png","width":500,"height":500,"caption":"Medvegja Sot"},"image":{"@id":"https:\/\/medvegjasot.com\/#\/schema\/logo\/image\/"},"sameAs":["https:\/\/www.facebook.com\/MedvegjaSot.com1"]},{"@type":"Person","@id":"https:\/\/medvegjasot.com\/#\/schema\/person\/f2be1a84f4e95d0cb032946a1cf2e594","name":"admin","image":{"@type":"ImageObject","inLanguage":"en-US","@id":"https:\/\/secure.gravatar.com\/avatar\/2eedc5259426225ddc6f98b4b6728c30418b83e6f70285719780d3518d972ece?s=96&d=mm&r=g","url":"https:\/\/secure.gravatar.com\/avatar\/2eedc5259426225ddc6f98b4b6728c30418b83e6f70285719780d3518d972ece?s=96&d=mm&r=g","contentUrl":"https:\/\/secure.gravatar.com\/avatar\/2eedc5259426225ddc6f98b4b6728c30418b83e6f70285719780d3518d972ece?s=96&d=mm&r=g","caption":"admin"},"url":"https:\/\/medvegjasot.com\/?author=2"}]}},"jetpack_featured_media_url":"https:\/\/medvegjasot.com\/wp-content\/uploads\/2024\/09\/IMG_5152-scaled.jpeg","_links":{"self":[{"href":"https:\/\/medvegjasot.com\/index.php?rest_route=\/wp\/v2\/posts\/2473","targetHints":{"allow":["GET"]}}],"collection":[{"href":"https:\/\/medvegjasot.com\/index.php?rest_route=\/wp\/v2\/posts"}],"about":[{"href":"https:\/\/medvegjasot.com\/index.php?rest_route=\/wp\/v2\/types\/post"}],"author":[{"embeddable":true,"href":"https:\/\/medvegjasot.com\/index.php?rest_route=\/wp\/v2\/users\/2"}],"replies":[{"embeddable":true,"href":"https:\/\/medvegjasot.com\/index.php?rest_route=%2Fwp%2Fv2%2Fcomments&post=2473"}],"version-history":[{"count":8,"href":"https:\/\/medvegjasot.com\/index.php?rest_route=\/wp\/v2\/posts\/2473\/revisions"}],"predecessor-version":[{"id":2535,"href":"https:\/\/medvegjasot.com\/index.php?rest_route=\/wp\/v2\/posts\/2473\/revisions\/2535"}],"wp:featuredmedia":[{"embeddable":true,"href":"https:\/\/medvegjasot.com\/index.php?rest_route=\/wp\/v2\/media\/2474"}],"wp:attachment":[{"href":"https:\/\/medvegjasot.com\/index.php?rest_route=%2Fwp%2Fv2%2Fmedia&parent=2473"}],"wp:term":[{"taxonomy":"category","embeddable":true,"href":"https:\/\/medvegjasot.com\/index.php?rest_route=%2Fwp%2Fv2%2Fcategories&post=2473"},{"taxonomy":"post_tag","embeddable":true,"href":"https:\/\/medvegjasot.com\/index.php?rest_route=%2Fwp%2Fv2%2Ftags&post=2473"}],"curies":[{"name":"wp","href":"https:\/\/api.w.org\/{rel}","templated":true}]}}