{"id":2449,"date":"2024-09-03T14:42:55","date_gmt":"2024-09-03T14:42:55","guid":{"rendered":"https:\/\/medvegjasot.com\/?p=2449"},"modified":"2025-09-12T16:45:50","modified_gmt":"2025-09-12T16:45:50","slug":"namon-aliu-drejtor-i-shkolles-fillore-zenel-hajdini-ne-tupalle-1969-77","status":"publish","type":"post","link":"https:\/\/medvegjasot.com\/?p=2449","title":{"rendered":"NAMON ALIU \u2013 DREJTUESI DHE M\u00cbSUESI I P\u00cbRKUSHTUAR I SHKOLL\u00cbS \u201cZENEL HAJDINI\u201d N\u00cb TUPALL\u00cb\u00a0"},"content":{"rendered":"\n<p>Namon Aliu lindi m\u00eb 10 mars 1942 n\u00eb fshatin Kapit, komuna e Medvegj\u00ebs. Shkoll\u00ebn fillore e kreu n\u00eb Medvegj\u00eb, nd\u00ebrsa studimet i vazhdoi n\u00eb Shkoll\u00ebn Normale t\u00eb Prishtin\u00ebs, p\u00ebr t\u00eb p\u00ebrfunduar m\u00eb pas Akademin\u00eb Pedagogjike n\u00eb Vranj\u00eb. Q\u00eb n\u00eb fillim t\u00eb rrug\u00ebtimit t\u00eb tij profesional, ai u dallua p\u00ebr p\u00ebrkushtim, disiplin\u00eb dhe dashuri t\u00eb pakusht\u00ebzuar p\u00ebr arsimin dhe nx\u00ebn\u00ebsit.<\/p>\n\n\n\n<p>M\u00ebsimdh\u00ebnien e nisi n\u00eb vitin 1964 n\u00eb shkoll\u00ebn fillore t\u00eb fshatit t\u00eb tij t\u00eb lindjes, Kapit. Vitin pasues, 1965, ai vazhdoi n\u00eb t\u00eb nj\u00ebjt\u00ebn shkoll\u00eb, nd\u00ebrsa n\u00eb vitin 1966 u em\u00ebrua m\u00ebsues n\u00eb Banj\u00eb t\u00eb Siarin\u00ebs. Nga viti 1966 deri m\u00eb 1969 dha m\u00ebsim n\u00eb shkoll\u00ebn e Tupall\u00ebs, ku la gjurm\u00eb t\u00eb pashlyeshme n\u00eb cil\u00ebsin\u00eb e m\u00ebsimdh\u00ebnies dhe n\u00eb frym\u00ebzimin e brezave t\u00eb rinj.<\/p>\n\n\n\n<figure class=\"wp-block-image size-large\"><img fetchpriority=\"high\" decoding=\"async\" width=\"1024\" height=\"576\" src=\"https:\/\/medvegjasot.com\/wp-content\/uploads\/2024\/09\/IMG_5019-1024x576.jpeg\" alt=\"\" class=\"wp-image-2452\" srcset=\"https:\/\/medvegjasot.com\/wp-content\/uploads\/2024\/09\/IMG_5019-1024x576.jpeg 1024w, https:\/\/medvegjasot.com\/wp-content\/uploads\/2024\/09\/IMG_5019-300x169.jpeg 300w, https:\/\/medvegjasot.com\/wp-content\/uploads\/2024\/09\/IMG_5019-768x432.jpeg 768w, https:\/\/medvegjasot.com\/wp-content\/uploads\/2024\/09\/IMG_5019.jpeg 1280w\" sizes=\"(max-width: 1024px) 100vw, 1024px\" \/><\/figure>\n\n\n\n<p><\/p>\n\n\n\n<p>N\u00eb vitin 1969, Namon Aliu mori drejtimin e shkoll\u00ebs fillore \u201cZenel Hajdini\u201d n\u00eb Tupall\u00eb, detyr\u00eb q\u00eb e mbajti deri n\u00eb vitin 1977. K\u00ebto tet\u00eb vite kujtohen si nj\u00eb periudh\u00eb e art\u00eb p\u00ebr arsimin n\u00eb komun\u00ebn e Medvegj\u00ebs. N\u00ebn drejtimin e tij, shkolla arriti kulmin e zhvillimit, duke num\u00ebruar plot 270 nx\u00ebn\u00ebs \u2014 shif\u00ebr rekord p\u00ebr at\u00eb koh\u00eb dhe p\u00ebr at\u00eb trev\u00eb.<\/p>\n\n\n\n<figure class=\"wp-block-gallery has-nested-images columns-default is-cropped wp-block-gallery-1 is-layout-flex wp-block-gallery-is-layout-flex\">\n<figure class=\"wp-block-image size-large\"><img decoding=\"async\" width=\"746\" height=\"1024\" data-id=\"5421\" src=\"https:\/\/medvegjasot.com\/wp-content\/uploads\/2024\/09\/a2ca2455814656af4370e8444ce8c9e0-746x1024.jpeg\" alt=\"\" class=\"wp-image-5421\" srcset=\"https:\/\/medvegjasot.com\/wp-content\/uploads\/2024\/09\/a2ca2455814656af4370e8444ce8c9e0-746x1024.jpeg 746w, https:\/\/medvegjasot.com\/wp-content\/uploads\/2024\/09\/a2ca2455814656af4370e8444ce8c9e0-218x300.jpeg 218w, https:\/\/medvegjasot.com\/wp-content\/uploads\/2024\/09\/a2ca2455814656af4370e8444ce8c9e0-768x1055.jpeg 768w, https:\/\/medvegjasot.com\/wp-content\/uploads\/2024\/09\/a2ca2455814656af4370e8444ce8c9e0-1118x1536.jpeg 1118w, https:\/\/medvegjasot.com\/wp-content\/uploads\/2024\/09\/a2ca2455814656af4370e8444ce8c9e0.jpeg 1125w\" sizes=\"(max-width: 746px) 100vw, 746px\" \/><\/figure>\n<\/figure>\n\n\n\n<p><\/p>\n\n\n\n<p>Periudha 1969\u20131977 sh\u00ebnoi jo vet\u00ebm rritjen e numrit t\u00eb nx\u00ebn\u00ebsve, por edhe forcimin e identitetit komb\u00ebtar shqiptar n\u00eb k\u00ebt\u00eb zon\u00eb. N\u00eb at\u00eb koh\u00eb, regjistrimi i nx\u00ebn\u00ebsve b\u00ebhej pa prapashtes\u00ebn artificiale \u201cvi\u00e7\u201d q\u00eb pushteti serb u p\u00ebrpiq t\u00eb shtonte mbiemrave shqiptar\u00eb p\u00ebr t\u2019i asimiluar. Ishte pik\u00ebrisht kjo periudh\u00eb q\u00eb forcoi ndjenj\u00ebn e p\u00ebrkat\u00ebsis\u00eb komb\u00ebtare dhe ruajtjen e tradit\u00ebs arsimore shqiptare n\u00eb Medvegj\u00eb.<br><\/p>\n\n\n\n<figure class=\"wp-block-image size-large\"><img decoding=\"async\" width=\"822\" height=\"1024\" src=\"https:\/\/medvegjasot.com\/wp-content\/uploads\/2024\/09\/IMG_5023-822x1024.jpeg\" alt=\"\" class=\"wp-image-2454\" srcset=\"https:\/\/medvegjasot.com\/wp-content\/uploads\/2024\/09\/IMG_5023-822x1024.jpeg 822w, https:\/\/medvegjasot.com\/wp-content\/uploads\/2024\/09\/IMG_5023-241x300.jpeg 241w, https:\/\/medvegjasot.com\/wp-content\/uploads\/2024\/09\/IMG_5023-768x957.jpeg 768w, https:\/\/medvegjasot.com\/wp-content\/uploads\/2024\/09\/IMG_5023-1233x1536.jpeg 1233w, https:\/\/medvegjasot.com\/wp-content\/uploads\/2024\/09\/IMG_5023-1644x2048.jpeg 1644w\" sizes=\"(max-width: 822px) 100vw, 822px\" \/><\/figure>\n\n\n\n<p>Pas vitit 1977, Namon Aliu u shp\u00ebrngul n\u00eb Kosov\u00eb, duke vijuar misionin e tij arsimor n\u00eb kushte dhe rrethana t\u00eb tjera, por gjithmon\u00eb me t\u00eb nj\u00ebjtin ideal: edukimin e brezave t\u00eb rinj dhe mbrojtjen e gjuh\u00ebs e kultur\u00ebs shqiptare.<\/p>\n\n\n\n<p>Kontributi i tij, si m\u00ebsues dhe si drejtor, mbetet nj\u00eb pjes\u00eb e \u00e7muar e historis\u00eb s\u00eb arsimit n\u00eb Medvegj\u00eb dhe nj\u00eb shembull frym\u00ebzues p\u00ebr gjeneratat e ardhshme.<\/p>\n\n\n\n<p><strong>Punim i shkruar nga shkrimtari i shum\u00eb veprave t\u00eb botuara, opinionist dhe autor i dy katalog\u00ebve mbi veshjen tradicionale t\u00eb Medvegj\u00ebs, \u00ebsht\u00eb edhe autor i librave \u201cShqiptar\u00ebt e Medvegj\u00ebs n\u00ebp\u00ebr shekuj\u201d \u2013 v\u00ebllimi 1 dhe 2, Rrahman Hyseni<\/strong><\/p>\n\n\n\n<p class=\"coblocks-animate\" data-coblocks-animation=\"slideInRight\"><\/p>\n\n\n\n<p><\/p>\n","protected":false},"excerpt":{"rendered":"<p>Namon Aliu lindi m\u00eb 10 mars 1942 n\u00eb fshatin Kapit, komuna e Medvegj\u00ebs. Shkoll\u00ebn fillore e kreu n\u00eb Medvegj\u00eb, nd\u00ebrsa studimet i vazhdoi n\u00eb Shkoll\u00ebn Normale t\u00eb Prishtin\u00ebs, p\u00ebr t\u00eb p\u00ebrfunduar m\u00eb pas Akademin\u00eb Pedagogjike n\u00eb Vranj\u00eb. Q\u00eb n\u00eb fillim t\u00eb rrug\u00ebtimit t\u00eb tij profesional, ai u dallua p\u00ebr p\u00ebrkushtim, disiplin\u00eb dhe dashuri t\u00eb pakusht\u00ebzuar&#8230;<\/p>\n","protected":false},"author":2,"featured_media":2450,"comment_status":"open","ping_status":"open","sticky":false,"template":"","format":"standard","meta":{"_coblocks_attr":"","_coblocks_dimensions":"","_coblocks_responsive_height":"","_coblocks_accordion_ie_support":"","_monsterinsights_skip_tracking":false,"_monsterinsights_sitenote_active":false,"_monsterinsights_sitenote_note":"","_monsterinsights_sitenote_category":0,"footnotes":""},"categories":[3,18],"tags":[],"class_list":["post-2449","post","type-post","status-publish","format-standard","has-post-thumbnail","hentry","category-kronika","category-kulture"],"yoast_head":"<!-- This site is optimized with the Yoast SEO plugin v27.5 - https:\/\/yoast.com\/product\/yoast-seo-wordpress\/ -->\n<title>NAMON ALIU \u2013 DREJTUESI DHE M\u00cbSUESI I P\u00cbRKUSHTUAR I SHKOLL\u00cbS \u201cZENEL HAJDINI\u201d N\u00cb TUPALL\u00cb\u00a0 - Medvegja Sot<\/title>\n<meta name=\"robots\" content=\"index, follow, max-snippet:-1, max-image-preview:large, max-video-preview:-1\" \/>\n<link rel=\"canonical\" href=\"https:\/\/medvegjasot.com\/?p=2449\" \/>\n<meta property=\"og:locale\" content=\"en_US\" \/>\n<meta property=\"og:type\" content=\"article\" \/>\n<meta property=\"og:title\" content=\"NAMON ALIU \u2013 DREJTUESI DHE M\u00cbSUESI I P\u00cbRKUSHTUAR I SHKOLL\u00cbS \u201cZENEL HAJDINI\u201d N\u00cb TUPALL\u00cb\u00a0 - Medvegja Sot\" \/>\n<meta property=\"og:description\" content=\"Namon Aliu lindi m\u00eb 10 mars 1942 n\u00eb fshatin Kapit, komuna e Medvegj\u00ebs. Shkoll\u00ebn fillore e kreu n\u00eb Medvegj\u00eb, nd\u00ebrsa studimet i vazhdoi n\u00eb Shkoll\u00ebn Normale t\u00eb Prishtin\u00ebs, p\u00ebr t\u00eb p\u00ebrfunduar m\u00eb pas Akademin\u00eb Pedagogjike n\u00eb Vranj\u00eb. Q\u00eb n\u00eb fillim t\u00eb rrug\u00ebtimit t\u00eb tij profesional, ai u dallua p\u00ebr p\u00ebrkushtim, disiplin\u00eb dhe dashuri t\u00eb pakusht\u00ebzuar...\" \/>\n<meta property=\"og:url\" content=\"https:\/\/medvegjasot.com\/?p=2449\" \/>\n<meta property=\"og:site_name\" content=\"Medvegja Sot\" \/>\n<meta property=\"article:publisher\" content=\"https:\/\/www.facebook.com\/MedvegjaSot.com1\" \/>\n<meta property=\"article:published_time\" content=\"2024-09-03T14:42:55+00:00\" \/>\n<meta property=\"article:modified_time\" content=\"2025-09-12T16:45:50+00:00\" \/>\n<meta property=\"og:image\" content=\"https:\/\/medvegjasot.com\/wp-content\/uploads\/2024\/09\/IMG_5022-scaled.jpeg\" \/>\n\t<meta property=\"og:image:width\" content=\"2560\" \/>\n\t<meta property=\"og:image:height\" content=\"1440\" \/>\n\t<meta property=\"og:image:type\" content=\"image\/jpeg\" \/>\n<meta name=\"author\" content=\"admin\" \/>\n<meta name=\"twitter:card\" content=\"summary_large_image\" \/>\n<meta name=\"twitter:label1\" content=\"Written by\" \/>\n\t<meta name=\"twitter:data1\" content=\"admin\" \/>\n\t<meta name=\"twitter:label2\" content=\"Est. reading time\" \/>\n\t<meta name=\"twitter:data2\" content=\"3 minutes\" \/>\n<script type=\"application\/ld+json\" class=\"yoast-schema-graph\">{\"@context\":\"https:\\\/\\\/schema.org\",\"@graph\":[{\"@type\":\"Article\",\"@id\":\"https:\\\/\\\/medvegjasot.com\\\/?p=2449#article\",\"isPartOf\":{\"@id\":\"https:\\\/\\\/medvegjasot.com\\\/?p=2449\"},\"author\":{\"name\":\"admin\",\"@id\":\"https:\\\/\\\/medvegjasot.com\\\/#\\\/schema\\\/person\\\/f2be1a84f4e95d0cb032946a1cf2e594\"},\"headline\":\"NAMON ALIU \u2013 DREJTUESI DHE M\u00cbSUESI I P\u00cbRKUSHTUAR I SHKOLL\u00cbS \u201cZENEL HAJDINI\u201d N\u00cb TUPALL\u00cb\u00a0\",\"datePublished\":\"2024-09-03T14:42:55+00:00\",\"dateModified\":\"2025-09-12T16:45:50+00:00\",\"mainEntityOfPage\":{\"@id\":\"https:\\\/\\\/medvegjasot.com\\\/?p=2449\"},\"wordCount\":424,\"commentCount\":0,\"publisher\":{\"@id\":\"https:\\\/\\\/medvegjasot.com\\\/#organization\"},\"image\":{\"@id\":\"https:\\\/\\\/medvegjasot.com\\\/?p=2449#primaryimage\"},\"thumbnailUrl\":\"https:\\\/\\\/medvegjasot.com\\\/wp-content\\\/uploads\\\/2024\\\/09\\\/IMG_5022-scaled.jpeg\",\"articleSection\":[\"KRONIKA\",\"KULTUR\u00cb\"],\"inLanguage\":\"en-US\",\"potentialAction\":[{\"@type\":\"CommentAction\",\"name\":\"Comment\",\"target\":[\"https:\\\/\\\/medvegjasot.com\\\/?p=2449#respond\"]}]},{\"@type\":\"WebPage\",\"@id\":\"https:\\\/\\\/medvegjasot.com\\\/?p=2449\",\"url\":\"https:\\\/\\\/medvegjasot.com\\\/?p=2449\",\"name\":\"NAMON ALIU \u2013 DREJTUESI DHE M\u00cbSUESI I P\u00cbRKUSHTUAR I SHKOLL\u00cbS \u201cZENEL HAJDINI\u201d N\u00cb TUPALL\u00cb\u00a0 - Medvegja Sot\",\"isPartOf\":{\"@id\":\"https:\\\/\\\/medvegjasot.com\\\/#website\"},\"primaryImageOfPage\":{\"@id\":\"https:\\\/\\\/medvegjasot.com\\\/?p=2449#primaryimage\"},\"image\":{\"@id\":\"https:\\\/\\\/medvegjasot.com\\\/?p=2449#primaryimage\"},\"thumbnailUrl\":\"https:\\\/\\\/medvegjasot.com\\\/wp-content\\\/uploads\\\/2024\\\/09\\\/IMG_5022-scaled.jpeg\",\"datePublished\":\"2024-09-03T14:42:55+00:00\",\"dateModified\":\"2025-09-12T16:45:50+00:00\",\"breadcrumb\":{\"@id\":\"https:\\\/\\\/medvegjasot.com\\\/?p=2449#breadcrumb\"},\"inLanguage\":\"en-US\",\"potentialAction\":[{\"@type\":\"ReadAction\",\"target\":[\"https:\\\/\\\/medvegjasot.com\\\/?p=2449\"]}]},{\"@type\":\"ImageObject\",\"inLanguage\":\"en-US\",\"@id\":\"https:\\\/\\\/medvegjasot.com\\\/?p=2449#primaryimage\",\"url\":\"https:\\\/\\\/medvegjasot.com\\\/wp-content\\\/uploads\\\/2024\\\/09\\\/IMG_5022-scaled.jpeg\",\"contentUrl\":\"https:\\\/\\\/medvegjasot.com\\\/wp-content\\\/uploads\\\/2024\\\/09\\\/IMG_5022-scaled.jpeg\",\"width\":2560,\"height\":1440},{\"@type\":\"BreadcrumbList\",\"@id\":\"https:\\\/\\\/medvegjasot.com\\\/?p=2449#breadcrumb\",\"itemListElement\":[{\"@type\":\"ListItem\",\"position\":1,\"name\":\"Home\",\"item\":\"https:\\\/\\\/medvegjasot.com\\\/\"},{\"@type\":\"ListItem\",\"position\":2,\"name\":\"NAMON ALIU \u2013 DREJTUESI DHE M\u00cbSUESI I P\u00cbRKUSHTUAR I SHKOLL\u00cbS \u201cZENEL HAJDINI\u201d N\u00cb TUPALL\u00cb\u00a0\"}]},{\"@type\":\"WebSite\",\"@id\":\"https:\\\/\\\/medvegjasot.com\\\/#website\",\"url\":\"https:\\\/\\\/medvegjasot.com\\\/\",\"name\":\"Medvegja Sot\",\"description\":\"Portal Lajmesh\",\"publisher\":{\"@id\":\"https:\\\/\\\/medvegjasot.com\\\/#organization\"},\"alternateName\":\"MS\",\"potentialAction\":[{\"@type\":\"SearchAction\",\"target\":{\"@type\":\"EntryPoint\",\"urlTemplate\":\"https:\\\/\\\/medvegjasot.com\\\/?s={search_term_string}\"},\"query-input\":{\"@type\":\"PropertyValueSpecification\",\"valueRequired\":true,\"valueName\":\"search_term_string\"}}],\"inLanguage\":\"en-US\"},{\"@type\":\"Organization\",\"@id\":\"https:\\\/\\\/medvegjasot.com\\\/#organization\",\"name\":\"Medvegja Sot\",\"alternateName\":\"MS\",\"url\":\"https:\\\/\\\/medvegjasot.com\\\/\",\"logo\":{\"@type\":\"ImageObject\",\"inLanguage\":\"en-US\",\"@id\":\"https:\\\/\\\/medvegjasot.com\\\/#\\\/schema\\\/logo\\\/image\\\/\",\"url\":\"https:\\\/\\\/medvegjasot.com\\\/wp-content\\\/uploads\\\/2024\\\/08\\\/logo.png\",\"contentUrl\":\"https:\\\/\\\/medvegjasot.com\\\/wp-content\\\/uploads\\\/2024\\\/08\\\/logo.png\",\"width\":500,\"height\":500,\"caption\":\"Medvegja Sot\"},\"image\":{\"@id\":\"https:\\\/\\\/medvegjasot.com\\\/#\\\/schema\\\/logo\\\/image\\\/\"},\"sameAs\":[\"https:\\\/\\\/www.facebook.com\\\/MedvegjaSot.com1\"]},{\"@type\":\"Person\",\"@id\":\"https:\\\/\\\/medvegjasot.com\\\/#\\\/schema\\\/person\\\/f2be1a84f4e95d0cb032946a1cf2e594\",\"name\":\"admin\",\"image\":{\"@type\":\"ImageObject\",\"inLanguage\":\"en-US\",\"@id\":\"https:\\\/\\\/secure.gravatar.com\\\/avatar\\\/2eedc5259426225ddc6f98b4b6728c30418b83e6f70285719780d3518d972ece?s=96&d=mm&r=g\",\"url\":\"https:\\\/\\\/secure.gravatar.com\\\/avatar\\\/2eedc5259426225ddc6f98b4b6728c30418b83e6f70285719780d3518d972ece?s=96&d=mm&r=g\",\"contentUrl\":\"https:\\\/\\\/secure.gravatar.com\\\/avatar\\\/2eedc5259426225ddc6f98b4b6728c30418b83e6f70285719780d3518d972ece?s=96&d=mm&r=g\",\"caption\":\"admin\"},\"url\":\"https:\\\/\\\/medvegjasot.com\\\/?author=2\"}]}<\/script>\n<!-- \/ Yoast SEO plugin. -->","yoast_head_json":{"title":"NAMON ALIU \u2013 DREJTUESI DHE M\u00cbSUESI I P\u00cbRKUSHTUAR I SHKOLL\u00cbS \u201cZENEL HAJDINI\u201d N\u00cb TUPALL\u00cb\u00a0 - Medvegja Sot","robots":{"index":"index","follow":"follow","max-snippet":"max-snippet:-1","max-image-preview":"max-image-preview:large","max-video-preview":"max-video-preview:-1"},"canonical":"https:\/\/medvegjasot.com\/?p=2449","og_locale":"en_US","og_type":"article","og_title":"NAMON ALIU \u2013 DREJTUESI DHE M\u00cbSUESI I P\u00cbRKUSHTUAR I SHKOLL\u00cbS \u201cZENEL HAJDINI\u201d N\u00cb TUPALL\u00cb\u00a0 - Medvegja Sot","og_description":"Namon Aliu lindi m\u00eb 10 mars 1942 n\u00eb fshatin Kapit, komuna e Medvegj\u00ebs. Shkoll\u00ebn fillore e kreu n\u00eb Medvegj\u00eb, nd\u00ebrsa studimet i vazhdoi n\u00eb Shkoll\u00ebn Normale t\u00eb Prishtin\u00ebs, p\u00ebr t\u00eb p\u00ebrfunduar m\u00eb pas Akademin\u00eb Pedagogjike n\u00eb Vranj\u00eb. Q\u00eb n\u00eb fillim t\u00eb rrug\u00ebtimit t\u00eb tij profesional, ai u dallua p\u00ebr p\u00ebrkushtim, disiplin\u00eb dhe dashuri t\u00eb pakusht\u00ebzuar...","og_url":"https:\/\/medvegjasot.com\/?p=2449","og_site_name":"Medvegja Sot","article_publisher":"https:\/\/www.facebook.com\/MedvegjaSot.com1","article_published_time":"2024-09-03T14:42:55+00:00","article_modified_time":"2025-09-12T16:45:50+00:00","og_image":[{"width":2560,"height":1440,"url":"https:\/\/medvegjasot.com\/wp-content\/uploads\/2024\/09\/IMG_5022-scaled.jpeg","type":"image\/jpeg"}],"author":"admin","twitter_card":"summary_large_image","twitter_misc":{"Written by":"admin","Est. reading time":"3 minutes"},"schema":{"@context":"https:\/\/schema.org","@graph":[{"@type":"Article","@id":"https:\/\/medvegjasot.com\/?p=2449#article","isPartOf":{"@id":"https:\/\/medvegjasot.com\/?p=2449"},"author":{"name":"admin","@id":"https:\/\/medvegjasot.com\/#\/schema\/person\/f2be1a84f4e95d0cb032946a1cf2e594"},"headline":"NAMON ALIU \u2013 DREJTUESI DHE M\u00cbSUESI I P\u00cbRKUSHTUAR I SHKOLL\u00cbS \u201cZENEL HAJDINI\u201d N\u00cb TUPALL\u00cb\u00a0","datePublished":"2024-09-03T14:42:55+00:00","dateModified":"2025-09-12T16:45:50+00:00","mainEntityOfPage":{"@id":"https:\/\/medvegjasot.com\/?p=2449"},"wordCount":424,"commentCount":0,"publisher":{"@id":"https:\/\/medvegjasot.com\/#organization"},"image":{"@id":"https:\/\/medvegjasot.com\/?p=2449#primaryimage"},"thumbnailUrl":"https:\/\/medvegjasot.com\/wp-content\/uploads\/2024\/09\/IMG_5022-scaled.jpeg","articleSection":["KRONIKA","KULTUR\u00cb"],"inLanguage":"en-US","potentialAction":[{"@type":"CommentAction","name":"Comment","target":["https:\/\/medvegjasot.com\/?p=2449#respond"]}]},{"@type":"WebPage","@id":"https:\/\/medvegjasot.com\/?p=2449","url":"https:\/\/medvegjasot.com\/?p=2449","name":"NAMON ALIU \u2013 DREJTUESI DHE M\u00cbSUESI I P\u00cbRKUSHTUAR I SHKOLL\u00cbS \u201cZENEL HAJDINI\u201d N\u00cb TUPALL\u00cb\u00a0 - Medvegja Sot","isPartOf":{"@id":"https:\/\/medvegjasot.com\/#website"},"primaryImageOfPage":{"@id":"https:\/\/medvegjasot.com\/?p=2449#primaryimage"},"image":{"@id":"https:\/\/medvegjasot.com\/?p=2449#primaryimage"},"thumbnailUrl":"https:\/\/medvegjasot.com\/wp-content\/uploads\/2024\/09\/IMG_5022-scaled.jpeg","datePublished":"2024-09-03T14:42:55+00:00","dateModified":"2025-09-12T16:45:50+00:00","breadcrumb":{"@id":"https:\/\/medvegjasot.com\/?p=2449#breadcrumb"},"inLanguage":"en-US","potentialAction":[{"@type":"ReadAction","target":["https:\/\/medvegjasot.com\/?p=2449"]}]},{"@type":"ImageObject","inLanguage":"en-US","@id":"https:\/\/medvegjasot.com\/?p=2449#primaryimage","url":"https:\/\/medvegjasot.com\/wp-content\/uploads\/2024\/09\/IMG_5022-scaled.jpeg","contentUrl":"https:\/\/medvegjasot.com\/wp-content\/uploads\/2024\/09\/IMG_5022-scaled.jpeg","width":2560,"height":1440},{"@type":"BreadcrumbList","@id":"https:\/\/medvegjasot.com\/?p=2449#breadcrumb","itemListElement":[{"@type":"ListItem","position":1,"name":"Home","item":"https:\/\/medvegjasot.com\/"},{"@type":"ListItem","position":2,"name":"NAMON ALIU \u2013 DREJTUESI DHE M\u00cbSUESI I P\u00cbRKUSHTUAR I SHKOLL\u00cbS \u201cZENEL HAJDINI\u201d N\u00cb TUPALL\u00cb\u00a0"}]},{"@type":"WebSite","@id":"https:\/\/medvegjasot.com\/#website","url":"https:\/\/medvegjasot.com\/","name":"Medvegja Sot","description":"Portal Lajmesh","publisher":{"@id":"https:\/\/medvegjasot.com\/#organization"},"alternateName":"MS","potentialAction":[{"@type":"SearchAction","target":{"@type":"EntryPoint","urlTemplate":"https:\/\/medvegjasot.com\/?s={search_term_string}"},"query-input":{"@type":"PropertyValueSpecification","valueRequired":true,"valueName":"search_term_string"}}],"inLanguage":"en-US"},{"@type":"Organization","@id":"https:\/\/medvegjasot.com\/#organization","name":"Medvegja Sot","alternateName":"MS","url":"https:\/\/medvegjasot.com\/","logo":{"@type":"ImageObject","inLanguage":"en-US","@id":"https:\/\/medvegjasot.com\/#\/schema\/logo\/image\/","url":"https:\/\/medvegjasot.com\/wp-content\/uploads\/2024\/08\/logo.png","contentUrl":"https:\/\/medvegjasot.com\/wp-content\/uploads\/2024\/08\/logo.png","width":500,"height":500,"caption":"Medvegja Sot"},"image":{"@id":"https:\/\/medvegjasot.com\/#\/schema\/logo\/image\/"},"sameAs":["https:\/\/www.facebook.com\/MedvegjaSot.com1"]},{"@type":"Person","@id":"https:\/\/medvegjasot.com\/#\/schema\/person\/f2be1a84f4e95d0cb032946a1cf2e594","name":"admin","image":{"@type":"ImageObject","inLanguage":"en-US","@id":"https:\/\/secure.gravatar.com\/avatar\/2eedc5259426225ddc6f98b4b6728c30418b83e6f70285719780d3518d972ece?s=96&d=mm&r=g","url":"https:\/\/secure.gravatar.com\/avatar\/2eedc5259426225ddc6f98b4b6728c30418b83e6f70285719780d3518d972ece?s=96&d=mm&r=g","contentUrl":"https:\/\/secure.gravatar.com\/avatar\/2eedc5259426225ddc6f98b4b6728c30418b83e6f70285719780d3518d972ece?s=96&d=mm&r=g","caption":"admin"},"url":"https:\/\/medvegjasot.com\/?author=2"}]}},"jetpack_featured_media_url":"https:\/\/medvegjasot.com\/wp-content\/uploads\/2024\/09\/IMG_5022-scaled.jpeg","_links":{"self":[{"href":"https:\/\/medvegjasot.com\/index.php?rest_route=\/wp\/v2\/posts\/2449","targetHints":{"allow":["GET"]}}],"collection":[{"href":"https:\/\/medvegjasot.com\/index.php?rest_route=\/wp\/v2\/posts"}],"about":[{"href":"https:\/\/medvegjasot.com\/index.php?rest_route=\/wp\/v2\/types\/post"}],"author":[{"embeddable":true,"href":"https:\/\/medvegjasot.com\/index.php?rest_route=\/wp\/v2\/users\/2"}],"replies":[{"embeddable":true,"href":"https:\/\/medvegjasot.com\/index.php?rest_route=%2Fwp%2Fv2%2Fcomments&post=2449"}],"version-history":[{"count":5,"href":"https:\/\/medvegjasot.com\/index.php?rest_route=\/wp\/v2\/posts\/2449\/revisions"}],"predecessor-version":[{"id":5422,"href":"https:\/\/medvegjasot.com\/index.php?rest_route=\/wp\/v2\/posts\/2449\/revisions\/5422"}],"wp:featuredmedia":[{"embeddable":true,"href":"https:\/\/medvegjasot.com\/index.php?rest_route=\/wp\/v2\/media\/2450"}],"wp:attachment":[{"href":"https:\/\/medvegjasot.com\/index.php?rest_route=%2Fwp%2Fv2%2Fmedia&parent=2449"}],"wp:term":[{"taxonomy":"category","embeddable":true,"href":"https:\/\/medvegjasot.com\/index.php?rest_route=%2Fwp%2Fv2%2Fcategories&post=2449"},{"taxonomy":"post_tag","embeddable":true,"href":"https:\/\/medvegjasot.com\/index.php?rest_route=%2Fwp%2Fv2%2Ftags&post=2449"}],"curies":[{"name":"wp","href":"https:\/\/api.w.org\/{rel}","templated":true}]}}