{"id":2068,"date":"2024-08-16T07:03:57","date_gmt":"2024-08-16T07:03:57","guid":{"rendered":"https:\/\/medvegjasot.com\/?p=2068"},"modified":"2025-03-19T22:31:59","modified_gmt":"2025-03-19T22:31:59","slug":"kryetari-i-shhm-ne-zvicer-z-zymer-hajrullahu-falenderon-te-gjithe-sponsoret","status":"publish","type":"post","link":"https:\/\/medvegjasot.com\/?p=2068","title":{"rendered":"ZYMER HAJRULLAHU ME VIZION T\u00cb QART\u00cb NDAJ VENDLINDJES DHE KULTUR\u00cbS MBI T\u00cb GJITHA HUMANIST"},"content":{"rendered":"\n<p><strong>Zymer Hajrullahu, kryetar i Shoqat\u00ebs Humanitare \u201cMedvegja\u201d me seli n\u00eb Fully t\u00eb Zvicr\u00ebs i urt\u00eb dhe i dashur, me nj\u00eb vizion t\u00eb qart\u00eb i cili dashurin\u00eb e tij ndaj vendit t\u00eb lindjes e shnd\u00ebrroi n\u00eb mision shoq\u00ebruar me pun\u00eb dhe p\u00ebrkushtim ia doli t\u00eb b\u00ebhet shembull i nj\u00eb aktivisti dhe veprimtari mbi t\u00eb gjitha nj\u00eb HUMANISTI, transmeton MEDVEGJASOT.COM<\/strong><\/p>\n\n\n\n<figure class=\"wp-block-embed is-type-video is-provider-youtube wp-block-embed-youtube wp-embed-aspect-16-9 wp-has-aspect-ratio\"><div class=\"wp-block-embed__wrapper\">\n<iframe  id=\"_ytid_43785\"  width=\"640\" height=\"360\"  data-origwidth=\"640\" data-origheight=\"360\" src=\"https:\/\/www.youtube.com\/embed\/USJYqM_pIW8?enablejsapi=1&#038;autoplay=0&#038;cc_load_policy=0&#038;cc_lang_pref=&#038;iv_load_policy=1&#038;loop=0&#038;rel=1&#038;fs=1&#038;playsinline=0&#038;autohide=2&#038;theme=dark&#038;color=red&#038;controls=1&#038;\" class=\"__youtube_prefs__  epyt-is-override  no-lazyload\" title=\"YouTube player\"  allow=\"fullscreen; accelerometer; autoplay; clipboard-write; encrypted-media; gyroscope; picture-in-picture; web-share\" referrerpolicy=\"strict-origin-when-cross-origin\" allowfullscreen data-no-lazy=\"1\" data-skipgform_ajax_framebjll=\"\"><\/iframe>\n<\/div><\/figure>\n\n\n\n<p><\/p>\n\n\n\n<p>Zymer Hajrullahu nga fshati Sfirc\u00eb komuna Medvegj\u00eb afarist dhe aktivist i njohur me q\u00ebndrim n\u00eb Zvic\u00ebr. Ai me mjaft\u00eb p\u00ebrkushtim dhe angazhim t\u00eb denj\u00eb udh\u00ebheq biznesin e tij familjar n\u00eb qytetin Sion t\u00eb Zvicr\u00ebs, kafe bar ZOONE i frekuentuar edhe nga rinia shqiptare.<\/p>\n\n\n\n<figure class=\"wp-block-embed is-type-video is-provider-youtube wp-block-embed-youtube wp-embed-aspect-16-9 wp-has-aspect-ratio\"><div class=\"wp-block-embed__wrapper\">\n<iframe  id=\"_ytid_26899\"  width=\"640\" height=\"360\"  data-origwidth=\"640\" data-origheight=\"360\" src=\"https:\/\/www.youtube.com\/embed\/6vwQJaHE1jg?enablejsapi=1&#038;autoplay=0&#038;cc_load_policy=0&#038;cc_lang_pref=&#038;iv_load_policy=1&#038;loop=0&#038;rel=1&#038;fs=1&#038;playsinline=0&#038;autohide=2&#038;theme=dark&#038;color=red&#038;controls=1&#038;\" class=\"__youtube_prefs__  epyt-is-override  no-lazyload\" title=\"YouTube player\"  allow=\"fullscreen; accelerometer; autoplay; clipboard-write; encrypted-media; gyroscope; picture-in-picture; web-share\" referrerpolicy=\"strict-origin-when-cross-origin\" allowfullscreen data-no-lazy=\"1\" data-skipgform_ajax_framebjll=\"\"><\/iframe>\n<\/div><figcaption class=\"wp-element-caption\"><em>Kryetari i SHHM n\u00eb Zvic\u00ebr z. Zymer Hajrullahu, fal\u00ebnderon t\u00eb gjith\u00eb sponsor\u00ebt t\u00eb cil\u00ebt p\u00ebrkrah\u00ebn dhe mb\u00ebshtet\u00ebn organizimin e manifestimit tradicional kulturoro &#8211; sportiv t\u00eb 27-in me radh\u00eb.<\/em><\/figcaption><\/figure>\n\n\n\n<p>Nga Marsi i vitit 2022 z. Zymer Hajrullahu me shumic\u00eb votash em\u00ebrohet n\u00eb krye t\u00eb Shoqat\u00ebs Humanitare Medvegja me seli n\u00eb Zvic\u00ebr, shoqat\u00eb kjo me mbi 33 vjet veprimtarie n\u00eb dedikim t\u00eb atdheut dhe vendlindjes.<\/p>\n\n\n\n<figure class=\"wp-block-embed is-type-video is-provider-youtube wp-block-embed-youtube wp-embed-aspect-16-9 wp-has-aspect-ratio\"><div class=\"wp-block-embed__wrapper\">\n<iframe  id=\"_ytid_32240\"  width=\"640\" height=\"360\"  data-origwidth=\"640\" data-origheight=\"360\" src=\"https:\/\/www.youtube.com\/embed\/4ESJh5siTgQ?enablejsapi=1&#038;autoplay=0&#038;cc_load_policy=0&#038;cc_lang_pref=&#038;iv_load_policy=1&#038;loop=0&#038;rel=1&#038;fs=1&#038;playsinline=0&#038;autohide=2&#038;theme=dark&#038;color=red&#038;controls=1&#038;\" class=\"__youtube_prefs__  epyt-is-override  no-lazyload\" title=\"YouTube player\"  allow=\"fullscreen; accelerometer; autoplay; clipboard-write; encrypted-media; gyroscope; picture-in-picture; web-share\" referrerpolicy=\"strict-origin-when-cross-origin\" allowfullscreen data-no-lazy=\"1\" data-skipgform_ajax_framebjll=\"\"><\/iframe>\n<\/div><\/figure>\n\n\n\n<p><\/p>\n\n\n\n<p>Ai \u00ebsht\u00eb shembull i nj\u00eb simboli unifikues gj\u00eb q\u00eb \u00ebsht\u00eb d\u00ebshmuar gjat\u00eb drejtimit t\u00eb SHHM n\u00eb Zvic\u00ebr me p\u00ebrkushtimin e tij t\u00eb pa lodhur n\u00eb veprimtarin e tij atdhetare si n\u00eb vendlindje po ashtu dhe jasht\u00eb saj.<\/p>\n\n\n\n<figure class=\"wp-block-embed is-type-video is-provider-youtube wp-block-embed-youtube wp-embed-aspect-16-9 wp-has-aspect-ratio\"><div class=\"wp-block-embed__wrapper\">\n<iframe  id=\"_ytid_91744\"  width=\"640\" height=\"360\"  data-origwidth=\"640\" data-origheight=\"360\" src=\"https:\/\/www.youtube.com\/embed\/HE1qUcA-FKA?enablejsapi=1&#038;autoplay=0&#038;cc_load_policy=0&#038;cc_lang_pref=&#038;iv_load_policy=1&#038;loop=0&#038;rel=1&#038;fs=1&#038;playsinline=0&#038;autohide=2&#038;theme=dark&#038;color=red&#038;controls=1&#038;\" class=\"__youtube_prefs__  epyt-is-override  no-lazyload\" title=\"YouTube player\"  allow=\"fullscreen; accelerometer; autoplay; clipboard-write; encrypted-media; gyroscope; picture-in-picture; web-share\" referrerpolicy=\"strict-origin-when-cross-origin\" allowfullscreen data-no-lazy=\"1\" data-skipgform_ajax_framebjll=\"\"><\/iframe>\n<\/div><\/figure>\n\n\n\n<p>Shoqata Humanitare Medvegja me seli n\u00eb Zvic\u00ebr n\u00ebn udh\u00ebheqjen e z. Zymer Hajrullahu nga viti 2022 e deri m\u00eb dit\u00ebt e sotme me p\u00ebrkushtim dhe angazhim t\u00eb plot\u00eb tregoi nivel t\u00eb jasht\u00ebzakonsh\u00ebm n\u00eb menaxhim dhe profesionaliz\u00ebm t\u00eb aktiviteteve t\u00eb shumta t\u00eb&nbsp;&nbsp;SHHM qoft\u00eb atyre n\u00eb vendlindje si dhe jasht\u00eb saj.<\/p>\n\n\n\n<figure class=\"wp-block-embed is-type-video is-provider-youtube wp-block-embed-youtube wp-embed-aspect-16-9 wp-has-aspect-ratio\"><div class=\"wp-block-embed__wrapper\">\n<iframe  id=\"_ytid_30077\"  width=\"640\" height=\"360\"  data-origwidth=\"640\" data-origheight=\"360\" src=\"https:\/\/www.youtube.com\/embed\/8STWbgGmSbs?enablejsapi=1&#038;autoplay=0&#038;cc_load_policy=0&#038;cc_lang_pref=&#038;iv_load_policy=1&#038;loop=0&#038;rel=1&#038;fs=1&#038;playsinline=0&#038;autohide=2&#038;theme=dark&#038;color=red&#038;controls=1&#038;\" class=\"__youtube_prefs__  epyt-is-override  no-lazyload\" title=\"YouTube player\"  allow=\"fullscreen; accelerometer; autoplay; clipboard-write; encrypted-media; gyroscope; picture-in-picture; web-share\" referrerpolicy=\"strict-origin-when-cross-origin\" allowfullscreen data-no-lazy=\"1\" data-skipgform_ajax_framebjll=\"\"><\/iframe>\n<\/div><figcaption class=\"wp-element-caption\"><em>Shoqata humanitare \u201cMedvegja\u201d me seli n\u00eb Fully t\u00eb Zvicr\u00ebs, e kryesuar nga kryetari i saj Zymer Hajrullahu dhe ark\u00ebtari Sabit Abazi, s\u00eb bashku me kryesin\u00eb, m\u00eb 29 dhjetor 2023 kan\u00eb ndar\u00eb pako ushqimore p\u00ebr 26 familje n\u00eb Medvegj\u00eb n\u00eb vler\u00eb prej 4.500 Euro.&nbsp;<\/em><\/figcaption><\/figure>\n\n\n\n<p>Shoqata Humanitare Medvegja me seli n\u00eb Zvic\u00ebr n\u00ebn udh\u00ebheqjen e z. Zymer Hajrullahu nga viti 2022 e deri m\u00eb dit\u00ebt e sotme me p\u00ebrkushtim dhe angazhim t\u00eb plot\u00eb tregoi nivel t\u00eb jasht\u00ebzakonsh\u00ebm n\u00eb menaxhim dhe profesionaliz\u00ebm t\u00eb aktiviteteve t\u00eb shumta t\u00eb&nbsp;&nbsp;SHHM qoft\u00eb atyre n\u00eb vendlindje si dhe jasht\u00eb saj.<\/p>\n\n\n\n<figure class=\"wp-block-embed is-type-video is-provider-youtube wp-block-embed-youtube wp-embed-aspect-16-9 wp-has-aspect-ratio\"><div class=\"wp-block-embed__wrapper\">\n<iframe  id=\"_ytid_81114\"  width=\"640\" height=\"360\"  data-origwidth=\"640\" data-origheight=\"360\" src=\"https:\/\/www.youtube.com\/embed\/A6cOe6CSJls?enablejsapi=1&#038;autoplay=0&#038;cc_load_policy=0&#038;cc_lang_pref=&#038;iv_load_policy=1&#038;loop=0&#038;rel=1&#038;fs=1&#038;playsinline=0&#038;autohide=2&#038;theme=dark&#038;color=red&#038;controls=1&#038;\" class=\"__youtube_prefs__  epyt-is-override  no-lazyload\" title=\"YouTube player\"  allow=\"fullscreen; accelerometer; autoplay; clipboard-write; encrypted-media; gyroscope; picture-in-picture; web-share\" referrerpolicy=\"strict-origin-when-cross-origin\" allowfullscreen data-no-lazy=\"1\" data-skipgform_ajax_framebjll=\"\"><\/iframe>\n<\/div><\/figure>\n\n\n\n<p>N\u00eb fjalimet e tij t\u00eb shkurtra por me dometh\u00ebnie t\u00eb m\u00ebdha vlen t\u00eb theksohet nd\u00ebr tjera mesazhi i tij me pesh\u00eb \u201c<em>Q\u00ebllimi dhe Misioni i SHHM \u00ebsht\u00eb Humanizmi n\u00eb radh\u00eb t\u00eb par\u00eb, por kur \u00ebsht\u00eb n\u00eb pyetje \u00e7\u00ebshtja komb\u00ebtare ajo na motivon dhe n\u00eb vendlindjen ton\u00eb Medvegj\u00eb do t\u00eb flitet dhe k\u00ebndohet shqip deri n\u00eb shqiptarin e fundit<\/em>\u201d.<\/p>\n\n\n\n<figure class=\"wp-block-embed is-type-video is-provider-youtube wp-block-embed-youtube wp-embed-aspect-16-9 wp-has-aspect-ratio\"><div class=\"wp-block-embed__wrapper\">\n<iframe  id=\"_ytid_76601\"  width=\"640\" height=\"360\"  data-origwidth=\"640\" data-origheight=\"360\" src=\"https:\/\/www.youtube.com\/embed\/6aIZexXV7tI?enablejsapi=1&#038;autoplay=0&#038;cc_load_policy=0&#038;cc_lang_pref=&#038;iv_load_policy=1&#038;loop=0&#038;rel=1&#038;fs=1&#038;playsinline=0&#038;autohide=2&#038;theme=dark&#038;color=red&#038;controls=1&#038;\" class=\"__youtube_prefs__  epyt-is-override  no-lazyload\" title=\"YouTube player\"  allow=\"fullscreen; accelerometer; autoplay; clipboard-write; encrypted-media; gyroscope; picture-in-picture; web-share\" referrerpolicy=\"strict-origin-when-cross-origin\" allowfullscreen data-no-lazy=\"1\" data-skipgform_ajax_framebjll=\"\"><\/iframe>\n<\/div><figcaption class=\"wp-element-caption\"><em>M\u00eb dat\u00eb 22 dhe 23 Qershor&nbsp;&nbsp;2024 n\u00eb Cantonin e bukur t\u00eb Valais mes Alpeve Zvicerane n\u00eb qytetin FULLY u mbajt Manifestim dy ditor tradicional kulturoro-sportiv&nbsp;&nbsp;i cili mblodhi rreth vetes gjith\u00eb m\u00ebrgat\u00ebn shqiptare jo vet\u00ebm nga Medvegja por edhe mbar\u00eb shqiptarin kudo n\u00eb Zvic\u00ebr dhe jasht\u00eb saj.<br>Manifestim ky i cili&nbsp;&nbsp;p\u00ebrve\u00e7 tjerash promovon edhe diversitetin multi etnik pa dallim.<\/em>   <em>SHH \u201cMEDVEGJA\u201d me seli ne Zvic\u00ebr \u00ebsht\u00eb ajo e cila din t\u00eb mbledh rreth vetes mbar\u00eb m\u00ebrgat\u00ebn shqiptare me organizime t\u00eb tilla me q\u00ebllim t\u00eb kultivimit, mbrojtjes dhe promovimit t\u00eb gjuh\u00ebs, kultur\u00ebs, tradit\u00ebs dhe vlerave komb\u00ebtare shqiptare me mbi 33 vjet pun\u00eb n\u00eb dedikim t\u00eb atdheut dhe vendlindjes.<\/em><\/figcaption><\/figure>\n\n\n\n<p>Gjat\u00eb mandatit t\u00eb tij cil\u00ebsuar t\u00eb suksessh\u00ebm si drejtues i SHHM u mbajt\u00ebn aktivitete t\u00eb shumta humanitare si n\u00eb vendlindje po ashtu dhe n\u00eb Zvic\u00ebr.<\/p>\n\n\n\n<figure class=\"wp-block-embed is-type-video is-provider-youtube wp-block-embed-youtube wp-embed-aspect-16-9 wp-has-aspect-ratio\"><div class=\"wp-block-embed__wrapper\">\n<iframe  id=\"_ytid_76733\"  width=\"640\" height=\"360\"  data-origwidth=\"640\" data-origheight=\"360\" src=\"https:\/\/www.youtube.com\/embed\/PZeYo5kiXP4?enablejsapi=1&#038;autoplay=0&#038;cc_load_policy=0&#038;cc_lang_pref=&#038;iv_load_policy=1&#038;loop=0&#038;rel=1&#038;fs=1&#038;playsinline=0&#038;autohide=2&#038;theme=dark&#038;color=red&#038;controls=1&#038;\" class=\"__youtube_prefs__  epyt-is-override  no-lazyload\" title=\"YouTube player\"  allow=\"fullscreen; accelerometer; autoplay; clipboard-write; encrypted-media; gyroscope; picture-in-picture; web-share\" referrerpolicy=\"strict-origin-when-cross-origin\" allowfullscreen data-no-lazy=\"1\" data-skipgform_ajax_framebjll=\"\"><\/iframe>\n<\/div><\/figure>\n\n\n\n<p><\/p>\n\n\n\n<p>Manifestimet kulturoro artisistike dhe sportive si\u00e7 jan\u00eb Manifestimet tradicionale t\u00eb mbajtura n\u00eb Zvic\u00ebr dedikuar m\u00ebrgat\u00ebs shqiptare, fest\u00ebs s\u00eb pavar\u00ebsis\u00eb s\u00eb Republik\u00ebs s\u00eb Kosov\u00ebs, fest\u00ebs dedikuar 28 N\u00ebntorit si dhe ato t\u00eb mbajtura n\u00eb vendlindje si\u00e7 \u00ebsht\u00eb Manifestimi tradicional takimet e Diaspor\u00ebs n\u00eb Ban\u00eb t\u00eb Sijarin\u00ebs,&nbsp;&nbsp;t\u00eb organizuara n\u00ebn udh\u00ebheqjen e z. Hajrullahu mblodh\u00ebn rreth vetes me dhjet\u00ebra pjes\u00ebmarr\u00ebs nga t\u00eb gjitha trojet gj\u00eb q\u00eb d\u00ebshmon pun\u00ebn e tij t\u00eb palodhur n\u00eb mbar\u00ebvajtjen e aktiviteteve t\u00eb k\u00ebsaj shoqate si dhe simbolin e tij unifikues.<\/p>\n\n\n\n<p><\/p>\n\n\n\n<figure class=\"wp-block-embed is-type-video is-provider-youtube wp-block-embed-youtube wp-embed-aspect-16-9 wp-has-aspect-ratio\"><div class=\"wp-block-embed__wrapper\">\n<iframe  id=\"_ytid_55059\"  width=\"640\" height=\"360\"  data-origwidth=\"640\" data-origheight=\"360\" src=\"https:\/\/www.youtube.com\/embed\/FNL_-wQzhFE?enablejsapi=1&#038;autoplay=0&#038;cc_load_policy=0&#038;cc_lang_pref=&#038;iv_load_policy=1&#038;loop=0&#038;rel=1&#038;fs=1&#038;playsinline=0&#038;autohide=2&#038;theme=dark&#038;color=red&#038;controls=1&#038;\" class=\"__youtube_prefs__  epyt-is-override  no-lazyload\" title=\"YouTube player\"  allow=\"fullscreen; accelerometer; autoplay; clipboard-write; encrypted-media; gyroscope; picture-in-picture; web-share\" referrerpolicy=\"strict-origin-when-cross-origin\" allowfullscreen data-no-lazy=\"1\" data-skipgform_ajax_framebjll=\"\"><\/iframe>\n<\/div><figcaption class=\"wp-element-caption\"><em>N\u00eb kompleksin e Gejzerit n\u00eb Banj\u00eb t\u00eb Sijarin\u00ebs m\u00eb dat\u00eb 09 Gusht 2024 u mbajt manifestimi &#8220;Dit\u00ebt e Diaspor\u00ebs&#8221; organizuar nga SHHM n\u00eb Zvic\u00ebr.<br>Ky manifestim i karakterit kulturoro artistik numron vitin e tij t\u00eb 14&#8217;t\u00eb.<br>Rrug\u00ebtimi i k\u00ebtij manifestimi&nbsp;&nbsp;daton nga viti 2010 me iniciativ\u00ebn e nj\u00eb grupi t\u00eb vullnetit t\u00eb mir\u00eb ku k\u00ebtij grupi&nbsp;&nbsp;i priu&nbsp;&nbsp;&nbsp;SHHM n\u00eb krye me&nbsp;&nbsp;Zenel Neziri i cili at\u00eb bot\u00eb ishte kryetar i SHHM tash kryetar nderi&nbsp;&nbsp;i k\u00ebsaj shoqate.<br>Takimi i Diaspor\u00ebs 2024 n\u00eb Banj\u00eb t\u00eb Sijarin\u00ebs mblodhi rreth vetes qytetar jo vet\u00ebm nga Medvegja por edhe nga mbar\u00eb vendet tjera ku ka shqiptar.&nbsp;<\/em><br><\/figcaption><\/figure>\n\n\n\n<p>P\u00ebrpos aktiviteteve t\u00eb natyr\u00ebs kulturoro artistike dhe sportive t\u00eb cilat kan\u00eb mesazh n\u00eb ruajtjen e gjuh\u00ebs dhe kultur\u00ebs son\u00eb komb\u00ebtare shqiptare u organizuan edhe aksione humanitare me ndihma t\u00eb natyr\u00ebs qoft\u00eb monetare apo me gj\u00ebra esenciale veshmbathje dhe ushqim p\u00ebr familjet n\u00eb nevoj\u00eb n\u00eb komun\u00ebn e Medvegj\u00ebs dhe m\u00eb gjer\u00eb.<\/p>\n\n\n\n<figure class=\"wp-block-embed is-type-video is-provider-youtube wp-block-embed-youtube wp-embed-aspect-16-9 wp-has-aspect-ratio\"><div class=\"wp-block-embed__wrapper\">\n<iframe  id=\"_ytid_31949\"  width=\"640\" height=\"360\"  data-origwidth=\"640\" data-origheight=\"360\" src=\"https:\/\/www.youtube.com\/embed\/uejYb7FJAQ0?enablejsapi=1&#038;autoplay=0&#038;cc_load_policy=0&#038;cc_lang_pref=&#038;iv_load_policy=1&#038;loop=0&#038;rel=1&#038;fs=1&#038;playsinline=0&#038;autohide=2&#038;theme=dark&#038;color=red&#038;controls=1&#038;\" class=\"__youtube_prefs__  epyt-is-override  no-lazyload\" title=\"YouTube player\"  allow=\"fullscreen; accelerometer; autoplay; clipboard-write; encrypted-media; gyroscope; picture-in-picture; web-share\" referrerpolicy=\"strict-origin-when-cross-origin\" allowfullscreen data-no-lazy=\"1\" data-skipgform_ajax_framebjll=\"\"><\/iframe>\n<\/div><figcaption class=\"wp-element-caption\"><em>Manifestimi &#8220;Dit\u00ebt e Diaspor\u00ebs&#8221; ka p\u00ebr qellim ruajtjen e gjuh\u00ebs dhe kultur\u00ebs shqiptare n\u00eb Medvegj\u00eb.<\/em> <em>Sylejman Musliu, Drejtor i SH.K.A. Medvegja me seli n\u00eb Zvic\u00ebr i cili p\u00ebrmes artit skenik me valle dhe k\u00ebng\u00eb folklorike ruan dhe kultivon tradit\u00ebn komb\u00ebtare shqiptare duke trash\u00ebguar p\u00ebrmes brezave t\u00eb rinj.<\/em><\/figcaption><\/figure>\n\n\n\n<p><\/p>\n\n\n\n<p><\/p>\n\n\n\n<p>Po ashtu nuk u harruan edhe m\u00eb t\u00eb vegjlit pra nx\u00ebn\u00ebsit e&nbsp;&nbsp;shkoll\u00ebs fillore n\u00eb Banj\u00eb t\u00eb Sijarin\u00ebs dhe Tupall\u00eb.&nbsp;Zymer Hajrullahu, nj\u00eb njeri i urt\u00eb dhe i dashur, me nj\u00eb vizion t\u00eb qart\u00eb i cili dashurin\u00eb e tij ndaj vendit t\u00eb lindjes e shnd\u00ebrroi n\u00eb mision shoq\u00ebruar me pun\u00eb dhe p\u00ebrkushtim ia doli t\u00eb b\u00ebhet shembull i nj\u00eb aktivisti dhe veprimtari mbi t\u00eb gjitha nj\u00eb HUMANISTI.<\/p>\n\n\n\n<p>\u201c<em>T\u00eb bashkohemi t\u00eb gjith\u00eb se vet\u00ebm t\u00eb bashkuar ia dalim p\u00ebr vendlindjen ton\u00eb\u201d<\/em><\/p>\n\n\n\n<figure class=\"wp-block-embed is-type-video is-provider-youtube wp-block-embed-youtube wp-embed-aspect-16-9 wp-has-aspect-ratio\"><div class=\"wp-block-embed__wrapper\">\n<iframe  id=\"_ytid_11095\"  width=\"640\" height=\"360\"  data-origwidth=\"640\" data-origheight=\"360\" src=\"https:\/\/www.youtube.com\/embed\/aLUYKYSUp7E?enablejsapi=1&#038;autoplay=0&#038;cc_load_policy=0&#038;cc_lang_pref=&#038;iv_load_policy=1&#038;loop=0&#038;rel=1&#038;fs=1&#038;playsinline=0&#038;autohide=2&#038;theme=dark&#038;color=red&#038;controls=1&#038;\" class=\"__youtube_prefs__  epyt-is-override  no-lazyload\" title=\"YouTube player\"  allow=\"fullscreen; accelerometer; autoplay; clipboard-write; encrypted-media; gyroscope; picture-in-picture; web-share\" referrerpolicy=\"strict-origin-when-cross-origin\" allowfullscreen data-no-lazy=\"1\" data-skipgform_ajax_framebjll=\"\"><\/iframe>\n<\/div><figcaption class=\"wp-element-caption\"><em>M\u00eb dat\u00eb 23 Qershor 2024 n\u00eb stadionin Fully n\u00eb Valais u mbajt turneu n\u00eb futboll mes 34 ekipesh, adhuruesit&nbsp;&nbsp;e sportit pat\u00ebn rastin t\u00eb ndjekin loj\u00eb miq\u00ebsore n\u00eb futboll me q\u00eb rast u ndan dhe \u00e7mime p\u00ebr ekipet fituese.<\/em><\/figcaption><\/figure>\n\n\n\n<figure class=\"wp-block-gallery has-nested-images columns-default is-cropped wp-block-gallery-1 is-layout-flex wp-block-gallery-is-layout-flex\">\n<figure class=\"wp-block-image size-large\"><img fetchpriority=\"high\" decoding=\"async\" width=\"1024\" height=\"576\" data-id=\"2581\" src=\"https:\/\/medvegjasot.com\/wp-content\/uploads\/2024\/08\/IMG_5462-1024x576.jpeg\" alt=\"\" class=\"wp-image-2581\" srcset=\"https:\/\/medvegjasot.com\/wp-content\/uploads\/2024\/08\/IMG_5462-1024x576.jpeg 1024w, https:\/\/medvegjasot.com\/wp-content\/uploads\/2024\/08\/IMG_5462-300x169.jpeg 300w, https:\/\/medvegjasot.com\/wp-content\/uploads\/2024\/08\/IMG_5462-768x432.jpeg 768w, https:\/\/medvegjasot.com\/wp-content\/uploads\/2024\/08\/IMG_5462-1536x864.jpeg 1536w, https:\/\/medvegjasot.com\/wp-content\/uploads\/2024\/08\/IMG_5462-2048x1152.jpeg 2048w\" sizes=\"(max-width: 1024px) 100vw, 1024px\" \/><\/figure>\n\n\n\n<figure class=\"wp-block-image size-large\"><img decoding=\"async\" width=\"1024\" height=\"576\" data-id=\"2582\" src=\"https:\/\/medvegjasot.com\/wp-content\/uploads\/2024\/08\/IMG_5467-1024x576.jpeg\" alt=\"\" class=\"wp-image-2582\" srcset=\"https:\/\/medvegjasot.com\/wp-content\/uploads\/2024\/08\/IMG_5467-1024x576.jpeg 1024w, https:\/\/medvegjasot.com\/wp-content\/uploads\/2024\/08\/IMG_5467-300x169.jpeg 300w, https:\/\/medvegjasot.com\/wp-content\/uploads\/2024\/08\/IMG_5467-768x432.jpeg 768w, https:\/\/medvegjasot.com\/wp-content\/uploads\/2024\/08\/IMG_5467-1536x864.jpeg 1536w, https:\/\/medvegjasot.com\/wp-content\/uploads\/2024\/08\/IMG_5467-2048x1152.jpeg 2048w\" sizes=\"(max-width: 1024px) 100vw, 1024px\" \/><\/figure>\n\n\n\n<figure class=\"wp-block-image size-large\"><img decoding=\"async\" width=\"1024\" height=\"576\" data-id=\"2580\" src=\"https:\/\/medvegjasot.com\/wp-content\/uploads\/2024\/08\/IMG_5468-1024x576.jpeg\" alt=\"\" class=\"wp-image-2580\" srcset=\"https:\/\/medvegjasot.com\/wp-content\/uploads\/2024\/08\/IMG_5468-1024x576.jpeg 1024w, https:\/\/medvegjasot.com\/wp-content\/uploads\/2024\/08\/IMG_5468-300x169.jpeg 300w, https:\/\/medvegjasot.com\/wp-content\/uploads\/2024\/08\/IMG_5468-768x432.jpeg 768w, https:\/\/medvegjasot.com\/wp-content\/uploads\/2024\/08\/IMG_5468-1536x864.jpeg 1536w, https:\/\/medvegjasot.com\/wp-content\/uploads\/2024\/08\/IMG_5468-2048x1152.jpeg 2048w\" sizes=\"(max-width: 1024px) 100vw, 1024px\" \/><\/figure>\n<\/figure>\n\n\n\n<p><em>Shoq\u00ebria Kulturo Artistike \u201cMedvegja\u201d e cila vepron n\u00eb kuad\u00ebr t\u00eb Shoqat\u00ebs Humanitare Medvegja me seli n\u00eb FULLY t\u00eb Zvicr\u00ebs n\u00ebn udh\u00ebheqjen e kryetarit t\u00eb SHHM z. Zymer Hajrullahu, e ftuar t\u00eb merr pjes\u00eb n\u00eb \u201cFest\u00ebn e Komuniteteve\u201d e cila u mbajt sot m\u00eb dat\u00eb 07 Shtator 2024 n\u00eb Fully, Zvic\u00ebr.<br>Shoq\u00ebria Kulturo Arstistike Medvegja e cila drejtohet nga z. Sylejman Musliu p\u00ebrformoi n\u00eb mesin e 40 ansambleve tjera.<br>N\u00eb k\u00ebt\u00eb ngjarje Kulturo Arstistike mori pjes\u00eb edhe Shk\u00eblqesia e tij Ambasadori i Kosov\u00ebs n\u00eb Zvic\u00ebr z. Mentor Latifi. Suksese \u201cSHKA Medvegja\u201d. <\/em><br><br><\/p>\n\n\n\n<figure class=\"wp-block-embed is-type-video is-provider-youtube wp-block-embed-youtube wp-embed-aspect-16-9 wp-has-aspect-ratio\"><div class=\"wp-block-embed__wrapper\">\n<iframe  id=\"_ytid_13791\"  width=\"640\" height=\"360\"  data-origwidth=\"640\" data-origheight=\"360\" src=\"https:\/\/www.youtube.com\/embed\/tD7HABkwT0c?enablejsapi=1&#038;autoplay=0&#038;cc_load_policy=0&#038;cc_lang_pref=&#038;iv_load_policy=1&#038;loop=0&#038;rel=1&#038;fs=1&#038;playsinline=0&#038;autohide=2&#038;theme=dark&#038;color=red&#038;controls=1&#038;\" class=\"__youtube_prefs__  epyt-is-override  no-lazyload\" title=\"YouTube player\"  allow=\"fullscreen; accelerometer; autoplay; clipboard-write; encrypted-media; gyroscope; picture-in-picture; web-share\" referrerpolicy=\"strict-origin-when-cross-origin\" allowfullscreen data-no-lazy=\"1\" data-skipgform_ajax_framebjll=\"\"><\/iframe>\n<\/div><figcaption class=\"wp-element-caption\"><em>SH.K.A \u201cMEDVEGJA\u201d gjat\u00eb provave! <\/em><\/figcaption><\/figure>\n\n\n\n<p><strong>Duhet p\u00ebrmendur edhe kryesin e SHHM me 11 antar\u00eb:<\/strong> <\/p>\n\n\n\n<p><\/p>\n\n\n\n<figure class=\"wp-block-image size-large\"><img loading=\"lazy\" decoding=\"async\" width=\"1024\" height=\"576\" src=\"https:\/\/medvegjasot.com\/wp-content\/uploads\/2024\/08\/IMG_5730-1024x576.jpeg\" alt=\"\" class=\"wp-image-2677\" srcset=\"https:\/\/medvegjasot.com\/wp-content\/uploads\/2024\/08\/IMG_5730-1024x576.jpeg 1024w, https:\/\/medvegjasot.com\/wp-content\/uploads\/2024\/08\/IMG_5730-300x169.jpeg 300w, https:\/\/medvegjasot.com\/wp-content\/uploads\/2024\/08\/IMG_5730-768x432.jpeg 768w, https:\/\/medvegjasot.com\/wp-content\/uploads\/2024\/08\/IMG_5730-1536x864.jpeg 1536w, https:\/\/medvegjasot.com\/wp-content\/uploads\/2024\/08\/IMG_5730.jpeg 2048w\" sizes=\"(max-width: 1024px) 100vw, 1024px\" \/><\/figure>\n\n\n\n<p><em>Kryetar, Zymer Hajrullahu,N\u00ebnkryetare Valbona Thaqi, Sekretare Selvije Namani, Arkatar Sabit Abazi, Zenullah Namani, Samir Neziri, An\u00ebtar t\u00eb kryesis\u00eb, Blerim Beha, Naim Osmani, Sylejman Musliu, Shaban Bislimi, Fadil Baftiu.<\/em><\/p>\n\n\n\n<p class=\"coblocks-animate\" data-coblocks-animation=\"slideInRight\"><strong>SHHM dhe SHKA Medvegja merr pjes\u00eb n\u00eb Fest\u00ebn e Komkuniteteve n\u00eb FULLY, ZVIC\u00cbR<\/strong><\/p>\n\n\n\n<figure class=\"wp-block-image size-large\"><img loading=\"lazy\" decoding=\"async\" width=\"1024\" height=\"576\" src=\"https:\/\/medvegjasot.com\/wp-content\/uploads\/2024\/09\/photo-output-9-1024x576.jpeg\" alt=\"\" class=\"wp-image-2631\" srcset=\"https:\/\/medvegjasot.com\/wp-content\/uploads\/2024\/09\/photo-output-9-1024x576.jpeg 1024w, https:\/\/medvegjasot.com\/wp-content\/uploads\/2024\/09\/photo-output-9-300x169.jpeg 300w, https:\/\/medvegjasot.com\/wp-content\/uploads\/2024\/09\/photo-output-9-768x432.jpeg 768w, https:\/\/medvegjasot.com\/wp-content\/uploads\/2024\/09\/photo-output-9-1536x864.jpeg 1536w, https:\/\/medvegjasot.com\/wp-content\/uploads\/2024\/09\/photo-output-9-2048x1152.jpeg 2048w\" sizes=\"(max-width: 1024px) 100vw, 1024px\" \/><\/figure>\n\n\n\n<p><\/p>\n\n\n\n<p>N\u00eb ngjarjen Kulturore \u201cFesta e Komuniteteve\u201d e cila u mbajt me dat\u00eb 07 Shtator 2024 n\u00eb qytetin Fully t\u00eb Zvicr\u00ebs mori pjes\u00eb edhe Shoq\u00ebria Kulturo Artistike \u201cMedvegja\u201d e cila vepron n\u00eb kuad\u00ebr t\u00eb Shoqat\u00ebs Humanitare \u201cMedvegja\u201d n\u00eb Zvic\u00ebr n\u00ebn udh\u00ebheqjen e Kryetarit t\u00eb saj z. Zymer Hajrulahu.<\/p>\n\n\n\n<figure class=\"wp-block-image size-large\"><img loading=\"lazy\" decoding=\"async\" width=\"1024\" height=\"576\" src=\"https:\/\/medvegjasot.com\/wp-content\/uploads\/2024\/09\/photo-output-10-1024x576.jpeg\" alt=\"\" class=\"wp-image-2633\" srcset=\"https:\/\/medvegjasot.com\/wp-content\/uploads\/2024\/09\/photo-output-10-1024x576.jpeg 1024w, https:\/\/medvegjasot.com\/wp-content\/uploads\/2024\/09\/photo-output-10-300x169.jpeg 300w, https:\/\/medvegjasot.com\/wp-content\/uploads\/2024\/09\/photo-output-10-768x432.jpeg 768w, https:\/\/medvegjasot.com\/wp-content\/uploads\/2024\/09\/photo-output-10-1536x864.jpeg 1536w, https:\/\/medvegjasot.com\/wp-content\/uploads\/2024\/09\/photo-output-10.jpeg 2016w\" sizes=\"(max-width: 1024px) 100vw, 1024px\" \/><\/figure>\n\n\n\n<p><\/p>\n\n\n\n<p><br>Shoq\u00ebria Kulturore \u201cMedvegja\u201d e drejtuar nga z. Sylejman Musliu p\u00ebrformoi me valle n\u00eb mesin e 40 Ansambleve tjera.<br>N\u00eb k\u00ebt\u00eb ngjarje kulturore ishin t\u00eb ftuar edhe Ambasadori i Kosov\u00ebs n\u00eb Zvic\u00ebr Shk\u00eblqesia e tij z. Mentor Latifi, Kryetarja e Komun\u00ebs s\u00eb Fully, ZNJ. Caroline Ancay, Kryetari i SHHM \u201cMedvegja\u201d z. Zymer Hajrullahu.<br>T\u00eb pranishmit u arg\u00ebtuan me program t\u00ebr\u00eb ditor artistik nga Shoq\u00ebrit\u00eb pjes\u00ebmarr\u00ebse.<\/p>\n\n\n\n<figure class=\"wp-block-image size-large\"><img loading=\"lazy\" decoding=\"async\" width=\"1024\" height=\"576\" src=\"https:\/\/medvegjasot.com\/wp-content\/uploads\/2024\/09\/IMG_5648-1024x576.jpeg\" alt=\"\" class=\"wp-image-2635\" srcset=\"https:\/\/medvegjasot.com\/wp-content\/uploads\/2024\/09\/IMG_5648-1024x576.jpeg 1024w, https:\/\/medvegjasot.com\/wp-content\/uploads\/2024\/09\/IMG_5648-300x169.jpeg 300w, https:\/\/medvegjasot.com\/wp-content\/uploads\/2024\/09\/IMG_5648-768x432.jpeg 768w, https:\/\/medvegjasot.com\/wp-content\/uploads\/2024\/09\/IMG_5648-1536x864.jpeg 1536w, https:\/\/medvegjasot.com\/wp-content\/uploads\/2024\/09\/IMG_5648-2048x1152.jpeg 2048w\" sizes=\"(max-width: 1024px) 100vw, 1024px\" \/><\/figure>\n\n\n\n<p><\/p>\n\n\n\n<p><br>Kryetari i Shoqat\u00ebs Humanitare \u201cMedvegja\u201d z. Zymer Hajrullahu s\u00eb bashku me Ambasadorin e Kosov\u00ebs n\u00eb Zvic\u00ebr Shk\u00eblqesin\u00eb e tij z. Mentor Latifi si dhe Kryetarja p\u00ebr Integrim t\u00eb Ansambleve n\u00eb Consej mbajt\u00ebn takim me Kryetaren e Komun\u00ebs s\u00eb Fully znj. Caroline Ancay .<br>Takimi zgjati rreth 2 or\u00eb, pas takimit ngjarjen e hapi Kryetarja e Komun\u00ebs s\u00eb Fully e cila p\u00ebrsh\u00ebndeti t\u00eb pranishmit p\u00ebr pjes\u00ebmarrje.<\/p>\n\n\n\n<figure class=\"wp-block-image size-large\"><img loading=\"lazy\" decoding=\"async\" width=\"1024\" height=\"576\" src=\"https:\/\/medvegjasot.com\/wp-content\/uploads\/2024\/09\/photo-output-11-1024x576.jpeg\" alt=\"\" class=\"wp-image-2637\" srcset=\"https:\/\/medvegjasot.com\/wp-content\/uploads\/2024\/09\/photo-output-11-1024x576.jpeg 1024w, https:\/\/medvegjasot.com\/wp-content\/uploads\/2024\/09\/photo-output-11-300x169.jpeg 300w, https:\/\/medvegjasot.com\/wp-content\/uploads\/2024\/09\/photo-output-11-768x432.jpeg 768w, https:\/\/medvegjasot.com\/wp-content\/uploads\/2024\/09\/photo-output-11-1536x864.jpeg 1536w, https:\/\/medvegjasot.com\/wp-content\/uploads\/2024\/09\/photo-output-11.jpeg 2016w\" sizes=\"(max-width: 1024px) 100vw, 1024px\" \/><\/figure>\n\n\n\n<p><\/p>\n\n\n\n<p><br>Po ashtu me nj\u00eb fjal\u00eb rasti u paraqit edhe Ambasadori i Kosov\u00ebs n\u00eb Zvic\u00ebr Shk\u00eblqesia e tij z. Metor Latifi.<\/p>\n\n\n\n<figure class=\"wp-block-image size-large\"><img loading=\"lazy\" decoding=\"async\" width=\"1024\" height=\"574\" src=\"https:\/\/medvegjasot.com\/wp-content\/uploads\/2024\/09\/photo-output-12-1024x574.jpeg\" alt=\"\" class=\"wp-image-2638\" srcset=\"https:\/\/medvegjasot.com\/wp-content\/uploads\/2024\/09\/photo-output-12-1024x574.jpeg 1024w, https:\/\/medvegjasot.com\/wp-content\/uploads\/2024\/09\/photo-output-12-300x168.jpeg 300w, https:\/\/medvegjasot.com\/wp-content\/uploads\/2024\/09\/photo-output-12-768x431.jpeg 768w, https:\/\/medvegjasot.com\/wp-content\/uploads\/2024\/09\/photo-output-12-1536x862.jpeg 1536w, https:\/\/medvegjasot.com\/wp-content\/uploads\/2024\/09\/photo-output-12-2048x1149.jpeg 2048w\" sizes=\"(max-width: 1024px) 100vw, 1024px\" \/><\/figure>\n\n\n\n<p><\/p>\n\n\n\n<p><br>Fjala iu dha edhe Kryetarit t\u00eb SHHM z. Zymer Hajrullahu i cili p\u00ebrsh\u00ebndeti t\u00eb gjith\u00eb t\u00eb pranishmit si dhe n\u00eb fund fjalimi n\u00eb shenj\u00eb mir\u00ebnjohje ndau Monografin\u00eb e SHHM me mbi 33 vjet.<\/p>\n\n\n\n<figure class=\"wp-block-image size-large\"><img loading=\"lazy\" decoding=\"async\" width=\"1024\" height=\"576\" src=\"https:\/\/medvegjasot.com\/wp-content\/uploads\/2024\/09\/IMG_5650-1024x576.jpeg\" alt=\"\" class=\"wp-image-2636\" srcset=\"https:\/\/medvegjasot.com\/wp-content\/uploads\/2024\/09\/IMG_5650-1024x576.jpeg 1024w, https:\/\/medvegjasot.com\/wp-content\/uploads\/2024\/09\/IMG_5650-300x169.jpeg 300w, https:\/\/medvegjasot.com\/wp-content\/uploads\/2024\/09\/IMG_5650-768x432.jpeg 768w, https:\/\/medvegjasot.com\/wp-content\/uploads\/2024\/09\/IMG_5650-1536x864.jpeg 1536w, https:\/\/medvegjasot.com\/wp-content\/uploads\/2024\/09\/IMG_5650-2048x1152.jpeg 2048w\" sizes=\"(max-width: 1024px) 100vw, 1024px\" \/><\/figure>\n\n\n\n<p><br>Krejt n\u00eb fund p\u00ebr t\u00eb gjith\u00eb t\u00eb pranishmit u shtrua dreka tradicionale Sofra e Medvegj\u00ebs nga SHHM n\u00eb Zvic\u00ebr. <\/p>\n\n\n\n<figure class=\"wp-block-image size-large\"><img loading=\"lazy\" decoding=\"async\" width=\"1024\" height=\"574\" src=\"https:\/\/medvegjasot.com\/wp-content\/uploads\/2024\/08\/IMG_5726-1024x574.jpeg\" alt=\"\" class=\"wp-image-2662\" srcset=\"https:\/\/medvegjasot.com\/wp-content\/uploads\/2024\/08\/IMG_5726-1024x574.jpeg 1024w, https:\/\/medvegjasot.com\/wp-content\/uploads\/2024\/08\/IMG_5726-300x168.jpeg 300w, https:\/\/medvegjasot.com\/wp-content\/uploads\/2024\/08\/IMG_5726-768x431.jpeg 768w, https:\/\/medvegjasot.com\/wp-content\/uploads\/2024\/08\/IMG_5726-1536x861.jpeg 1536w, https:\/\/medvegjasot.com\/wp-content\/uploads\/2024\/08\/IMG_5726-2048x1148.jpeg 2048w\" sizes=\"(max-width: 1024px) 100vw, 1024px\" \/><\/figure>\n\n\n\n<p>Zymer HAJRULLAHU, An\u00ebtar i Lidhjes s\u00eb Shoqatave t\u00eb Preshev\u00ebs, Medvegj\u00ebs dhe Bujanocit n\u00eb Zvic\u00ebr. Kryetari i Shoqat\u00ebs Humanitare \u2019\u2019MEDVEGJA\u2019\u2019 n\u00eb Zvic\u00ebr.&nbsp;Afarist\u00eb i suksessh\u00ebm&nbsp;&nbsp;n\u00eb Zvic\u00ebr dhe Veprimtar e&nbsp;&nbsp;Humanist. I Ftuar Nderi, p\u00ebr t\u00eb nderuar me pranin\u00eb e Tij, n\u00eb &#8220;Takimi i Madh i ANAMORAV\u00cbS&#8221;: Takim PanShqiptar- Nd\u00ebrBallkanik -EuroAtlantik, me tematik\u00eb: Histori- Identitet- Integrim, mbahet me 5 Tetor 2024, ora 10.00 e paradit\u00ebs, n\u00eb sallen &#8220;Sun Garden Events&#8221; n\u00eb &#8220;Vali Ranch Resort &amp; Congress Center&#8221;, n\u00eb Gjilan-Republika e Kosov\u00ebs.<\/p>\n\n\n\n<figure class=\"wp-block-gallery has-nested-images columns-default is-cropped wp-block-gallery-2 is-layout-flex wp-block-gallery-is-layout-flex\">\n<figure class=\"wp-block-image size-large\"><img loading=\"lazy\" decoding=\"async\" width=\"1024\" height=\"584\" data-id=\"2667\" src=\"https:\/\/medvegjasot.com\/wp-content\/uploads\/2024\/08\/IMG_5727-1024x584.jpeg\" alt=\"\" class=\"wp-image-2667\" srcset=\"https:\/\/medvegjasot.com\/wp-content\/uploads\/2024\/08\/IMG_5727-1024x584.jpeg 1024w, https:\/\/medvegjasot.com\/wp-content\/uploads\/2024\/08\/IMG_5727-300x171.jpeg 300w, https:\/\/medvegjasot.com\/wp-content\/uploads\/2024\/08\/IMG_5727-768x438.jpeg 768w, https:\/\/medvegjasot.com\/wp-content\/uploads\/2024\/08\/IMG_5727.jpeg 1125w\" sizes=\"(max-width: 1024px) 100vw, 1024px\" \/><\/figure>\n<\/figure>\n\n\n\n<p>Shoqata Humanitare &#8216;Medvegja&#8217; n\u00eb Zvic\u00ebr me kryetar z. Zymer HAJRULLAHU i plot\u00ebson d\u00ebshir\u00ebn modeste plakut t\u00eb mir\u00eb n\u00eb fshatin Sijarin\u00eb, komuna e Medvegj\u00ebs.<\/p>\n\n\n\n<p><\/p>\n\n\n\n<h1 class=\"wp-block-heading\"><\/h1>\n\n\n\n<figure class=\"wp-block-image size-large\"><img loading=\"lazy\" decoding=\"async\" width=\"1024\" height=\"619\" src=\"https:\/\/medvegjasot.com\/wp-content\/uploads\/2024\/08\/IMG_5728-1024x619.jpeg\" alt=\"\" class=\"wp-image-2669\" srcset=\"https:\/\/medvegjasot.com\/wp-content\/uploads\/2024\/08\/IMG_5728-1024x619.jpeg 1024w, https:\/\/medvegjasot.com\/wp-content\/uploads\/2024\/08\/IMG_5728-300x181.jpeg 300w, https:\/\/medvegjasot.com\/wp-content\/uploads\/2024\/08\/IMG_5728-768x464.jpeg 768w, https:\/\/medvegjasot.com\/wp-content\/uploads\/2024\/08\/IMG_5728.jpeg 1079w\" sizes=\"(max-width: 1024px) 100vw, 1024px\" \/><\/figure>\n\n\n\n<p>Shoqata Humanitare \u201cMedvegja\u201d n\u00eb Zvic\u00ebr me kryetar z. Zymer Hajrullahu nuk ka t\u00eb ndalur!<br>Tradita vazhdon, t\u00eb pa lodhur me kontributin human p\u00ebr vendlindjen.<br>\u00cbsht\u00eb e vetmja dritare e shqiptar\u00ebve t\u00eb Medvegj\u00ebs SHHM n\u00eb ZVIC\u00cbR me kryetar z. ZYMER HAJRULLAHU ndihmon familjen Aliu n\u00eb Gjylekresht\u00eb. <\/p>\n\n\n\n<figure class=\"wp-block-image size-large\"><img loading=\"lazy\" decoding=\"async\" width=\"1024\" height=\"576\" src=\"https:\/\/medvegjasot.com\/wp-content\/uploads\/2024\/08\/IMG_5729-1024x576.jpeg\" alt=\"\" class=\"wp-image-2671\" srcset=\"https:\/\/medvegjasot.com\/wp-content\/uploads\/2024\/08\/IMG_5729-1024x576.jpeg 1024w, https:\/\/medvegjasot.com\/wp-content\/uploads\/2024\/08\/IMG_5729-300x169.jpeg 300w, https:\/\/medvegjasot.com\/wp-content\/uploads\/2024\/08\/IMG_5729-768x432.jpeg 768w, https:\/\/medvegjasot.com\/wp-content\/uploads\/2024\/08\/IMG_5729-1536x864.jpeg 1536w, https:\/\/medvegjasot.com\/wp-content\/uploads\/2024\/08\/IMG_5729.jpeg 2048w\" sizes=\"(max-width: 1024px) 100vw, 1024px\" \/><\/figure>\n\n\n\n<p>Shoqata humanitare \u201cMedvegja\u201d me seli n\u00eb Zvic\u00ebr, ndihmoi sot familjen e Agim Pajazitit nga Siarina &#8211; Medvegj\u00eb me rastin e hapjes s\u00eb puset\u00ebs- bunarit p\u00ebr furnizim me uj\u00eb.<br>Agimi kishte filluar hapjen e puset\u00ebs, por mjetet e huazuara nuk i mjaftonin p\u00ebr p\u00ebrmbylljen e obligimeve ndaj pun\u00ebkryesve, prandaj shoqata e ndihmoi n\u00eb k\u00ebt\u00eb drejtim.<br>Agimit dhe familjes s\u00eb tij i d\u00ebshirojm\u00eb sh\u00ebndet dhe mbar\u00ebsi!<\/p>\n\n\n\n<figure class=\"wp-block-image size-large\"><img loading=\"lazy\" decoding=\"async\" width=\"1024\" height=\"613\" src=\"https:\/\/medvegjasot.com\/wp-content\/uploads\/2024\/08\/IMG_5733-1024x613.jpeg\" alt=\"\" class=\"wp-image-2674\" srcset=\"https:\/\/medvegjasot.com\/wp-content\/uploads\/2024\/08\/IMG_5733-1024x613.jpeg 1024w, https:\/\/medvegjasot.com\/wp-content\/uploads\/2024\/08\/IMG_5733-300x180.jpeg 300w, https:\/\/medvegjasot.com\/wp-content\/uploads\/2024\/08\/IMG_5733-768x460.jpeg 768w, https:\/\/medvegjasot.com\/wp-content\/uploads\/2024\/08\/IMG_5733-1536x920.jpeg 1536w, https:\/\/medvegjasot.com\/wp-content\/uploads\/2024\/08\/IMG_5733.jpeg 2048w\" sizes=\"(max-width: 1024px) 100vw, 1024px\" \/><\/figure>\n\n\n\n<p>Shoqata Humanitare &#8220;MEDVEGJA&#8221; gjithmon\u00eb me zem\u00ebr dhe mendje n\u00eb Vendlindje! <br>Me rastin e fest\u00ebs s\u00eb Fit\u00ebr Bajramit, shoqata humanitare&#8221;Medvegja&#8221; me seli n\u00eb Zvic\u00ebr ndan\u00eb 800\u20ac p\u00ebr nx\u00ebn\u00ebsit e komun\u00ebs s\u00eb Medvegj\u00ebs.<br>Sot t\u00eb gjith\u00eb nx\u00ebn\u00ebsve, nga klasa e par\u00eb fillore deri n\u00eb vitin e kat\u00ebrt, ua p\u00ebrcoll\u00ebm urimet e shoqat\u00ebs dhe uruam fest\u00ebn!<\/p>\n\n\n\n<p>Nx\u00ebn\u00ebsit e arsimit shqip n\u00eb Medvegj\u00eb fal\u00ebnderuan shoqat\u00ebn dhe bashk\u00ebvendasit duke u d\u00ebshiruar sh\u00ebndet t\u00eb mir\u00eb dhe begati p\u00ebr t&#8217;a dhe familjet e tyre!<\/p>\n\n\n\n<p>Sh\u00ebndet dhe mbar\u00ebsi, g\u00ebzuar p\u00ebr shum\u00eb mote Zymer HAJRULLAHU, kryetar i ShHM.<\/p>\n\n\n\n<figure class=\"wp-block-image size-large\"><img loading=\"lazy\" decoding=\"async\" width=\"795\" height=\"1024\" src=\"https:\/\/medvegjasot.com\/wp-content\/uploads\/2024\/08\/IMG_5812-795x1024.jpeg\" alt=\"\" class=\"wp-image-2724\" srcset=\"https:\/\/medvegjasot.com\/wp-content\/uploads\/2024\/08\/IMG_5812-795x1024.jpeg 795w, https:\/\/medvegjasot.com\/wp-content\/uploads\/2024\/08\/IMG_5812-233x300.jpeg 233w, https:\/\/medvegjasot.com\/wp-content\/uploads\/2024\/08\/IMG_5812-768x989.jpeg 768w, https:\/\/medvegjasot.com\/wp-content\/uploads\/2024\/08\/IMG_5812-1193x1536.jpeg 1193w, https:\/\/medvegjasot.com\/wp-content\/uploads\/2024\/08\/IMG_5812.jpeg 1476w\" sizes=\"(max-width: 795px) 100vw, 795px\" \/><\/figure>\n\n\n\n<p><strong>N\u00eb 10 vjetorin e aktivitetit t\u00eb saj, portali \u201cMedvegja Sot\u201d, ndan\u00eb:<\/strong><\/p>\n\n\n\n<p>Mir\u00ebnjohje<\/p>\n\n\n\n<p>\u2026p\u00ebr kryetarin e&nbsp;<strong>Shoqat\u00ebn Humanitare \u201cMEDVEGJA\u201d , me seli n\u00eb Zvic\u00ebr z. ZYMER HAJRULLAHU&nbsp;<\/strong><\/p>\n\n\n\n<p>\u2026n\u00eb shenj\u00eb respekti dhe fal\u00ebnderimi p\u00ebr ndikimin e dh\u00ebn\u00eb n\u00eb ruajtjen dhe kultivimin e vlerave shqipe te bashkatdhetar\u00ebt n\u00eb Zvic\u00ebr.&nbsp;<\/p>\n\n\n\n<p>Si dhe p\u00ebr kontributin dhe p\u00ebrkrahjen e vazhdueshme humanitare p\u00ebr bashk\u00ebvend\u00ebsit tan\u00eb n\u00eb Medvegj\u00eb dhe Kosov\u00eb, p\u00ebrfshir\u00eb edhe mb\u00ebshtetjen financiare dh\u00ebn\u00eb portalit&nbsp;&nbsp; &nbsp; &nbsp;&nbsp;\u201cMedvegja Sot\u201d.<\/p>\n\n\n\n<p>Shtator 2024&nbsp; &nbsp; &nbsp; &nbsp; &nbsp; &nbsp; &nbsp; &nbsp; &nbsp; &nbsp; &nbsp; &nbsp; &nbsp; &nbsp; &nbsp; &nbsp; &nbsp; &nbsp; &nbsp; &nbsp; &nbsp; &nbsp; &nbsp; &nbsp; &nbsp; &nbsp; &nbsp; &nbsp; &nbsp; &nbsp; &nbsp;&nbsp;<strong>Redaksia, \u201cMS\u201d<\/strong><\/p>\n\n\n\n<p><strong>Stafi realizues i portalit dhe kanalit informativ Medvegja Sot falenderon SHHM n\u00eb Zvic\u00ebr me kryetar z. Zymer Hajrullahu, p\u00ebr mund\u00ebsin\u00eb dhe mb\u00ebshtetjen FINANCAT e dh\u00ebn\u00eb p\u00ebr t\u00eb qen\u00eb pjes\u00eb e manifestimit tradicional kulturoro-sportiv&nbsp;p\u00ebr tri vite. <\/strong><\/p>\n\n\n\n<figure class=\"wp-block-gallery has-nested-images columns-default is-cropped wp-block-gallery-3 is-layout-flex wp-block-gallery-is-layout-flex\">\n<figure class=\"wp-block-image size-large\"><img loading=\"lazy\" decoding=\"async\" width=\"728\" height=\"1024\" data-id=\"2682\" src=\"https:\/\/medvegjasot.com\/wp-content\/uploads\/2024\/08\/IMG_5734-728x1024.jpeg\" alt=\"\" class=\"wp-image-2682\" srcset=\"https:\/\/medvegjasot.com\/wp-content\/uploads\/2024\/08\/IMG_5734-728x1024.jpeg 728w, https:\/\/medvegjasot.com\/wp-content\/uploads\/2024\/08\/IMG_5734-213x300.jpeg 213w, https:\/\/medvegjasot.com\/wp-content\/uploads\/2024\/08\/IMG_5734-768x1080.jpeg 768w, https:\/\/medvegjasot.com\/wp-content\/uploads\/2024\/08\/IMG_5734-1092x1536.jpeg 1092w, https:\/\/medvegjasot.com\/wp-content\/uploads\/2024\/08\/IMG_5734.jpeg 1280w\" sizes=\"(max-width: 728px) 100vw, 728px\" \/><\/figure>\n\n\n\n<figure class=\"wp-block-image size-large\"><img loading=\"lazy\" decoding=\"async\" width=\"819\" height=\"1024\" data-id=\"2679\" src=\"https:\/\/medvegjasot.com\/wp-content\/uploads\/2024\/08\/IMG_5735-819x1024.jpeg\" alt=\"\" class=\"wp-image-2679\" srcset=\"https:\/\/medvegjasot.com\/wp-content\/uploads\/2024\/08\/IMG_5735-819x1024.jpeg 819w, https:\/\/medvegjasot.com\/wp-content\/uploads\/2024\/08\/IMG_5735-240x300.jpeg 240w, https:\/\/medvegjasot.com\/wp-content\/uploads\/2024\/08\/IMG_5735-768x960.jpeg 768w, https:\/\/medvegjasot.com\/wp-content\/uploads\/2024\/08\/IMG_5735.jpeg 1080w\" sizes=\"(max-width: 819px) 100vw, 819px\" \/><\/figure>\n\n\n\n<figure class=\"wp-block-image size-large\"><img loading=\"lazy\" decoding=\"async\" width=\"461\" height=\"1024\" data-id=\"2681\" src=\"https:\/\/medvegjasot.com\/wp-content\/uploads\/2024\/08\/IMG_5736-461x1024.jpeg\" alt=\"\" class=\"wp-image-2681\" srcset=\"https:\/\/medvegjasot.com\/wp-content\/uploads\/2024\/08\/IMG_5736-461x1024.jpeg 461w, https:\/\/medvegjasot.com\/wp-content\/uploads\/2024\/08\/IMG_5736-135x300.jpeg 135w, https:\/\/medvegjasot.com\/wp-content\/uploads\/2024\/08\/IMG_5736.jpeg 640w\" sizes=\"(max-width: 461px) 100vw, 461px\" \/><\/figure>\n\n\n\n<figure class=\"wp-block-image size-large\"><img loading=\"lazy\" decoding=\"async\" width=\"678\" height=\"960\" data-id=\"2680\" src=\"https:\/\/medvegjasot.com\/wp-content\/uploads\/2024\/08\/IMG_5737.jpeg\" alt=\"\" class=\"wp-image-2680\" srcset=\"https:\/\/medvegjasot.com\/wp-content\/uploads\/2024\/08\/IMG_5737.jpeg 678w, https:\/\/medvegjasot.com\/wp-content\/uploads\/2024\/08\/IMG_5737-212x300.jpeg 212w\" sizes=\"(max-width: 678px) 100vw, 678px\" \/><\/figure>\n<\/figure>\n\n\n\n<figure class=\"wp-block-image size-large\"><img loading=\"lazy\" decoding=\"async\" width=\"819\" height=\"1024\" src=\"https:\/\/medvegjasot.com\/wp-content\/uploads\/2024\/08\/956c9c17-541f-462b-ad76-7b8abbbeba96-819x1024.jpeg\" alt=\"\" class=\"wp-image-3257\" srcset=\"https:\/\/medvegjasot.com\/wp-content\/uploads\/2024\/08\/956c9c17-541f-462b-ad76-7b8abbbeba96-819x1024.jpeg 819w, https:\/\/medvegjasot.com\/wp-content\/uploads\/2024\/08\/956c9c17-541f-462b-ad76-7b8abbbeba96-240x300.jpeg 240w, https:\/\/medvegjasot.com\/wp-content\/uploads\/2024\/08\/956c9c17-541f-462b-ad76-7b8abbbeba96-768x960.jpeg 768w, https:\/\/medvegjasot.com\/wp-content\/uploads\/2024\/08\/956c9c17-541f-462b-ad76-7b8abbbeba96.jpeg 1080w\" sizes=\"(max-width: 819px) 100vw, 819px\" \/><\/figure>\n\n\n\n<p><\/p>\n\n\n\n<figure class=\"wp-block-image\"><img decoding=\"async\" src=\"https:\/\/medvegjasot.com\/wp-content\/uploads\/2024\/08\/webgif1.gif\" alt=\"\"\/><\/figure>\n\n\n\n<figure class=\"wp-block-image\"><img decoding=\"async\" src=\"https:\/\/medvegjasot.com\/wp-content\/uploads\/2024\/09\/photo-output-38.jpeg\" alt=\"\"\/><\/figure>\n\n\n\n<p>Dje, m\u00eb dat\u00eb 29.09.2024 kryesia e Shoqat\u00ebs Humanitare Medvegja mbledhjen e saj t\u00eb zakonshme e filloi me nj\u00eb minut\u00eb heshtje n\u00eb nderim t\u00eb m\u00ebsuesit, shkrimtarit, veprimtarit Shaban Abazi.&nbsp;<\/p>\n\n\n\n<figure class=\"wp-block-image\"><img loading=\"lazy\" decoding=\"async\" width=\"1024\" height=\"614\" src=\"https:\/\/medvegjasot.com\/wp-content\/uploads\/2024\/09\/IMG_7476-1024x614.jpeg\" alt=\"\" class=\"wp-image-2949\" srcset=\"https:\/\/medvegjasot.com\/wp-content\/uploads\/2024\/09\/IMG_7476-1024x614.jpeg 1024w, https:\/\/medvegjasot.com\/wp-content\/uploads\/2024\/09\/IMG_7476-300x180.jpeg 300w, https:\/\/medvegjasot.com\/wp-content\/uploads\/2024\/09\/IMG_7476-768x461.jpeg 768w, https:\/\/medvegjasot.com\/wp-content\/uploads\/2024\/09\/IMG_7476-1536x922.jpeg 1536w, https:\/\/medvegjasot.com\/wp-content\/uploads\/2024\/09\/IMG_7476-2048x1229.jpeg 2048w\" sizes=\"(max-width: 1024px) 100vw, 1024px\" \/><\/figure>\n\n\n\n<p>Shaban Abazi ishte nj\u00eb bashk\u00ebpun\u00ebtor me shoqat\u00ebn p\u00ebr shum\u00eb vite e n\u00eb ve\u00e7anti n\u00eb koh\u00ebrat m\u00eb t\u00eb v\u00ebshtira p\u00ebr Medvegj\u00ebn si komandant I U\u00c7PMB \u2013 ZO Medvegj\u00eb \u2013 \u00ebs.&nbsp;Kryetari i SHH Medvegja z. Zymer Hajrullahu, vler\u00ebsoi lart\u00eb angazhimin e tij n\u00eb \u00e7\u00ebshtjen komb\u00ebtare, kulturore dhe humane, z. Hajrullahu nd\u00ebr tjera kujton edhe ftes\u00ebn e fundit q\u00eb ia b\u00ebri Shaban Abazit.&nbsp;<br>Shaban Abazi iku nga kjo bot\u00eb m\u00eb dat\u00eb 28 Tetor 2024.&nbsp; Emri dhe vepra e tij mbetet i gjall\u00eb gjithmon\u00eb!&nbsp;<br>Ngush\u00ebllime Familjes ABAZI.&nbsp;<strong>ShH \u201cMedvegja\u201d Zymer Hajrullahu, Kryetar.<\/strong><\/p>\n\n\n\n<figure class=\"wp-block-image size-large\"><img loading=\"lazy\" decoding=\"async\" width=\"1024\" height=\"576\" src=\"https:\/\/medvegjasot.com\/wp-content\/uploads\/2024\/08\/photo-output-21-1024x576.jpeg\" alt=\"\" class=\"wp-image-3258\" srcset=\"https:\/\/medvegjasot.com\/wp-content\/uploads\/2024\/08\/photo-output-21-1024x576.jpeg 1024w, https:\/\/medvegjasot.com\/wp-content\/uploads\/2024\/08\/photo-output-21-300x169.jpeg 300w, https:\/\/medvegjasot.com\/wp-content\/uploads\/2024\/08\/photo-output-21-768x432.jpeg 768w, https:\/\/medvegjasot.com\/wp-content\/uploads\/2024\/08\/photo-output-21-1536x864.jpeg 1536w, https:\/\/medvegjasot.com\/wp-content\/uploads\/2024\/08\/photo-output-21.jpeg 2016w\" sizes=\"(max-width: 1024px) 100vw, 1024px\" \/><\/figure>\n\n\n\n<p>Shoqata Humanitare Medvegja n\u00eb Zvic\u00ebr mb\u00ebshtet PROTEST\u00cbN e cila do t\u00eb mbahet m\u00eb 3 n\u00ebntor 2024, ora 13:00, para Stacionit Policor n\u00eb Medvegj\u00eb \u201cKTHEMA ADRES\u00cbN\u201d<\/p>\n\n\n\n<p>&#8220;Un\u00eb si kryetar i Shoqat\u00ebs Humanitare Medvegja Zymer Hajrullahu, n\u00eb pajtim me kryesin jemi t\u00eb p\u00ebrkushtuar n\u00eb angazhimin ton\u00eb human, si dhe duke pasur parasysh padrejt\u00ebsit\u00eb t\u00eb cilat po zhvillohen ndaj vendlindjes ton\u00eb Medvegj\u00eb e n\u00eb ve\u00e7anti Pasivizimin e adresave, ne si SHHM e mb\u00ebshtesim fuqish\u00ebm Protest\u00ebn e dat\u00ebs 3 N\u00ebntor 2024&#8221; <strong>Zymer Hajrullahu, kryetar i Shoqat\u00ebs Humanitare Medvegja me seli n\u00eb Zvic\u00ebr!<\/strong><\/p>\n\n\n\n<figure class=\"wp-block-image size-large\"><img loading=\"lazy\" decoding=\"async\" width=\"1024\" height=\"576\" src=\"https:\/\/medvegjasot.com\/wp-content\/uploads\/2024\/08\/IMG_9987-1024x576.jpeg\" alt=\"\" class=\"wp-image-3522\" srcset=\"https:\/\/medvegjasot.com\/wp-content\/uploads\/2024\/08\/IMG_9987-1024x576.jpeg 1024w, https:\/\/medvegjasot.com\/wp-content\/uploads\/2024\/08\/IMG_9987-300x169.jpeg 300w, https:\/\/medvegjasot.com\/wp-content\/uploads\/2024\/08\/IMG_9987-768x432.jpeg 768w, https:\/\/medvegjasot.com\/wp-content\/uploads\/2024\/08\/IMG_9987-1536x864.jpeg 1536w, https:\/\/medvegjasot.com\/wp-content\/uploads\/2024\/08\/IMG_9987-2048x1152.jpeg 2048w\" sizes=\"(max-width: 1024px) 100vw, 1024px\" \/><\/figure>\n\n\n\n<p>T\u00eb dilen m\u00eb 17 n\u00ebntor 2024 Shoq\u00ebria Kulturore Artistike \u201cMedvegja\u201d me drejtor Sylejman Musliu, q\u00eb vepron n\u00eb kuad\u00ebr t\u00eb Shoqat\u00ebs Humanitare Medvegja, ishte e ftuar nga sindikata UNIA n\u00eb Sion, kantoni Valais ku u paraqit me k\u00ebng\u00eb e valle. N\u00eb k\u00ebt\u00eb manifestim u bashk\u00ebngjita edhe un\u00eb <strong>Zymer Hajrullahu, kryetar i ShHM <\/strong>s\u00eb bashku me disa an\u00ebtar\u00eb t\u00eb kryesis\u00eb e ku n\u00eb mesin ton\u00eb kishte shum\u00eb bashk\u00ebvend\u00ebs nga Medvegja.<\/p>\n\n\n\n<p>\u2026\u2026\u2026\u2026\u2026\u2026\u2026.      <br><\/p>\n\n\n\n<p>Me dat\u00ebn 7 dhjetor 2024 Shoqata Humanitare \u201c<strong>MEDVEGJA<\/strong>\u201d, organizoi fest\u00ebn kushtuar&nbsp;<strong>Pavar\u00ebsis\u00eb s\u00eb Shqip\u00ebris\u00eb<\/strong>, ku mblodhi qytetar nga e gjith\u00eb bota,&nbsp;&nbsp;si \u00e7do her\u00eb u bashkuan, festuan p\u00ebr disa or\u00eb u \u00e7mall\u00ebn si n\u00eb vendlindje.&nbsp;&nbsp;<\/p>\n\n\n\n<figure class=\"wp-block-embed is-type-rich is-provider-embed-handler wp-block-embed-embed-handler\"><div class=\"wp-block-embed__wrapper\">\nhttps:\/\/youtube.com\/watch?v=uLSWzLxay1U%3Ffeature%3Doembed\n<\/div><\/figure>\n\n\n\n<p>Atmosfer\u00eb e mrekullueshme p\u00ebr gjith\u00eb t\u00eb pranishmit u p\u00ebrcoll nga artist\u00ebt e mir\u00ebnjohur&nbsp;<strong>Sef\u00eb Duraj&nbsp;<\/strong>dhe&nbsp;<strong>Lumnie Ramdani&nbsp;<\/strong>me sint: Avni Nezirit dhe Muhamet Selimi.<\/p>\n\n\n\n<figure class=\"wp-block-image\"><img loading=\"lazy\" decoding=\"async\" width=\"1024\" height=\"562\" src=\"https:\/\/medvegjasot.com\/wp-content\/uploads\/2024\/12\/IMG_1383-1-1024x562.jpeg\" alt=\"\" class=\"wp-image-3677\" srcset=\"https:\/\/medvegjasot.com\/wp-content\/uploads\/2024\/12\/IMG_1383-1-1024x562.jpeg 1024w, https:\/\/medvegjasot.com\/wp-content\/uploads\/2024\/12\/IMG_1383-1-300x165.jpeg 300w, https:\/\/medvegjasot.com\/wp-content\/uploads\/2024\/12\/IMG_1383-1-768x421.jpeg 768w, https:\/\/medvegjasot.com\/wp-content\/uploads\/2024\/12\/IMG_1383-1.jpeg 1179w\" sizes=\"(max-width: 1024px) 100vw, 1024px\" \/><\/figure>\n\n\n\n<p>Kryetari i&nbsp;<strong>ShHM Zymer Hajrullahu<\/strong>, p\u00ebr tri vite dha mesazh uniteti, \u00e7ka e d\u00ebshmon numri i madh n\u00eb manifestime, puna humanitare si dhe ajo m\u00eb e ve\u00e7anta ruajtja e tradit\u00ebs, historis\u00eb dhe vlerave tona n\u00eb ve\u00e7anti nga krahina e Medvegj\u00ebs dhe jo vet\u00ebm.&nbsp;<\/p>\n\n\n\n<figure class=\"wp-block-embed is-type-rich is-provider-embed-handler wp-block-embed-embed-handler\"><div class=\"wp-block-embed__wrapper\">\nhttps:\/\/youtube.com\/watch?v=HxgVSBrdiag%3Ffeature%3Doembed\n<\/div><\/figure>\n\n\n\n<p>Me k\u00ebt\u00eb rast Shoq\u00ebri Kulturore Artistike Medvegja u paraqit m\u00eb nj\u00eb program artistik me disa valle dhe keng\u00eb t\u00eb trevave t\u00eb ndryshme me motive festive dhe epike, e udh\u00ebhequr nga drejtori i pa lodhur si kurdo e kudo&nbsp;<strong>Sylejman Musliu<\/strong>, shoq\u00ebri e cila vepron n\u00eb kuad\u00ebr t\u00eb ShHM.&nbsp;&nbsp;<br><strong>SH.K.A. MEDVEGJA<\/strong>, \u00ebsht\u00eb ambasadori m\u00eb i mir\u00eb i kultur\u00ebs dhe tradit\u00ebs t\u00eb t\u00eb parve tan\u00eb.<\/p>\n\n\n\n<figure class=\"wp-block-image\"><img loading=\"lazy\" decoding=\"async\" width=\"1024\" height=\"562\" src=\"https:\/\/medvegjasot.com\/wp-content\/uploads\/2024\/12\/IMG_1374-1024x562.jpeg\" alt=\"\" class=\"wp-image-3676\" srcset=\"https:\/\/medvegjasot.com\/wp-content\/uploads\/2024\/12\/IMG_1374-1024x562.jpeg 1024w, https:\/\/medvegjasot.com\/wp-content\/uploads\/2024\/12\/IMG_1374-300x165.jpeg 300w, https:\/\/medvegjasot.com\/wp-content\/uploads\/2024\/12\/IMG_1374-768x421.jpeg 768w, https:\/\/medvegjasot.com\/wp-content\/uploads\/2024\/12\/IMG_1374.jpeg 1179w\" sizes=\"(max-width: 1024px) 100vw, 1024px\" \/><\/figure>\n\n\n\n<p>Me ritmin e k\u00ebng\u00ebs valles dhe hars\u00eb ishte ky manifestim modh\u00ebshtor, kontribut i jasht\u00eb zakonsh\u00ebm i kryetarit dhe kryesis\u00eb s\u00eb Shoqat\u00ebs Humanitare Medvegja, ata tani din\u00eb dhe japin m\u00eb t\u00eb mir\u00ebn n\u00eb organizim si dhe me kuzhin tradicionale e deri te \u00e7\u2019do detaj i organizimit.<\/p>\n\n\n\n<figure class=\"wp-block-image\"><img loading=\"lazy\" decoding=\"async\" width=\"1024\" height=\"576\" src=\"https:\/\/medvegjasot.com\/wp-content\/uploads\/2024\/12\/IMG_1537-1024x576.png\" alt=\"\" class=\"wp-image-3729\" srcset=\"https:\/\/medvegjasot.com\/wp-content\/uploads\/2024\/12\/IMG_1537-1024x576.png 1024w, https:\/\/medvegjasot.com\/wp-content\/uploads\/2024\/12\/IMG_1537-300x169.png 300w\" sizes=\"(max-width: 1024px) 100vw, 1024px\" \/><\/figure>\n\n\n\n<p>Kryetari i ShHM z. Zymer Hajrullahu n\u00eb fjal\u00ebn e tij p\u00ebrsh\u00ebndetse, tha se 28 n\u00ebntori \u00ebsht\u00eb dita e t\u00eb gjith\u00eb&nbsp;shqiptar\u00ebve, t\u00eb bashkohemi t\u00eb gjith\u00eb se vet\u00ebm t\u00eb bashkuar ia dalim, Zoti e bekoft\u00eb Flamurin Komb\u00ebtar dhe shqiptar\u00ebt kudo ndodhen.&nbsp;<\/p>\n\n\n\n<figure class=\"wp-block-image\"><img loading=\"lazy\" decoding=\"async\" width=\"1024\" height=\"567\" src=\"https:\/\/medvegjasot.com\/wp-content\/uploads\/2024\/12\/IMG_1530-1024x567.jpeg\" alt=\"\" class=\"wp-image-3718\" srcset=\"https:\/\/medvegjasot.com\/wp-content\/uploads\/2024\/12\/IMG_1530-1024x567.jpeg 1024w, https:\/\/medvegjasot.com\/wp-content\/uploads\/2024\/12\/IMG_1530-300x166.jpeg 300w, https:\/\/medvegjasot.com\/wp-content\/uploads\/2024\/12\/IMG_1530-768x425.jpeg 768w, https:\/\/medvegjasot.com\/wp-content\/uploads\/2024\/12\/IMG_1530-1536x850.jpeg 1536w, https:\/\/medvegjasot.com\/wp-content\/uploads\/2024\/12\/IMG_1530-2048x1134.jpeg 2048w\" sizes=\"(max-width: 1024px) 100vw, 1024px\" \/><\/figure>\n\n\n\n<p>Z. Mevlud Sinanin,&nbsp;<strong>z\u00ebvend\u00ebsminist\u00ebr p\u00ebr Komunitete dhe Kthim n\u00eb Republik\u00ebn e Kosov\u00ebs<\/strong>, me nj\u00eb fjal\u00eb rasti p\u00ebrsh\u00ebndeti t\u00eb pranishmit!&nbsp;<\/p>\n\n\n\n<figure class=\"wp-block-embed is-type-rich is-provider-embed-handler wp-block-embed-embed-handler\"><div class=\"wp-block-embed__wrapper\">\nhttps:\/\/youtube.com\/watch?v=vG39rzCwZR8%3Ffeature%3Doembed\n<\/div><\/figure>\n\n\n\n<p>Sinani tha se \u00ebsht\u00eb k\u00ebnaq\u00ebsi e ve\u00e7ant\u00eb q\u00eb me ftes\u00eb t\u00eb \u201cShoqat\u00ebs Humanitare Medvegja\u201d, n\u00eb Valais t\u00eb Zvicr\u00ebs, sonte jam pjes\u00ebmarr\u00ebs n\u00eb organizimin p\u00ebr nder t\u00eb fest\u00ebs s\u00eb Flamurit ton\u00eb Komb\u00ebtar.&nbsp;<\/p>\n\n\n\n<figure class=\"wp-block-image\"><img loading=\"lazy\" decoding=\"async\" width=\"1024\" height=\"576\" src=\"https:\/\/medvegjasot.com\/wp-content\/uploads\/2024\/12\/IMG_1531-1024x576.jpeg\" alt=\"\" class=\"wp-image-3721\" srcset=\"https:\/\/medvegjasot.com\/wp-content\/uploads\/2024\/12\/IMG_1531-1024x576.jpeg 1024w, https:\/\/medvegjasot.com\/wp-content\/uploads\/2024\/12\/IMG_1531-300x169.jpeg 300w, https:\/\/medvegjasot.com\/wp-content\/uploads\/2024\/12\/IMG_1531-768x432.jpeg 768w, https:\/\/medvegjasot.com\/wp-content\/uploads\/2024\/12\/IMG_1531-1536x864.jpeg 1536w, https:\/\/medvegjasot.com\/wp-content\/uploads\/2024\/12\/IMG_1531-2048x1152.jpeg 2048w\" sizes=\"(max-width: 1024px) 100vw, 1024px\" \/><\/figure>\n\n\n\n<p>Kjo shoqat\u00eb egziston me dakada dhe ka dh\u00ebn\u00eb nj\u00eb kontribut shum\u00eb t\u00eb madh p\u00ebr lirin\u00eb e Kosov\u00ebs. Gjithashtu, vazhdon aktivitetin e saj humanitar p\u00ebr mir\u00ebqenien e shqiptar\u00ebve n\u00eb trojet tona, me theks t\u00eb ve\u00e7ant\u00eb n\u00eb Medvegj\u00eb.&nbsp;<\/p>\n\n\n\n<p>Sinani para pranishm\u00ebve foli p\u00ebr pun\u00ebt dhe projektet e&nbsp;<strong>Qeveris\u00eb s\u00eb Republik\u00ebs s\u00eb Kosov\u00ebs p\u00ebr Lugin\u00ebn.<\/strong><\/p>\n\n\n\n<figure class=\"wp-block-image\"><img loading=\"lazy\" decoding=\"async\" width=\"1024\" height=\"576\" src=\"https:\/\/medvegjasot.com\/wp-content\/uploads\/2024\/12\/IMG_1533-1024x576.jpeg\" alt=\"\" class=\"wp-image-3720\" srcset=\"https:\/\/medvegjasot.com\/wp-content\/uploads\/2024\/12\/IMG_1533-1024x576.jpeg 1024w, https:\/\/medvegjasot.com\/wp-content\/uploads\/2024\/12\/IMG_1533-300x169.jpeg 300w, https:\/\/medvegjasot.com\/wp-content\/uploads\/2024\/12\/IMG_1533-768x432.jpeg 768w, https:\/\/medvegjasot.com\/wp-content\/uploads\/2024\/12\/IMG_1533-1536x864.jpeg 1536w, https:\/\/medvegjasot.com\/wp-content\/uploads\/2024\/12\/IMG_1533-2048x1152.jpeg 2048w\" sizes=\"(max-width: 1024px) 100vw, 1024px\" \/><\/figure>\n\n\n\n<p>P\u00ebrve\u00e7 fondeve q\u00eb kemi nda viteve te kaluara, n\u00eb k\u00ebt\u00eb vit do t\u00eb shp\u00ebrndahen 1 milion euro p\u00ebr bujq\u00ebsi, blegtori dhe bletari. Nd\u00ebrsa p\u00ebr vitin e ardhsh\u00ebm kemi parapa edhe 4 milion\u00eb t\u00eb tjera p\u00ebr projekte t\u00eb ndryshme q\u00eb ndikojn\u00eb n\u00eb ngritjen e cil\u00ebsis\u00eb s\u00eb jet\u00ebs p\u00ebr shqiptar\u00ebt n\u00eb&nbsp;<strong>Medvegj\u00eb, Preshev\u00eb dhe Bujanoc<\/strong>.<\/p>\n\n\n\n<figure class=\"wp-block-image\"><img loading=\"lazy\" decoding=\"async\" width=\"1024\" height=\"576\" src=\"https:\/\/medvegjasot.com\/wp-content\/uploads\/2024\/12\/IMG_1532-1024x576.jpeg\" alt=\"\" class=\"wp-image-3723\" srcset=\"https:\/\/medvegjasot.com\/wp-content\/uploads\/2024\/12\/IMG_1532-1024x576.jpeg 1024w, https:\/\/medvegjasot.com\/wp-content\/uploads\/2024\/12\/IMG_1532-300x169.jpeg 300w, https:\/\/medvegjasot.com\/wp-content\/uploads\/2024\/12\/IMG_1532-768x432.jpeg 768w, https:\/\/medvegjasot.com\/wp-content\/uploads\/2024\/12\/IMG_1532-1536x864.jpeg 1536w, https:\/\/medvegjasot.com\/wp-content\/uploads\/2024\/12\/IMG_1532-2048x1152.jpeg 2048w\" sizes=\"(max-width: 1024px) 100vw, 1024px\" \/><\/figure>\n\n\n\n<p>Po ashtu rikujtoi edhe r\u00ebnd\u00ebsin\u00eb q\u00eb m\u00ebrgata t\u00eb regjistrohet p\u00ebr votim jasht\u00eb Kosov\u00ebs, dhe se afati i fundit p\u00ebr regjistrim \u00ebsht\u00eb data 26 e k\u00ebtij muaji.&nbsp;<\/p>\n\n\n\n<figure class=\"wp-block-image\"><img loading=\"lazy\" decoding=\"async\" width=\"1024\" height=\"565\" src=\"https:\/\/medvegjasot.com\/wp-content\/uploads\/2024\/12\/IMG_1390-1024x565.jpeg\" alt=\"\" class=\"wp-image-3663\" srcset=\"https:\/\/medvegjasot.com\/wp-content\/uploads\/2024\/12\/IMG_1390-1024x565.jpeg 1024w, https:\/\/medvegjasot.com\/wp-content\/uploads\/2024\/12\/IMG_1390-300x166.jpeg 300w, https:\/\/medvegjasot.com\/wp-content\/uploads\/2024\/12\/IMG_1390-768x424.jpeg 768w, https:\/\/medvegjasot.com\/wp-content\/uploads\/2024\/12\/IMG_1390.jpeg 1179w\" sizes=\"(max-width: 1024px) 100vw, 1024px\" \/><\/figure>\n\n\n\n<p>Portali MEDVEGJASOT. COM, ndoqi k\u00ebto takime fal\u00eb kryetarit Hajrullahu dhe kryesis\u00eb q\u00eb na mund\u00ebsojn dhe kontriobojn\u00eb \u00e7do her\u00eb si mb\u00ebshtet\u00ebs Gjeneral q\u00eb ne t\u00eb jemi prezen fal\u00ebnderojm kryetarin dhe gjith\u00eb kryesin\u00eb e ata jan\u00eb:&nbsp;Kryetar, Zymer Hajrullahu,N\u00ebnkryetare Valbona Thaqi, Sekretare Selvije Namani, Arkatar Sabit Abazi, Zenullah Namani, Samir Neziri, An\u00ebtar t\u00eb kryesis\u00eb, Blerim Beha, Naim Osmani, Sylejman Musliu, Shaban Bislimi dhe Fadil Baftiu.<\/p>\n\n\n\n<p><strong>Darka e fundvitit 2024 nga kryesia e Shoqat\u00ebs Humanitare MEDVEGJA<\/strong><\/p>\n\n\n\n<figure class=\"wp-block-gallery has-nested-images columns-default is-cropped wp-block-gallery-4 is-layout-flex wp-block-gallery-is-layout-flex\">\n<figure class=\"wp-block-image size-large\"><img loading=\"lazy\" decoding=\"async\" width=\"1024\" height=\"576\" data-id=\"3866\" src=\"https:\/\/medvegjasot.com\/wp-content\/uploads\/2024\/12\/IMG_1722-1024x576.jpeg\" alt=\"\" class=\"wp-image-3866\" srcset=\"https:\/\/medvegjasot.com\/wp-content\/uploads\/2024\/12\/IMG_1722-1024x576.jpeg 1024w, https:\/\/medvegjasot.com\/wp-content\/uploads\/2024\/12\/IMG_1722-300x169.jpeg 300w, https:\/\/medvegjasot.com\/wp-content\/uploads\/2024\/12\/IMG_1722-768x432.jpeg 768w, https:\/\/medvegjasot.com\/wp-content\/uploads\/2024\/12\/IMG_1722-1536x864.jpeg 1536w, https:\/\/medvegjasot.com\/wp-content\/uploads\/2024\/12\/IMG_1722-2048x1152.jpeg 2048w\" sizes=\"(max-width: 1024px) 100vw, 1024px\" \/><\/figure>\n\n\n\n<figure class=\"wp-block-image size-large\"><img loading=\"lazy\" decoding=\"async\" width=\"1024\" height=\"576\" data-id=\"3870\" src=\"https:\/\/medvegjasot.com\/wp-content\/uploads\/2024\/12\/IMG_1725-1024x576.jpeg\" alt=\"\" class=\"wp-image-3870\" srcset=\"https:\/\/medvegjasot.com\/wp-content\/uploads\/2024\/12\/IMG_1725-1024x576.jpeg 1024w, https:\/\/medvegjasot.com\/wp-content\/uploads\/2024\/12\/IMG_1725-300x169.jpeg 300w, https:\/\/medvegjasot.com\/wp-content\/uploads\/2024\/12\/IMG_1725-768x432.jpeg 768w, https:\/\/medvegjasot.com\/wp-content\/uploads\/2024\/12\/IMG_1725-1536x864.jpeg 1536w, https:\/\/medvegjasot.com\/wp-content\/uploads\/2024\/12\/IMG_1725-2048x1152.jpeg 2048w\" sizes=\"(max-width: 1024px) 100vw, 1024px\" \/><\/figure>\n<\/figure>\n\n\n\n<p>\u201c<em>Po e p\u00ebrfundojm\u00eb k\u00ebt\u00eb vit me nj\u00eb dark\u00eb t\u00eb organizuar nga Shoqata Humanitare Medvegja , me q\u2019rast i falenderojm\u00eb nga zemra gjith\u00eb kontribuesit p\u00ebr pun\u00ebn dhe angazhimin e tyre t\u00eb pandalsh\u00ebm dhe vullnetar. I falenderojm\u00eb poashtu gjith\u00eb sponzoruesit q\u00eb finansuan dhe mund\u00ebsuan organizimet e shk\u00eblqyera t\u00eb k\u00ebtij viti.<\/em><\/p>\n\n\n\n<figure class=\"wp-block-gallery has-nested-images columns-default is-cropped wp-block-gallery-5 is-layout-flex wp-block-gallery-is-layout-flex\">\n<figure class=\"wp-block-image size-large\"><img loading=\"lazy\" decoding=\"async\" width=\"1024\" height=\"576\" data-id=\"3868\" src=\"https:\/\/medvegjasot.com\/wp-content\/uploads\/2024\/12\/IMG_1723-1024x576.jpeg\" alt=\"\" class=\"wp-image-3868\" srcset=\"https:\/\/medvegjasot.com\/wp-content\/uploads\/2024\/12\/IMG_1723-1024x576.jpeg 1024w, https:\/\/medvegjasot.com\/wp-content\/uploads\/2024\/12\/IMG_1723-300x169.jpeg 300w, https:\/\/medvegjasot.com\/wp-content\/uploads\/2024\/12\/IMG_1723-768x432.jpeg 768w, https:\/\/medvegjasot.com\/wp-content\/uploads\/2024\/12\/IMG_1723-1536x864.jpeg 1536w, https:\/\/medvegjasot.com\/wp-content\/uploads\/2024\/12\/IMG_1723-2048x1152.jpeg 2048w\" sizes=\"(max-width: 1024px) 100vw, 1024px\" \/><\/figure>\n\n\n\n<figure class=\"wp-block-image size-large\"><img loading=\"lazy\" decoding=\"async\" width=\"1024\" height=\"576\" data-id=\"3869\" src=\"https:\/\/medvegjasot.com\/wp-content\/uploads\/2024\/12\/IMG_1724-1024x576.jpeg\" alt=\"\" class=\"wp-image-3869\" srcset=\"https:\/\/medvegjasot.com\/wp-content\/uploads\/2024\/12\/IMG_1724-1024x576.jpeg 1024w, https:\/\/medvegjasot.com\/wp-content\/uploads\/2024\/12\/IMG_1724-300x169.jpeg 300w, https:\/\/medvegjasot.com\/wp-content\/uploads\/2024\/12\/IMG_1724-768x432.jpeg 768w, https:\/\/medvegjasot.com\/wp-content\/uploads\/2024\/12\/IMG_1724-1536x864.jpeg 1536w, https:\/\/medvegjasot.com\/wp-content\/uploads\/2024\/12\/IMG_1724-2048x1152.jpeg 2048w\" sizes=\"(max-width: 1024px) 100vw, 1024px\" \/><\/figure>\n<\/figure>\n\n\n\n<p><br><em>Ne ju d\u00ebshirojm\u00eb sh\u00ebndet, mir\u00ebsi dhe mbar\u00ebsi n\u00eb familjet tuaja!\u201d, <strong>thuhet n\u00eb postimin e ShHM<\/strong>.  <br>G\u00ebzuar festat e fundvitit!<\/em><br><strong>Me nderime, Kryesia e shoqat\u00ebs.&nbsp;<br>Salgesch, 20 dhjetor 2024<\/strong><\/p>\n\n\n\n<p>Shoqata Humanitare Medvegja me seli n\u00eb Fully t\u00eb Zvicr\u00ebs organizoi fest\u00ebn kushtuar 17 vjetorit t\u00eb Pavar\u00ebsis\u00eb s\u00eb Kosov\u00ebs!<\/p>\n\n\n\n<figure class=\"wp-block-embed is-type-video is-provider-youtube wp-block-embed-youtube wp-embed-aspect-16-9 wp-has-aspect-ratio\"><div class=\"wp-block-embed__wrapper\">\n<iframe  id=\"_ytid_46123\"  width=\"640\" height=\"360\"  data-origwidth=\"640\" data-origheight=\"360\" src=\"https:\/\/www.youtube.com\/embed\/abUScO5bDvw?enablejsapi=1&#038;autoplay=0&#038;cc_load_policy=0&#038;cc_lang_pref=&#038;iv_load_policy=1&#038;loop=0&#038;rel=1&#038;fs=1&#038;playsinline=0&#038;autohide=2&#038;theme=dark&#038;color=red&#038;controls=1&#038;\" class=\"__youtube_prefs__  epyt-is-override  no-lazyload\" title=\"YouTube player\"  allow=\"fullscreen; accelerometer; autoplay; clipboard-write; encrypted-media; gyroscope; picture-in-picture; web-share\" referrerpolicy=\"strict-origin-when-cross-origin\" allowfullscreen data-no-lazy=\"1\" data-skipgform_ajax_framebjll=\"\"><\/iframe>\n<\/div><\/figure>\n\n\n\n<p><\/p>\n\n\n\n<p>Fillimisht n\u00eb sken\u00eb doli Shoq\u00ebria Artistike Medvegja me drejtor Sylejman Musliu, ku ishin p\u00ebrgatitur p\u00ebr k\u00ebt\u00eb fest\u00eb m\u00eb pas me disa k\u00ebng\u00eb doli edhe grupi folklorik Musa Neziri e q\u00eb veprojn\u00eb n\u00ebn ombrell\u00ebn e ShHM.<\/p>\n\n\n\n<p>P\u00ebr rend\u00ebsin e k\u00ebsaj feste foli kryetari i ShHM, Zymer Hajrullahu, nd\u00ebrsa Ambasadori, i Republik\u00ebs s\u00eb Kosov\u00ebs n\u00eb Zvic\u00ebr, Shk\u00eblqesia e Tij Mentor Latifi, i cili nd\u00ebr tjera tha se duhet t\u00eb jemi sa m\u00eb t\u00eb bashkuar, n\u00eb ve\u00e7anti me fjal\u00eb miradije p\u00ebr ruajtjen e kultur\u00ebs dhe gjuh\u00ebn shqipe, ai fal\u00ebnderoj kryetarin z. Hajrullahu p\u00ebr ftes\u00ebn dhe pun\u00ebn q\u00eb po b\u00ebjn\u00eb si Shoqat\u00eb.<\/p>\n\n\n\n<figure class=\"wp-block-embed is-type-video is-provider-youtube wp-block-embed-youtube wp-embed-aspect-16-9 wp-has-aspect-ratio\"><div class=\"wp-block-embed__wrapper\">\n<iframe  id=\"_ytid_28266\"  width=\"640\" height=\"360\"  data-origwidth=\"640\" data-origheight=\"360\" src=\"https:\/\/www.youtube.com\/embed\/kPZ4KI-Jf58?enablejsapi=1&#038;autoplay=0&#038;cc_load_policy=0&#038;cc_lang_pref=&#038;iv_load_policy=1&#038;loop=0&#038;rel=1&#038;fs=1&#038;playsinline=0&#038;autohide=2&#038;theme=dark&#038;color=red&#038;controls=1&#038;\" class=\"__youtube_prefs__  epyt-is-override  no-lazyload\" title=\"YouTube player\"  allow=\"fullscreen; accelerometer; autoplay; clipboard-write; encrypted-media; gyroscope; picture-in-picture; web-share\" referrerpolicy=\"strict-origin-when-cross-origin\" allowfullscreen data-no-lazy=\"1\" data-skipgform_ajax_framebjll=\"\"><\/iframe>\n<\/div><\/figure>\n\n\n\n<p><\/p>\n\n\n\n<p>P\u00ebr nj\u00eb atmosfer\u00eb t\u00eb mir\u00eb u kujdes\u00ebn Vllez\u00ebrit e mir\u00ebnjohur Aliu, festa vazhdoj deri mbas mesnate me mysafir nga Mitrovica, Ka\u00e7aniku, Medvegja, Prizreni, Gjilani dhe m\u00ebrgata n\u00eb Zvic\u00ebr, me nj\u00eb zem\u00ebrgjer\u00ebsi dhe nj\u00eb kuzhin\u00eb Tradicionale u mbyll\u00eb ky manifestim i 17 me radh\u00eb i organizuar nga Shoqata Humanitare Medvegja. #medvegjasot.com<\/p>\n\n\n\n<p><\/p>\n","protected":false},"excerpt":{"rendered":"<p>Zymer Hajrullahu, kryetar i Shoqat\u00ebs Humanitare \u201cMedvegja\u201d me seli n\u00eb Fully t\u00eb Zvicr\u00ebs i urt\u00eb dhe i dashur, me nj\u00eb vizion t\u00eb qart\u00eb i cili dashurin\u00eb e tij ndaj vendit t\u00eb lindjes e shnd\u00ebrroi n\u00eb mision shoq\u00ebruar me pun\u00eb dhe p\u00ebrkushtim ia doli t\u00eb b\u00ebhet shembull i nj\u00eb aktivisti dhe veprimtari mbi t\u00eb gjitha nj\u00eb&#8230;<\/p>\n","protected":false},"author":2,"featured_media":2486,"comment_status":"open","ping_status":"open","sticky":false,"template":"","format":"standard","meta":{"_coblocks_attr":"","_coblocks_dimensions":"","_coblocks_responsive_height":"","_coblocks_accordion_ie_support":"","_monsterinsights_skip_tracking":false,"_monsterinsights_sitenote_active":false,"_monsterinsights_sitenote_note":"","_monsterinsights_sitenote_category":0,"footnotes":""},"categories":[17,15,18],"tags":[],"class_list":["post-2068","post","type-post","status-publish","format-standard","has-post-thumbnail","hentry","category-diaspora","category-intervista","category-kulture"],"yoast_head":"<!-- This site is optimized with the Yoast SEO plugin v27.5 - https:\/\/yoast.com\/product\/yoast-seo-wordpress\/ -->\n<title>ZYMER HAJRULLAHU ME VIZION T\u00cb QART\u00cb NDAJ VENDLINDJES DHE KULTUR\u00cbS MBI T\u00cb GJITHA HUMANIST - Medvegja Sot<\/title>\n<meta name=\"robots\" content=\"index, follow, max-snippet:-1, max-image-preview:large, max-video-preview:-1\" \/>\n<link rel=\"canonical\" href=\"https:\/\/medvegjasot.com\/?p=2068\" \/>\n<meta property=\"og:locale\" content=\"en_US\" \/>\n<meta property=\"og:type\" content=\"article\" \/>\n<meta property=\"og:title\" content=\"ZYMER HAJRULLAHU ME VIZION T\u00cb QART\u00cb NDAJ VENDLINDJES DHE KULTUR\u00cbS MBI T\u00cb GJITHA HUMANIST - Medvegja Sot\" \/>\n<meta property=\"og:description\" content=\"Zymer Hajrullahu, kryetar i Shoqat\u00ebs Humanitare \u201cMedvegja\u201d me seli n\u00eb Fully t\u00eb Zvicr\u00ebs i urt\u00eb dhe i dashur, me nj\u00eb vizion t\u00eb qart\u00eb i cili dashurin\u00eb e tij ndaj vendit t\u00eb lindjes e shnd\u00ebrroi n\u00eb mision shoq\u00ebruar me pun\u00eb dhe p\u00ebrkushtim ia doli t\u00eb b\u00ebhet shembull i nj\u00eb aktivisti dhe veprimtari mbi t\u00eb gjitha nj\u00eb...\" \/>\n<meta property=\"og:url\" content=\"https:\/\/medvegjasot.com\/?p=2068\" \/>\n<meta property=\"og:site_name\" content=\"Medvegja Sot\" \/>\n<meta property=\"article:publisher\" content=\"https:\/\/www.facebook.com\/MedvegjaSot.com1\" \/>\n<meta property=\"article:published_time\" content=\"2024-08-16T07:03:57+00:00\" \/>\n<meta property=\"article:modified_time\" content=\"2025-03-19T22:31:59+00:00\" \/>\n<meta property=\"og:image\" content=\"https:\/\/medvegjasot.com\/wp-content\/uploads\/2024\/08\/IMG_5163-scaled.jpeg\" \/>\n\t<meta property=\"og:image:width\" content=\"2560\" \/>\n\t<meta property=\"og:image:height\" content=\"1440\" \/>\n\t<meta property=\"og:image:type\" content=\"image\/jpeg\" \/>\n<meta name=\"author\" content=\"admin\" \/>\n<meta name=\"twitter:card\" content=\"summary_large_image\" \/>\n<meta name=\"twitter:label1\" content=\"Written by\" \/>\n\t<meta name=\"twitter:data1\" content=\"admin\" \/>\n\t<meta name=\"twitter:label2\" content=\"Est. reading time\" \/>\n\t<meta name=\"twitter:data2\" content=\"20 minutes\" \/>\n<script type=\"application\/ld+json\" class=\"yoast-schema-graph\">{\"@context\":\"https:\\\/\\\/schema.org\",\"@graph\":[{\"@type\":\"Article\",\"@id\":\"https:\\\/\\\/medvegjasot.com\\\/?p=2068#article\",\"isPartOf\":{\"@id\":\"https:\\\/\\\/medvegjasot.com\\\/?p=2068\"},\"author\":{\"name\":\"admin\",\"@id\":\"https:\\\/\\\/medvegjasot.com\\\/#\\\/schema\\\/person\\\/f2be1a84f4e95d0cb032946a1cf2e594\"},\"headline\":\"ZYMER HAJRULLAHU ME VIZION T\u00cb QART\u00cb NDAJ VENDLINDJES DHE KULTUR\u00cbS MBI T\u00cb GJITHA HUMANIST\",\"datePublished\":\"2024-08-16T07:03:57+00:00\",\"dateModified\":\"2025-03-19T22:31:59+00:00\",\"mainEntityOfPage\":{\"@id\":\"https:\\\/\\\/medvegjasot.com\\\/?p=2068\"},\"wordCount\":3459,\"commentCount\":0,\"publisher\":{\"@id\":\"https:\\\/\\\/medvegjasot.com\\\/#organization\"},\"image\":{\"@id\":\"https:\\\/\\\/medvegjasot.com\\\/?p=2068#primaryimage\"},\"thumbnailUrl\":\"https:\\\/\\\/medvegjasot.com\\\/wp-content\\\/uploads\\\/2024\\\/08\\\/IMG_5163-scaled.jpeg\",\"articleSection\":[\"DIASPORA\",\"INTERVISTA\",\"KULTUR\u00cb\"],\"inLanguage\":\"en-US\",\"potentialAction\":[{\"@type\":\"CommentAction\",\"name\":\"Comment\",\"target\":[\"https:\\\/\\\/medvegjasot.com\\\/?p=2068#respond\"]}]},{\"@type\":\"WebPage\",\"@id\":\"https:\\\/\\\/medvegjasot.com\\\/?p=2068\",\"url\":\"https:\\\/\\\/medvegjasot.com\\\/?p=2068\",\"name\":\"ZYMER HAJRULLAHU ME VIZION T\u00cb QART\u00cb NDAJ VENDLINDJES DHE KULTUR\u00cbS MBI T\u00cb GJITHA HUMANIST - Medvegja Sot\",\"isPartOf\":{\"@id\":\"https:\\\/\\\/medvegjasot.com\\\/#website\"},\"primaryImageOfPage\":{\"@id\":\"https:\\\/\\\/medvegjasot.com\\\/?p=2068#primaryimage\"},\"image\":{\"@id\":\"https:\\\/\\\/medvegjasot.com\\\/?p=2068#primaryimage\"},\"thumbnailUrl\":\"https:\\\/\\\/medvegjasot.com\\\/wp-content\\\/uploads\\\/2024\\\/08\\\/IMG_5163-scaled.jpeg\",\"datePublished\":\"2024-08-16T07:03:57+00:00\",\"dateModified\":\"2025-03-19T22:31:59+00:00\",\"breadcrumb\":{\"@id\":\"https:\\\/\\\/medvegjasot.com\\\/?p=2068#breadcrumb\"},\"inLanguage\":\"en-US\",\"potentialAction\":[{\"@type\":\"ReadAction\",\"target\":[\"https:\\\/\\\/medvegjasot.com\\\/?p=2068\"]}]},{\"@type\":\"ImageObject\",\"inLanguage\":\"en-US\",\"@id\":\"https:\\\/\\\/medvegjasot.com\\\/?p=2068#primaryimage\",\"url\":\"https:\\\/\\\/medvegjasot.com\\\/wp-content\\\/uploads\\\/2024\\\/08\\\/IMG_5163-scaled.jpeg\",\"contentUrl\":\"https:\\\/\\\/medvegjasot.com\\\/wp-content\\\/uploads\\\/2024\\\/08\\\/IMG_5163-scaled.jpeg\",\"width\":2560,\"height\":1440},{\"@type\":\"BreadcrumbList\",\"@id\":\"https:\\\/\\\/medvegjasot.com\\\/?p=2068#breadcrumb\",\"itemListElement\":[{\"@type\":\"ListItem\",\"position\":1,\"name\":\"Home\",\"item\":\"https:\\\/\\\/medvegjasot.com\\\/\"},{\"@type\":\"ListItem\",\"position\":2,\"name\":\"ZYMER HAJRULLAHU ME VIZION T\u00cb QART\u00cb NDAJ VENDLINDJES DHE KULTUR\u00cbS MBI T\u00cb GJITHA HUMANIST\"}]},{\"@type\":\"WebSite\",\"@id\":\"https:\\\/\\\/medvegjasot.com\\\/#website\",\"url\":\"https:\\\/\\\/medvegjasot.com\\\/\",\"name\":\"Medvegja Sot\",\"description\":\"Portal Lajmesh\",\"publisher\":{\"@id\":\"https:\\\/\\\/medvegjasot.com\\\/#organization\"},\"alternateName\":\"MS\",\"potentialAction\":[{\"@type\":\"SearchAction\",\"target\":{\"@type\":\"EntryPoint\",\"urlTemplate\":\"https:\\\/\\\/medvegjasot.com\\\/?s={search_term_string}\"},\"query-input\":{\"@type\":\"PropertyValueSpecification\",\"valueRequired\":true,\"valueName\":\"search_term_string\"}}],\"inLanguage\":\"en-US\"},{\"@type\":\"Organization\",\"@id\":\"https:\\\/\\\/medvegjasot.com\\\/#organization\",\"name\":\"Medvegja Sot\",\"alternateName\":\"MS\",\"url\":\"https:\\\/\\\/medvegjasot.com\\\/\",\"logo\":{\"@type\":\"ImageObject\",\"inLanguage\":\"en-US\",\"@id\":\"https:\\\/\\\/medvegjasot.com\\\/#\\\/schema\\\/logo\\\/image\\\/\",\"url\":\"https:\\\/\\\/medvegjasot.com\\\/wp-content\\\/uploads\\\/2024\\\/08\\\/logo.png\",\"contentUrl\":\"https:\\\/\\\/medvegjasot.com\\\/wp-content\\\/uploads\\\/2024\\\/08\\\/logo.png\",\"width\":500,\"height\":500,\"caption\":\"Medvegja Sot\"},\"image\":{\"@id\":\"https:\\\/\\\/medvegjasot.com\\\/#\\\/schema\\\/logo\\\/image\\\/\"},\"sameAs\":[\"https:\\\/\\\/www.facebook.com\\\/MedvegjaSot.com1\"]},{\"@type\":\"Person\",\"@id\":\"https:\\\/\\\/medvegjasot.com\\\/#\\\/schema\\\/person\\\/f2be1a84f4e95d0cb032946a1cf2e594\",\"name\":\"admin\",\"image\":{\"@type\":\"ImageObject\",\"inLanguage\":\"en-US\",\"@id\":\"https:\\\/\\\/secure.gravatar.com\\\/avatar\\\/2eedc5259426225ddc6f98b4b6728c30418b83e6f70285719780d3518d972ece?s=96&d=mm&r=g\",\"url\":\"https:\\\/\\\/secure.gravatar.com\\\/avatar\\\/2eedc5259426225ddc6f98b4b6728c30418b83e6f70285719780d3518d972ece?s=96&d=mm&r=g\",\"contentUrl\":\"https:\\\/\\\/secure.gravatar.com\\\/avatar\\\/2eedc5259426225ddc6f98b4b6728c30418b83e6f70285719780d3518d972ece?s=96&d=mm&r=g\",\"caption\":\"admin\"},\"url\":\"https:\\\/\\\/medvegjasot.com\\\/?author=2\"}]}<\/script>\n<!-- \/ Yoast SEO plugin. -->","yoast_head_json":{"title":"ZYMER HAJRULLAHU ME VIZION T\u00cb QART\u00cb NDAJ VENDLINDJES DHE KULTUR\u00cbS MBI T\u00cb GJITHA HUMANIST - Medvegja Sot","robots":{"index":"index","follow":"follow","max-snippet":"max-snippet:-1","max-image-preview":"max-image-preview:large","max-video-preview":"max-video-preview:-1"},"canonical":"https:\/\/medvegjasot.com\/?p=2068","og_locale":"en_US","og_type":"article","og_title":"ZYMER HAJRULLAHU ME VIZION T\u00cb QART\u00cb NDAJ VENDLINDJES DHE KULTUR\u00cbS MBI T\u00cb GJITHA HUMANIST - Medvegja Sot","og_description":"Zymer Hajrullahu, kryetar i Shoqat\u00ebs Humanitare \u201cMedvegja\u201d me seli n\u00eb Fully t\u00eb Zvicr\u00ebs i urt\u00eb dhe i dashur, me nj\u00eb vizion t\u00eb qart\u00eb i cili dashurin\u00eb e tij ndaj vendit t\u00eb lindjes e shnd\u00ebrroi n\u00eb mision shoq\u00ebruar me pun\u00eb dhe p\u00ebrkushtim ia doli t\u00eb b\u00ebhet shembull i nj\u00eb aktivisti dhe veprimtari mbi t\u00eb gjitha nj\u00eb...","og_url":"https:\/\/medvegjasot.com\/?p=2068","og_site_name":"Medvegja Sot","article_publisher":"https:\/\/www.facebook.com\/MedvegjaSot.com1","article_published_time":"2024-08-16T07:03:57+00:00","article_modified_time":"2025-03-19T22:31:59+00:00","og_image":[{"width":2560,"height":1440,"url":"https:\/\/medvegjasot.com\/wp-content\/uploads\/2024\/08\/IMG_5163-scaled.jpeg","type":"image\/jpeg"}],"author":"admin","twitter_card":"summary_large_image","twitter_misc":{"Written by":"admin","Est. reading time":"20 minutes"},"schema":{"@context":"https:\/\/schema.org","@graph":[{"@type":"Article","@id":"https:\/\/medvegjasot.com\/?p=2068#article","isPartOf":{"@id":"https:\/\/medvegjasot.com\/?p=2068"},"author":{"name":"admin","@id":"https:\/\/medvegjasot.com\/#\/schema\/person\/f2be1a84f4e95d0cb032946a1cf2e594"},"headline":"ZYMER HAJRULLAHU ME VIZION T\u00cb QART\u00cb NDAJ VENDLINDJES DHE KULTUR\u00cbS MBI T\u00cb GJITHA HUMANIST","datePublished":"2024-08-16T07:03:57+00:00","dateModified":"2025-03-19T22:31:59+00:00","mainEntityOfPage":{"@id":"https:\/\/medvegjasot.com\/?p=2068"},"wordCount":3459,"commentCount":0,"publisher":{"@id":"https:\/\/medvegjasot.com\/#organization"},"image":{"@id":"https:\/\/medvegjasot.com\/?p=2068#primaryimage"},"thumbnailUrl":"https:\/\/medvegjasot.com\/wp-content\/uploads\/2024\/08\/IMG_5163-scaled.jpeg","articleSection":["DIASPORA","INTERVISTA","KULTUR\u00cb"],"inLanguage":"en-US","potentialAction":[{"@type":"CommentAction","name":"Comment","target":["https:\/\/medvegjasot.com\/?p=2068#respond"]}]},{"@type":"WebPage","@id":"https:\/\/medvegjasot.com\/?p=2068","url":"https:\/\/medvegjasot.com\/?p=2068","name":"ZYMER HAJRULLAHU ME VIZION T\u00cb QART\u00cb NDAJ VENDLINDJES DHE KULTUR\u00cbS MBI T\u00cb GJITHA HUMANIST - Medvegja Sot","isPartOf":{"@id":"https:\/\/medvegjasot.com\/#website"},"primaryImageOfPage":{"@id":"https:\/\/medvegjasot.com\/?p=2068#primaryimage"},"image":{"@id":"https:\/\/medvegjasot.com\/?p=2068#primaryimage"},"thumbnailUrl":"https:\/\/medvegjasot.com\/wp-content\/uploads\/2024\/08\/IMG_5163-scaled.jpeg","datePublished":"2024-08-16T07:03:57+00:00","dateModified":"2025-03-19T22:31:59+00:00","breadcrumb":{"@id":"https:\/\/medvegjasot.com\/?p=2068#breadcrumb"},"inLanguage":"en-US","potentialAction":[{"@type":"ReadAction","target":["https:\/\/medvegjasot.com\/?p=2068"]}]},{"@type":"ImageObject","inLanguage":"en-US","@id":"https:\/\/medvegjasot.com\/?p=2068#primaryimage","url":"https:\/\/medvegjasot.com\/wp-content\/uploads\/2024\/08\/IMG_5163-scaled.jpeg","contentUrl":"https:\/\/medvegjasot.com\/wp-content\/uploads\/2024\/08\/IMG_5163-scaled.jpeg","width":2560,"height":1440},{"@type":"BreadcrumbList","@id":"https:\/\/medvegjasot.com\/?p=2068#breadcrumb","itemListElement":[{"@type":"ListItem","position":1,"name":"Home","item":"https:\/\/medvegjasot.com\/"},{"@type":"ListItem","position":2,"name":"ZYMER HAJRULLAHU ME VIZION T\u00cb QART\u00cb NDAJ VENDLINDJES DHE KULTUR\u00cbS MBI T\u00cb GJITHA HUMANIST"}]},{"@type":"WebSite","@id":"https:\/\/medvegjasot.com\/#website","url":"https:\/\/medvegjasot.com\/","name":"Medvegja Sot","description":"Portal Lajmesh","publisher":{"@id":"https:\/\/medvegjasot.com\/#organization"},"alternateName":"MS","potentialAction":[{"@type":"SearchAction","target":{"@type":"EntryPoint","urlTemplate":"https:\/\/medvegjasot.com\/?s={search_term_string}"},"query-input":{"@type":"PropertyValueSpecification","valueRequired":true,"valueName":"search_term_string"}}],"inLanguage":"en-US"},{"@type":"Organization","@id":"https:\/\/medvegjasot.com\/#organization","name":"Medvegja Sot","alternateName":"MS","url":"https:\/\/medvegjasot.com\/","logo":{"@type":"ImageObject","inLanguage":"en-US","@id":"https:\/\/medvegjasot.com\/#\/schema\/logo\/image\/","url":"https:\/\/medvegjasot.com\/wp-content\/uploads\/2024\/08\/logo.png","contentUrl":"https:\/\/medvegjasot.com\/wp-content\/uploads\/2024\/08\/logo.png","width":500,"height":500,"caption":"Medvegja Sot"},"image":{"@id":"https:\/\/medvegjasot.com\/#\/schema\/logo\/image\/"},"sameAs":["https:\/\/www.facebook.com\/MedvegjaSot.com1"]},{"@type":"Person","@id":"https:\/\/medvegjasot.com\/#\/schema\/person\/f2be1a84f4e95d0cb032946a1cf2e594","name":"admin","image":{"@type":"ImageObject","inLanguage":"en-US","@id":"https:\/\/secure.gravatar.com\/avatar\/2eedc5259426225ddc6f98b4b6728c30418b83e6f70285719780d3518d972ece?s=96&d=mm&r=g","url":"https:\/\/secure.gravatar.com\/avatar\/2eedc5259426225ddc6f98b4b6728c30418b83e6f70285719780d3518d972ece?s=96&d=mm&r=g","contentUrl":"https:\/\/secure.gravatar.com\/avatar\/2eedc5259426225ddc6f98b4b6728c30418b83e6f70285719780d3518d972ece?s=96&d=mm&r=g","caption":"admin"},"url":"https:\/\/medvegjasot.com\/?author=2"}]}},"jetpack_featured_media_url":"https:\/\/medvegjasot.com\/wp-content\/uploads\/2024\/08\/IMG_5163-scaled.jpeg","_links":{"self":[{"href":"https:\/\/medvegjasot.com\/index.php?rest_route=\/wp\/v2\/posts\/2068","targetHints":{"allow":["GET"]}}],"collection":[{"href":"https:\/\/medvegjasot.com\/index.php?rest_route=\/wp\/v2\/posts"}],"about":[{"href":"https:\/\/medvegjasot.com\/index.php?rest_route=\/wp\/v2\/types\/post"}],"author":[{"embeddable":true,"href":"https:\/\/medvegjasot.com\/index.php?rest_route=\/wp\/v2\/users\/2"}],"replies":[{"embeddable":true,"href":"https:\/\/medvegjasot.com\/index.php?rest_route=%2Fwp%2Fv2%2Fcomments&post=2068"}],"version-history":[{"count":43,"href":"https:\/\/medvegjasot.com\/index.php?rest_route=\/wp\/v2\/posts\/2068\/revisions"}],"predecessor-version":[{"id":4466,"href":"https:\/\/medvegjasot.com\/index.php?rest_route=\/wp\/v2\/posts\/2068\/revisions\/4466"}],"wp:featuredmedia":[{"embeddable":true,"href":"https:\/\/medvegjasot.com\/index.php?rest_route=\/wp\/v2\/media\/2486"}],"wp:attachment":[{"href":"https:\/\/medvegjasot.com\/index.php?rest_route=%2Fwp%2Fv2%2Fmedia&parent=2068"}],"wp:term":[{"taxonomy":"category","embeddable":true,"href":"https:\/\/medvegjasot.com\/index.php?rest_route=%2Fwp%2Fv2%2Fcategories&post=2068"},{"taxonomy":"post_tag","embeddable":true,"href":"https:\/\/medvegjasot.com\/index.php?rest_route=%2Fwp%2Fv2%2Ftags&post=2068"}],"curies":[{"name":"wp","href":"https:\/\/api.w.org\/{rel}","templated":true}]}}