{"id":1931,"date":"2024-08-12T13:05:57","date_gmt":"2024-08-12T13:05:57","guid":{"rendered":"https:\/\/medvegjasot.com\/?p=1931"},"modified":"2024-08-12T16:22:39","modified_gmt":"2024-08-12T16:22:39","slug":"protesta-e-shqiptareve-te-lugines-kunder-diskriminimit-nga-beogradi","status":"publish","type":"post","link":"https:\/\/medvegjasot.com\/?p=1931","title":{"rendered":"Protesta e shqiptar\u00ebve t\u00eb Lugin\u00ebs kund\u00ebr diskriminimit nga Beogradi"},"content":{"rendered":"\n<p>Ka nisuar protesta e shqiptar\u00ebve t\u00eb Lugin\u00ebs s\u00eb Preshev\u00ebs, kund\u00ebr diskriminimit nga Beogradi.<\/p>\n\n\n\n<p>Protesta ka nisur me himnin komb\u00ebtar.<\/p>\n\n\n\n<p>Protestuesve u \u00ebsht\u00eb bashkuar edhe deputeti shqiptar n\u00eb Parlamentin e Serbis\u00eb, Shaip Kamberi.<\/p>\n\n\n\n<p><a><\/a>Protesta po mbahet n\u00eb Bujanoc.<\/p>\n\n\n\n<p>Protesta ishte paralajm\u00ebruar nga K\u00ebshilli Komb\u00ebtar Shqiptar n\u00eb Lugin\u00ebn e Preshev\u00ebs, si\u00e7 \u00ebsht\u00eb th\u00ebn\u00eb p\u00ebr shkak t\u00eb diskriminimit me pasivizimin e adresave nga Serbia.<\/p>\n\n\n\n<figure class=\"wp-block-image size-full\"><img fetchpriority=\"high\" decoding=\"async\" width=\"960\" height=\"642\" src=\"https:\/\/medvegjasot.com\/wp-content\/uploads\/2024\/08\/IMG_3898.jpeg\" alt=\"\" class=\"wp-image-1956\" srcset=\"https:\/\/medvegjasot.com\/wp-content\/uploads\/2024\/08\/IMG_3898.jpeg 960w, https:\/\/medvegjasot.com\/wp-content\/uploads\/2024\/08\/IMG_3898-300x200.jpeg 300w, https:\/\/medvegjasot.com\/wp-content\/uploads\/2024\/08\/IMG_3898-768x514.jpeg 768w, https:\/\/medvegjasot.com\/wp-content\/uploads\/2024\/08\/IMG_3898-600x400.jpeg 600w\" sizes=\"(max-width: 960px) 100vw, 960px\" \/><\/figure>\n\n\n\n<p>Jav\u00eb m\u00eb par\u00eb, Komisioni Evropian dhe Ministria e Pun\u00ebve t\u00eb Jashtme e Gjermanis\u00eb, shpreh\u00ebn shqet\u00ebsimin p\u00ebr pasivizimin e adresave t\u00eb shqiptar\u00ebve n\u00eb Lugin\u00ebn e Preshev\u00ebs nga autoritetet e Serbis\u00eb.<\/p>\n\n\n\n<figure class=\"wp-block-image size-full\"><img decoding=\"async\" width=\"960\" height=\"642\" src=\"https:\/\/medvegjasot.com\/wp-content\/uploads\/2024\/08\/IMG_3901.jpeg\" alt=\"\" class=\"wp-image-1957\" srcset=\"https:\/\/medvegjasot.com\/wp-content\/uploads\/2024\/08\/IMG_3901.jpeg 960w, https:\/\/medvegjasot.com\/wp-content\/uploads\/2024\/08\/IMG_3901-300x200.jpeg 300w, https:\/\/medvegjasot.com\/wp-content\/uploads\/2024\/08\/IMG_3901-768x514.jpeg 768w, https:\/\/medvegjasot.com\/wp-content\/uploads\/2024\/08\/IMG_3901-600x400.jpeg 600w\" sizes=\"(max-width: 960px) 100vw, 960px\" \/><\/figure>\n\n\n\n<p>Sipas Ministris\u00eb s\u00eb Pun\u00ebve t\u00eb Jashtme gjermane, kjo tendenc\u00eb e Serbis\u00eb bie ndesh me obligimet q\u00eb ka ky vend p\u00ebr respektimin e t\u00eb drejtave t\u00eb pakicave.<\/p>\n\n\n\n<figure class=\"wp-block-image size-full\"><img decoding=\"async\" width=\"960\" height=\"642\" src=\"https:\/\/medvegjasot.com\/wp-content\/uploads\/2024\/08\/IMG_3899.jpeg\" alt=\"\" class=\"wp-image-1958\" srcset=\"https:\/\/medvegjasot.com\/wp-content\/uploads\/2024\/08\/IMG_3899.jpeg 960w, https:\/\/medvegjasot.com\/wp-content\/uploads\/2024\/08\/IMG_3899-300x200.jpeg 300w, https:\/\/medvegjasot.com\/wp-content\/uploads\/2024\/08\/IMG_3899-768x514.jpeg 768w, https:\/\/medvegjasot.com\/wp-content\/uploads\/2024\/08\/IMG_3899-600x400.jpeg 600w\" sizes=\"(max-width: 960px) 100vw, 960px\" \/><\/figure>\n\n\n\n<p><\/p>\n\n\n\n<p>Sipas autoriteteve shqiptare n\u00eb Lugin\u00eb, deri m\u00eb tani jan\u00eb pasivizuar rreth 6.000 adresa n\u00eb Preshev\u00eb, Bujanoc dhe Medvegj\u00eb.<\/p>\n\n\n\n<p>N\u00eb regjistrimin e fundit t\u00eb popullsis\u00eb n\u00eb Serbi, kan\u00eb dal\u00eb rreth 62 mij\u00eb shqiptar\u00eb. \/SYRINET\/<\/p>\n\n\n\n<figure class=\"wp-block-image size-large\"><img loading=\"lazy\" decoding=\"async\" width=\"1024\" height=\"768\" src=\"https:\/\/medvegjasot.com\/wp-content\/uploads\/2024\/08\/454751409_1033804542084325_3041117605872389283_n-1024x768.jpg\" alt=\"\" class=\"wp-image-1933\" srcset=\"https:\/\/medvegjasot.com\/wp-content\/uploads\/2024\/08\/454751409_1033804542084325_3041117605872389283_n-1024x768.jpg 1024w, https:\/\/medvegjasot.com\/wp-content\/uploads\/2024\/08\/454751409_1033804542084325_3041117605872389283_n-300x225.jpg 300w, https:\/\/medvegjasot.com\/wp-content\/uploads\/2024\/08\/454751409_1033804542084325_3041117605872389283_n-768x576.jpg 768w, https:\/\/medvegjasot.com\/wp-content\/uploads\/2024\/08\/454751409_1033804542084325_3041117605872389283_n-1536x1152.jpg 1536w, https:\/\/medvegjasot.com\/wp-content\/uploads\/2024\/08\/454751409_1033804542084325_3041117605872389283_n.jpg 2048w\" sizes=\"(max-width: 1024px) 100vw, 1024px\" \/><\/figure>\n\n\n\n<p>Ka p\u00ebrfunduar protesta e shqiptar\u00ebve n\u00eb Bujanoc, me nj\u00eb deklarat\u00eb kolektive p\u00ebrmes s\u00ebcil\u00ebs i k\u00ebrkohet autoriteteve n\u00eb Beograd t\u00eb ndalojn\u00eb shtypjen e shqiptar\u00ebve. N\u00eb dekalarat\u00eb p\u00ebrmenden t\u00eb gjitha shqet\u00ebsimet e shqiptar\u00ebve t\u00eb Lugin\u00ebs!<\/p>\n\n\n\n<figure class=\"wp-block-image size-large\"><img loading=\"lazy\" decoding=\"async\" width=\"1024\" height=\"768\" src=\"https:\/\/medvegjasot.com\/wp-content\/uploads\/2024\/08\/455044697_1033804592084320_6678165353089285303_n-1024x768.jpg\" alt=\"\" class=\"wp-image-1935\" srcset=\"https:\/\/medvegjasot.com\/wp-content\/uploads\/2024\/08\/455044697_1033804592084320_6678165353089285303_n-1024x768.jpg 1024w, https:\/\/medvegjasot.com\/wp-content\/uploads\/2024\/08\/455044697_1033804592084320_6678165353089285303_n-300x225.jpg 300w, https:\/\/medvegjasot.com\/wp-content\/uploads\/2024\/08\/455044697_1033804592084320_6678165353089285303_n-768x576.jpg 768w, https:\/\/medvegjasot.com\/wp-content\/uploads\/2024\/08\/455044697_1033804592084320_6678165353089285303_n-1536x1152.jpg 1536w, https:\/\/medvegjasot.com\/wp-content\/uploads\/2024\/08\/455044697_1033804592084320_6678165353089285303_n.jpg 2048w\" sizes=\"(max-width: 1024px) 100vw, 1024px\" \/><\/figure>\n\n\n\n<figure class=\"wp-block-image size-large\"><img loading=\"lazy\" decoding=\"async\" width=\"1024\" height=\"768\" src=\"https:\/\/medvegjasot.com\/wp-content\/uploads\/2024\/08\/454639276_1033811065417006_5295898105441869088_n-1024x768.jpg\" alt=\"\" class=\"wp-image-1938\" srcset=\"https:\/\/medvegjasot.com\/wp-content\/uploads\/2024\/08\/454639276_1033811065417006_5295898105441869088_n-1024x768.jpg 1024w, https:\/\/medvegjasot.com\/wp-content\/uploads\/2024\/08\/454639276_1033811065417006_5295898105441869088_n-300x225.jpg 300w, https:\/\/medvegjasot.com\/wp-content\/uploads\/2024\/08\/454639276_1033811065417006_5295898105441869088_n-768x576.jpg 768w, https:\/\/medvegjasot.com\/wp-content\/uploads\/2024\/08\/454639276_1033811065417006_5295898105441869088_n-1536x1152.jpg 1536w, https:\/\/medvegjasot.com\/wp-content\/uploads\/2024\/08\/454639276_1033811065417006_5295898105441869088_n.jpg 1920w\" sizes=\"(max-width: 1024px) 100vw, 1024px\" \/><\/figure>\n","protected":false},"excerpt":{"rendered":"<p>Ka nisuar protesta e shqiptar\u00ebve t\u00eb Lugin\u00ebs s\u00eb Preshev\u00ebs, kund\u00ebr diskriminimit nga Beogradi. Protesta ka nisur me himnin komb\u00ebtar. Protestuesve u \u00ebsht\u00eb bashkuar edhe deputeti shqiptar n\u00eb Parlamentin e Serbis\u00eb, Shaip Kamberi. Protesta po mbahet n\u00eb Bujanoc. Protesta ishte paralajm\u00ebruar nga K\u00ebshilli Komb\u00ebtar Shqiptar n\u00eb Lugin\u00ebn e Preshev\u00ebs, si\u00e7 \u00ebsht\u00eb th\u00ebn\u00eb p\u00ebr shkak t\u00eb diskriminimit&#8230;<\/p>\n","protected":false},"author":2,"featured_media":1932,"comment_status":"open","ping_status":"open","sticky":false,"template":"","format":"standard","meta":{"_coblocks_attr":"","_coblocks_dimensions":"","_coblocks_responsive_height":"","_coblocks_accordion_ie_support":"","_monsterinsights_skip_tracking":false,"_monsterinsights_sitenote_active":false,"_monsterinsights_sitenote_note":"","_monsterinsights_sitenote_category":0,"footnotes":""},"categories":[14],"tags":[],"class_list":["post-1931","post","type-post","status-publish","format-standard","has-post-thumbnail","hentry","category-lajme"],"yoast_head":"<!-- This site is optimized with the Yoast SEO plugin v27.5 - https:\/\/yoast.com\/product\/yoast-seo-wordpress\/ -->\n<title>Protesta e shqiptar\u00ebve t\u00eb Lugin\u00ebs kund\u00ebr diskriminimit nga Beogradi - Medvegja Sot<\/title>\n<meta name=\"robots\" content=\"index, follow, max-snippet:-1, max-image-preview:large, max-video-preview:-1\" \/>\n<link rel=\"canonical\" href=\"https:\/\/medvegjasot.com\/?p=1931\" \/>\n<meta property=\"og:locale\" content=\"en_US\" \/>\n<meta property=\"og:type\" content=\"article\" \/>\n<meta property=\"og:title\" content=\"Protesta e shqiptar\u00ebve t\u00eb Lugin\u00ebs kund\u00ebr diskriminimit nga Beogradi - Medvegja Sot\" \/>\n<meta property=\"og:description\" content=\"Ka nisuar protesta e shqiptar\u00ebve t\u00eb Lugin\u00ebs s\u00eb Preshev\u00ebs, kund\u00ebr diskriminimit nga Beogradi. Protesta ka nisur me himnin komb\u00ebtar. Protestuesve u \u00ebsht\u00eb bashkuar edhe deputeti shqiptar n\u00eb Parlamentin e Serbis\u00eb, Shaip Kamberi. Protesta po mbahet n\u00eb Bujanoc. Protesta ishte paralajm\u00ebruar nga K\u00ebshilli Komb\u00ebtar Shqiptar n\u00eb Lugin\u00ebn e Preshev\u00ebs, si\u00e7 \u00ebsht\u00eb th\u00ebn\u00eb p\u00ebr shkak t\u00eb diskriminimit...\" \/>\n<meta property=\"og:url\" content=\"https:\/\/medvegjasot.com\/?p=1931\" \/>\n<meta property=\"og:site_name\" content=\"Medvegja Sot\" \/>\n<meta property=\"article:publisher\" content=\"https:\/\/www.facebook.com\/MedvegjaSot.com1\" \/>\n<meta property=\"article:published_time\" content=\"2024-08-12T13:05:57+00:00\" \/>\n<meta property=\"article:modified_time\" content=\"2024-08-12T16:22:39+00:00\" \/>\n<meta property=\"og:image\" content=\"https:\/\/medvegjasot.com\/wp-content\/uploads\/2024\/08\/454859187_1033804555417657_6801731944418071734_n.jpg\" \/>\n\t<meta property=\"og:image:width\" content=\"1920\" \/>\n\t<meta property=\"og:image:height\" content=\"1440\" \/>\n\t<meta property=\"og:image:type\" content=\"image\/jpeg\" \/>\n<meta name=\"author\" content=\"admin\" \/>\n<meta name=\"twitter:card\" content=\"summary_large_image\" \/>\n<meta name=\"twitter:label1\" content=\"Written by\" \/>\n\t<meta name=\"twitter:data1\" content=\"admin\" \/>\n\t<meta name=\"twitter:label2\" content=\"Est. reading time\" \/>\n\t<meta name=\"twitter:data2\" content=\"3 minutes\" \/>\n<script type=\"application\/ld+json\" class=\"yoast-schema-graph\">{\"@context\":\"https:\\\/\\\/schema.org\",\"@graph\":[{\"@type\":\"Article\",\"@id\":\"https:\\\/\\\/medvegjasot.com\\\/?p=1931#article\",\"isPartOf\":{\"@id\":\"https:\\\/\\\/medvegjasot.com\\\/?p=1931\"},\"author\":{\"name\":\"admin\",\"@id\":\"https:\\\/\\\/medvegjasot.com\\\/#\\\/schema\\\/person\\\/f2be1a84f4e95d0cb032946a1cf2e594\"},\"headline\":\"Protesta e shqiptar\u00ebve t\u00eb Lugin\u00ebs kund\u00ebr diskriminimit nga Beogradi\",\"datePublished\":\"2024-08-12T13:05:57+00:00\",\"dateModified\":\"2024-08-12T16:22:39+00:00\",\"mainEntityOfPage\":{\"@id\":\"https:\\\/\\\/medvegjasot.com\\\/?p=1931\"},\"wordCount\":224,\"commentCount\":0,\"publisher\":{\"@id\":\"https:\\\/\\\/medvegjasot.com\\\/#organization\"},\"image\":{\"@id\":\"https:\\\/\\\/medvegjasot.com\\\/?p=1931#primaryimage\"},\"thumbnailUrl\":\"https:\\\/\\\/medvegjasot.com\\\/wp-content\\\/uploads\\\/2024\\\/08\\\/454859187_1033804555417657_6801731944418071734_n.jpg\",\"articleSection\":[\"LAJME\"],\"inLanguage\":\"en-US\",\"potentialAction\":[{\"@type\":\"CommentAction\",\"name\":\"Comment\",\"target\":[\"https:\\\/\\\/medvegjasot.com\\\/?p=1931#respond\"]}]},{\"@type\":\"WebPage\",\"@id\":\"https:\\\/\\\/medvegjasot.com\\\/?p=1931\",\"url\":\"https:\\\/\\\/medvegjasot.com\\\/?p=1931\",\"name\":\"Protesta e shqiptar\u00ebve t\u00eb Lugin\u00ebs kund\u00ebr diskriminimit nga Beogradi - Medvegja Sot\",\"isPartOf\":{\"@id\":\"https:\\\/\\\/medvegjasot.com\\\/#website\"},\"primaryImageOfPage\":{\"@id\":\"https:\\\/\\\/medvegjasot.com\\\/?p=1931#primaryimage\"},\"image\":{\"@id\":\"https:\\\/\\\/medvegjasot.com\\\/?p=1931#primaryimage\"},\"thumbnailUrl\":\"https:\\\/\\\/medvegjasot.com\\\/wp-content\\\/uploads\\\/2024\\\/08\\\/454859187_1033804555417657_6801731944418071734_n.jpg\",\"datePublished\":\"2024-08-12T13:05:57+00:00\",\"dateModified\":\"2024-08-12T16:22:39+00:00\",\"breadcrumb\":{\"@id\":\"https:\\\/\\\/medvegjasot.com\\\/?p=1931#breadcrumb\"},\"inLanguage\":\"en-US\",\"potentialAction\":[{\"@type\":\"ReadAction\",\"target\":[\"https:\\\/\\\/medvegjasot.com\\\/?p=1931\"]}]},{\"@type\":\"ImageObject\",\"inLanguage\":\"en-US\",\"@id\":\"https:\\\/\\\/medvegjasot.com\\\/?p=1931#primaryimage\",\"url\":\"https:\\\/\\\/medvegjasot.com\\\/wp-content\\\/uploads\\\/2024\\\/08\\\/454859187_1033804555417657_6801731944418071734_n.jpg\",\"contentUrl\":\"https:\\\/\\\/medvegjasot.com\\\/wp-content\\\/uploads\\\/2024\\\/08\\\/454859187_1033804555417657_6801731944418071734_n.jpg\",\"width\":1920,\"height\":1440},{\"@type\":\"BreadcrumbList\",\"@id\":\"https:\\\/\\\/medvegjasot.com\\\/?p=1931#breadcrumb\",\"itemListElement\":[{\"@type\":\"ListItem\",\"position\":1,\"name\":\"Home\",\"item\":\"https:\\\/\\\/medvegjasot.com\\\/\"},{\"@type\":\"ListItem\",\"position\":2,\"name\":\"Protesta e shqiptar\u00ebve t\u00eb Lugin\u00ebs kund\u00ebr diskriminimit nga Beogradi\"}]},{\"@type\":\"WebSite\",\"@id\":\"https:\\\/\\\/medvegjasot.com\\\/#website\",\"url\":\"https:\\\/\\\/medvegjasot.com\\\/\",\"name\":\"Medvegja Sot\",\"description\":\"Portal Lajmesh\",\"publisher\":{\"@id\":\"https:\\\/\\\/medvegjasot.com\\\/#organization\"},\"alternateName\":\"MS\",\"potentialAction\":[{\"@type\":\"SearchAction\",\"target\":{\"@type\":\"EntryPoint\",\"urlTemplate\":\"https:\\\/\\\/medvegjasot.com\\\/?s={search_term_string}\"},\"query-input\":{\"@type\":\"PropertyValueSpecification\",\"valueRequired\":true,\"valueName\":\"search_term_string\"}}],\"inLanguage\":\"en-US\"},{\"@type\":\"Organization\",\"@id\":\"https:\\\/\\\/medvegjasot.com\\\/#organization\",\"name\":\"Medvegja Sot\",\"alternateName\":\"MS\",\"url\":\"https:\\\/\\\/medvegjasot.com\\\/\",\"logo\":{\"@type\":\"ImageObject\",\"inLanguage\":\"en-US\",\"@id\":\"https:\\\/\\\/medvegjasot.com\\\/#\\\/schema\\\/logo\\\/image\\\/\",\"url\":\"https:\\\/\\\/medvegjasot.com\\\/wp-content\\\/uploads\\\/2024\\\/08\\\/logo.png\",\"contentUrl\":\"https:\\\/\\\/medvegjasot.com\\\/wp-content\\\/uploads\\\/2024\\\/08\\\/logo.png\",\"width\":500,\"height\":500,\"caption\":\"Medvegja Sot\"},\"image\":{\"@id\":\"https:\\\/\\\/medvegjasot.com\\\/#\\\/schema\\\/logo\\\/image\\\/\"},\"sameAs\":[\"https:\\\/\\\/www.facebook.com\\\/MedvegjaSot.com1\"]},{\"@type\":\"Person\",\"@id\":\"https:\\\/\\\/medvegjasot.com\\\/#\\\/schema\\\/person\\\/f2be1a84f4e95d0cb032946a1cf2e594\",\"name\":\"admin\",\"image\":{\"@type\":\"ImageObject\",\"inLanguage\":\"en-US\",\"@id\":\"https:\\\/\\\/secure.gravatar.com\\\/avatar\\\/2eedc5259426225ddc6f98b4b6728c30418b83e6f70285719780d3518d972ece?s=96&d=mm&r=g\",\"url\":\"https:\\\/\\\/secure.gravatar.com\\\/avatar\\\/2eedc5259426225ddc6f98b4b6728c30418b83e6f70285719780d3518d972ece?s=96&d=mm&r=g\",\"contentUrl\":\"https:\\\/\\\/secure.gravatar.com\\\/avatar\\\/2eedc5259426225ddc6f98b4b6728c30418b83e6f70285719780d3518d972ece?s=96&d=mm&r=g\",\"caption\":\"admin\"},\"url\":\"https:\\\/\\\/medvegjasot.com\\\/?author=2\"}]}<\/script>\n<!-- \/ Yoast SEO plugin. -->","yoast_head_json":{"title":"Protesta e shqiptar\u00ebve t\u00eb Lugin\u00ebs kund\u00ebr diskriminimit nga Beogradi - Medvegja Sot","robots":{"index":"index","follow":"follow","max-snippet":"max-snippet:-1","max-image-preview":"max-image-preview:large","max-video-preview":"max-video-preview:-1"},"canonical":"https:\/\/medvegjasot.com\/?p=1931","og_locale":"en_US","og_type":"article","og_title":"Protesta e shqiptar\u00ebve t\u00eb Lugin\u00ebs kund\u00ebr diskriminimit nga Beogradi - Medvegja Sot","og_description":"Ka nisuar protesta e shqiptar\u00ebve t\u00eb Lugin\u00ebs s\u00eb Preshev\u00ebs, kund\u00ebr diskriminimit nga Beogradi. Protesta ka nisur me himnin komb\u00ebtar. Protestuesve u \u00ebsht\u00eb bashkuar edhe deputeti shqiptar n\u00eb Parlamentin e Serbis\u00eb, Shaip Kamberi. Protesta po mbahet n\u00eb Bujanoc. Protesta ishte paralajm\u00ebruar nga K\u00ebshilli Komb\u00ebtar Shqiptar n\u00eb Lugin\u00ebn e Preshev\u00ebs, si\u00e7 \u00ebsht\u00eb th\u00ebn\u00eb p\u00ebr shkak t\u00eb diskriminimit...","og_url":"https:\/\/medvegjasot.com\/?p=1931","og_site_name":"Medvegja Sot","article_publisher":"https:\/\/www.facebook.com\/MedvegjaSot.com1","article_published_time":"2024-08-12T13:05:57+00:00","article_modified_time":"2024-08-12T16:22:39+00:00","og_image":[{"width":1920,"height":1440,"url":"https:\/\/medvegjasot.com\/wp-content\/uploads\/2024\/08\/454859187_1033804555417657_6801731944418071734_n.jpg","type":"image\/jpeg"}],"author":"admin","twitter_card":"summary_large_image","twitter_misc":{"Written by":"admin","Est. reading time":"3 minutes"},"schema":{"@context":"https:\/\/schema.org","@graph":[{"@type":"Article","@id":"https:\/\/medvegjasot.com\/?p=1931#article","isPartOf":{"@id":"https:\/\/medvegjasot.com\/?p=1931"},"author":{"name":"admin","@id":"https:\/\/medvegjasot.com\/#\/schema\/person\/f2be1a84f4e95d0cb032946a1cf2e594"},"headline":"Protesta e shqiptar\u00ebve t\u00eb Lugin\u00ebs kund\u00ebr diskriminimit nga Beogradi","datePublished":"2024-08-12T13:05:57+00:00","dateModified":"2024-08-12T16:22:39+00:00","mainEntityOfPage":{"@id":"https:\/\/medvegjasot.com\/?p=1931"},"wordCount":224,"commentCount":0,"publisher":{"@id":"https:\/\/medvegjasot.com\/#organization"},"image":{"@id":"https:\/\/medvegjasot.com\/?p=1931#primaryimage"},"thumbnailUrl":"https:\/\/medvegjasot.com\/wp-content\/uploads\/2024\/08\/454859187_1033804555417657_6801731944418071734_n.jpg","articleSection":["LAJME"],"inLanguage":"en-US","potentialAction":[{"@type":"CommentAction","name":"Comment","target":["https:\/\/medvegjasot.com\/?p=1931#respond"]}]},{"@type":"WebPage","@id":"https:\/\/medvegjasot.com\/?p=1931","url":"https:\/\/medvegjasot.com\/?p=1931","name":"Protesta e shqiptar\u00ebve t\u00eb Lugin\u00ebs kund\u00ebr diskriminimit nga Beogradi - Medvegja Sot","isPartOf":{"@id":"https:\/\/medvegjasot.com\/#website"},"primaryImageOfPage":{"@id":"https:\/\/medvegjasot.com\/?p=1931#primaryimage"},"image":{"@id":"https:\/\/medvegjasot.com\/?p=1931#primaryimage"},"thumbnailUrl":"https:\/\/medvegjasot.com\/wp-content\/uploads\/2024\/08\/454859187_1033804555417657_6801731944418071734_n.jpg","datePublished":"2024-08-12T13:05:57+00:00","dateModified":"2024-08-12T16:22:39+00:00","breadcrumb":{"@id":"https:\/\/medvegjasot.com\/?p=1931#breadcrumb"},"inLanguage":"en-US","potentialAction":[{"@type":"ReadAction","target":["https:\/\/medvegjasot.com\/?p=1931"]}]},{"@type":"ImageObject","inLanguage":"en-US","@id":"https:\/\/medvegjasot.com\/?p=1931#primaryimage","url":"https:\/\/medvegjasot.com\/wp-content\/uploads\/2024\/08\/454859187_1033804555417657_6801731944418071734_n.jpg","contentUrl":"https:\/\/medvegjasot.com\/wp-content\/uploads\/2024\/08\/454859187_1033804555417657_6801731944418071734_n.jpg","width":1920,"height":1440},{"@type":"BreadcrumbList","@id":"https:\/\/medvegjasot.com\/?p=1931#breadcrumb","itemListElement":[{"@type":"ListItem","position":1,"name":"Home","item":"https:\/\/medvegjasot.com\/"},{"@type":"ListItem","position":2,"name":"Protesta e shqiptar\u00ebve t\u00eb Lugin\u00ebs kund\u00ebr diskriminimit nga Beogradi"}]},{"@type":"WebSite","@id":"https:\/\/medvegjasot.com\/#website","url":"https:\/\/medvegjasot.com\/","name":"Medvegja Sot","description":"Portal Lajmesh","publisher":{"@id":"https:\/\/medvegjasot.com\/#organization"},"alternateName":"MS","potentialAction":[{"@type":"SearchAction","target":{"@type":"EntryPoint","urlTemplate":"https:\/\/medvegjasot.com\/?s={search_term_string}"},"query-input":{"@type":"PropertyValueSpecification","valueRequired":true,"valueName":"search_term_string"}}],"inLanguage":"en-US"},{"@type":"Organization","@id":"https:\/\/medvegjasot.com\/#organization","name":"Medvegja Sot","alternateName":"MS","url":"https:\/\/medvegjasot.com\/","logo":{"@type":"ImageObject","inLanguage":"en-US","@id":"https:\/\/medvegjasot.com\/#\/schema\/logo\/image\/","url":"https:\/\/medvegjasot.com\/wp-content\/uploads\/2024\/08\/logo.png","contentUrl":"https:\/\/medvegjasot.com\/wp-content\/uploads\/2024\/08\/logo.png","width":500,"height":500,"caption":"Medvegja Sot"},"image":{"@id":"https:\/\/medvegjasot.com\/#\/schema\/logo\/image\/"},"sameAs":["https:\/\/www.facebook.com\/MedvegjaSot.com1"]},{"@type":"Person","@id":"https:\/\/medvegjasot.com\/#\/schema\/person\/f2be1a84f4e95d0cb032946a1cf2e594","name":"admin","image":{"@type":"ImageObject","inLanguage":"en-US","@id":"https:\/\/secure.gravatar.com\/avatar\/2eedc5259426225ddc6f98b4b6728c30418b83e6f70285719780d3518d972ece?s=96&d=mm&r=g","url":"https:\/\/secure.gravatar.com\/avatar\/2eedc5259426225ddc6f98b4b6728c30418b83e6f70285719780d3518d972ece?s=96&d=mm&r=g","contentUrl":"https:\/\/secure.gravatar.com\/avatar\/2eedc5259426225ddc6f98b4b6728c30418b83e6f70285719780d3518d972ece?s=96&d=mm&r=g","caption":"admin"},"url":"https:\/\/medvegjasot.com\/?author=2"}]}},"jetpack_featured_media_url":"https:\/\/medvegjasot.com\/wp-content\/uploads\/2024\/08\/454859187_1033804555417657_6801731944418071734_n.jpg","_links":{"self":[{"href":"https:\/\/medvegjasot.com\/index.php?rest_route=\/wp\/v2\/posts\/1931","targetHints":{"allow":["GET"]}}],"collection":[{"href":"https:\/\/medvegjasot.com\/index.php?rest_route=\/wp\/v2\/posts"}],"about":[{"href":"https:\/\/medvegjasot.com\/index.php?rest_route=\/wp\/v2\/types\/post"}],"author":[{"embeddable":true,"href":"https:\/\/medvegjasot.com\/index.php?rest_route=\/wp\/v2\/users\/2"}],"replies":[{"embeddable":true,"href":"https:\/\/medvegjasot.com\/index.php?rest_route=%2Fwp%2Fv2%2Fcomments&post=1931"}],"version-history":[{"count":3,"href":"https:\/\/medvegjasot.com\/index.php?rest_route=\/wp\/v2\/posts\/1931\/revisions"}],"predecessor-version":[{"id":1959,"href":"https:\/\/medvegjasot.com\/index.php?rest_route=\/wp\/v2\/posts\/1931\/revisions\/1959"}],"wp:featuredmedia":[{"embeddable":true,"href":"https:\/\/medvegjasot.com\/index.php?rest_route=\/wp\/v2\/media\/1932"}],"wp:attachment":[{"href":"https:\/\/medvegjasot.com\/index.php?rest_route=%2Fwp%2Fv2%2Fmedia&parent=1931"}],"wp:term":[{"taxonomy":"category","embeddable":true,"href":"https:\/\/medvegjasot.com\/index.php?rest_route=%2Fwp%2Fv2%2Fcategories&post=1931"},{"taxonomy":"post_tag","embeddable":true,"href":"https:\/\/medvegjasot.com\/index.php?rest_route=%2Fwp%2Fv2%2Ftags&post=1931"}],"curies":[{"name":"wp","href":"https:\/\/api.w.org\/{rel}","templated":true}]}}